{"id":127,"date":"2025-07-14T17:50:13","date_gmt":"2025-07-14T16:50:13","guid":{"rendered":"http:\/\/madalenavidigal.pt\/atlas-suzanne-daveu-copy-copy\/"},"modified":"2025-09-06T12:43:15","modified_gmt":"2025-09-06T11:43:15","slug":"mapa-da-arquitectura","status":"publish","type":"post","link":"http:\/\/madalenavidigal.pt\/en\/mapa-da-arquitectura\/","title":{"rendered":"Architectural Map"},"content":{"rendered":"\n<p>Welcome to WordPress. This is your first post. Edit or delete it, then start writing!<\/p>\n","protected":false},"excerpt":{"rendered":"<p>Welcome to WordPress. This is your first post. Edit or delete it, then start writing!<\/p>\n","protected":false},"author":1,"featured_media":234,"comment_status":"closed","ping_status":"closed","sticky":false,"template":"","format":"standard","meta":[],"categories":[1],"tags":[6,5],"class_list":["post-127","post","type-post","status-publish","has-post-thumbnail","hentry","category-work","tag-publication","tag-studies"],"yoast_head":"<!-- This site is optimized with the Yoast SEO plugin v27.5 - https:\/\/yoast.com\/product\/yoast-seo-wordpress\/ -->\n<title>Architectural Map &#8212; Madalena Vidigal<\/title>\n<meta name=\"description\" content=\"Architectural Map emerges as a proposal for mapping the work of Rui Goes Ferreira (1926-1978) and as a starting point for the architectural mapping of Madeira. It aims to activate the role that past architectural works can play in reflecting on and transforming contemporary cities.\" \/>\n<meta name=\"robots\" content=\"index, follow, max-snippet:-1, max-image-preview:large, max-video-preview:-1\" \/>\n<link rel=\"canonical\" href=\"http:\/\/madalenavidigal.pt\/en\/mapa-da-arquitectura\/\" \/>\n<meta property=\"og:locale\" content=\"en_US\" \/>\n<meta property=\"og:type\" content=\"article\" \/>\n<meta property=\"og:title\" content=\"Architectural Map &#8212; Madalena Vidigal\" \/>\n<meta property=\"og:description\" content=\"Architectural Map emerges as a proposal for mapping the work of Rui Goes Ferreira (1926-1978) and as a starting point for the architectural mapping of Madeira. It aims to activate the role that past architectural works can play in reflecting on and transforming contemporary cities.\" \/>\n<meta property=\"og:url\" content=\"http:\/\/madalenavidigal.pt\/en\/mapa-da-arquitectura\/\" \/>\n<meta property=\"og:site_name\" content=\"Madalena Vidigal\" \/>\n<meta property=\"article:publisher\" content=\"https:\/\/www.facebook.com\/madalena.v.vieira\/\" \/>\n<meta property=\"article:author\" content=\"https:\/\/www.facebook.com\/madalena.v.vieira\/\" \/>\n<meta property=\"article:published_time\" content=\"2025-07-14T16:50:13+00:00\" \/>\n<meta property=\"article:modified_time\" content=\"2025-09-06T11:43:15+00:00\" \/>\n<meta property=\"og:image\" content=\"http:\/\/madalenavidigal.pt\/wp-content\/uploads\/2025\/07\/dg655280.jpg\" \/>\n\t<meta property=\"og:image:width\" content=\"1920\" \/>\n\t<meta property=\"og:image:height\" content=\"1280\" \/>\n\t<meta property=\"og:image:type\" content=\"image\/jpeg\" \/>\n<meta name=\"author\" content=\"admin8128\" \/>\n<meta name=\"twitter:card\" content=\"summary_large_image\" \/>\n<meta name=\"twitter:label1\" content=\"Written by\" \/>\n\t<meta name=\"twitter:data1\" content=\"admin8128\" \/>\n\t<meta name=\"twitter:label2\" content=\"Est. reading time\" \/>\n\t<meta name=\"twitter:data2\" content=\"5 minutes\" \/>\n<script type=\"application\/ld+json\" class=\"yoast-schema-graph\">{\"@context\":\"https:\\\/\\\/schema.org\",\"@graph\":[{\"@type\":\"Article\",\"@id\":\"http:\\\/\\\/madalenavidigal.pt\\\/en\\\/mapa-da-arquitectura\\\/#article\",\"isPartOf\":{\"@id\":\"http:\\\/\\\/madalenavidigal.pt\\\/en\\\/mapa-da-arquitectura\\\/\"},\"author\":{\"name\":\"admin8128\",\"@id\":\"http:\\\/\\\/madalenavidigal.pt\\\/en\\\/#\\\/schema\\\/person\\\/9a2f0ddf8d19d3e08eefd815a1444fdb\"},\"headline\":\"Architectural Map\",\"datePublished\":\"2025-07-14T16:50:13+00:00\",\"dateModified\":\"2025-09-06T11:43:15+00:00\",\"mainEntityOfPage\":{\"@id\":\"http:\\\/\\\/madalenavidigal.pt\\\/en\\\/mapa-da-arquitectura\\\/\"},\"wordCount\":22,\"publisher\":{\"@id\":\"http:\\\/\\\/madalenavidigal.pt\\\/en\\\/#\\\/schema\\\/person\\\/9a2f0ddf8d19d3e08eefd815a1444fdb\"},\"image\":{\"@id\":\"http:\\\/\\\/madalenavidigal.pt\\\/en\\\/mapa-da-arquitectura\\\/#primaryimage\"},\"thumbnailUrl\":\"http:\\\/\\\/madalenavidigal.pt\\\/wp-content\\\/uploads\\\/2025\\\/07\\\/dg655280.jpg\",\"keywords\":[\"Publication\",\"Studies\"],\"articleSection\":[\"Work\"],\"inLanguage\":\"en-US\"},{\"@type\":\"WebPage\",\"@id\":\"http:\\\/\\\/madalenavidigal.pt\\\/en\\\/mapa-da-arquitectura\\\/\",\"url\":\"http:\\\/\\\/madalenavidigal.pt\\\/en\\\/mapa-da-arquitectura\\\/\",\"name\":\"Architectural Map &#8212; Madalena Vidigal\",\"isPartOf\":{\"@id\":\"http:\\\/\\\/madalenavidigal.pt\\\/en\\\/#website\"},\"primaryImageOfPage\":{\"@id\":\"http:\\\/\\\/madalenavidigal.pt\\\/en\\\/mapa-da-arquitectura\\\/#primaryimage\"},\"image\":{\"@id\":\"http:\\\/\\\/madalenavidigal.pt\\\/en\\\/mapa-da-arquitectura\\\/#primaryimage\"},\"thumbnailUrl\":\"http:\\\/\\\/madalenavidigal.pt\\\/wp-content\\\/uploads\\\/2025\\\/07\\\/dg655280.jpg\",\"datePublished\":\"2025-07-14T16:50:13+00:00\",\"dateModified\":\"2025-09-06T11:43:15+00:00\",\"description\":\"Architectural Map emerges as a proposal for mapping the work of Rui Goes Ferreira (1926-1978) and as a starting point for the architectural mapping of Madeira. It aims to activate the role that past architectural works can play in reflecting on and transforming contemporary cities.\",\"breadcrumb\":{\"@id\":\"http:\\\/\\\/madalenavidigal.pt\\\/en\\\/mapa-da-arquitectura\\\/#breadcrumb\"},\"inLanguage\":\"en-US\",\"potentialAction\":[{\"@type\":\"ReadAction\",\"target\":[[\"http:\\\/\\\/madalenavidigal.pt\\\/en\\\/mapa-da-arquitectura\\\/\"]]}]},{\"@type\":\"ImageObject\",\"inLanguage\":\"en-US\",\"@id\":\"http:\\\/\\\/madalenavidigal.pt\\\/en\\\/mapa-da-arquitectura\\\/#primaryimage\",\"url\":\"http:\\\/\\\/madalenavidigal.pt\\\/wp-content\\\/uploads\\\/2025\\\/07\\\/dg655280.jpg\",\"contentUrl\":\"http:\\\/\\\/madalenavidigal.pt\\\/wp-content\\\/uploads\\\/2025\\\/07\\\/dg655280.jpg\",\"width\":1920,\"height\":1280},{\"@type\":\"BreadcrumbList\",\"@id\":\"http:\\\/\\\/madalenavidigal.pt\\\/en\\\/mapa-da-arquitectura\\\/#breadcrumb\",\"itemListElement\":[{\"@type\":\"ListItem\",\"position\":1,\"name\":\"In\u00edcio\",\"item\":\"http:\\\/\\\/madalenavidigal.pt\\\/en\\\/\"},{\"@type\":\"ListItem\",\"position\":2,\"name\":\"Architectural Map\"}]},{\"@type\":\"WebSite\",\"@id\":\"http:\\\/\\\/madalenavidigal.pt\\\/en\\\/#website\",\"url\":\"http:\\\/\\\/madalenavidigal.pt\\\/en\\\/\",\"name\":\"Madalena Vidigal | Architect & Independent Researcher\",\"description\":\"Architect and independent researcher based in Portugal. Exploring legacy, communality &amp; sufficiency through collaborative projects, exhibitions &amp; ecological building.\",\"publisher\":{\"@id\":\"http:\\\/\\\/madalenavidigal.pt\\\/en\\\/#\\\/schema\\\/person\\\/9a2f0ddf8d19d3e08eefd815a1444fdb\"},\"potentialAction\":[{\"@type\":\"SearchAction\",\"target\":{\"@type\":\"EntryPoint\",\"urlTemplate\":\"http:\\\/\\\/madalenavidigal.pt\\\/en\\\/?s={search_term_string}\"},\"query-input\":{\"@type\":\"PropertyValueSpecification\",\"valueRequired\":true,\"valueName\":\"search_term_string\"}}],\"inLanguage\":\"en-US\"},{\"@type\":[\"Person\",\"Organization\"],\"@id\":\"http:\\\/\\\/madalenavidigal.pt\\\/en\\\/#\\\/schema\\\/person\\\/9a2f0ddf8d19d3e08eefd815a1444fdb\",\"name\":\"admin8128\",\"image\":{\"@type\":\"ImageObject\",\"inLanguage\":\"en-US\",\"@id\":\"http:\\\/\\\/madalenavidigal.pt\\\/wp-content\\\/uploads\\\/2025\\\/06\\\/Madalena-Vidigal-Portrait.jpg\",\"url\":\"http:\\\/\\\/madalenavidigal.pt\\\/wp-content\\\/uploads\\\/2025\\\/06\\\/Madalena-Vidigal-Portrait.jpg\",\"contentUrl\":\"http:\\\/\\\/madalenavidigal.pt\\\/wp-content\\\/uploads\\\/2025\\\/06\\\/Madalena-Vidigal-Portrait.jpg\",\"width\":1228,\"height\":1818,\"caption\":\"admin8128\"},\"logo\":{\"@id\":\"http:\\\/\\\/madalenavidigal.pt\\\/wp-content\\\/uploads\\\/2025\\\/06\\\/Madalena-Vidigal-Portrait.jpg\"},\"sameAs\":[\"http:\\\/\\\/madalenavidigal.pt\",\"https:\\\/\\\/www.facebook.com\\\/madalena.v.vieira\\\/\",\"https:\\\/\\\/www.instagram.com\\\/mvidigalvieira\\\/\",\"https:\\\/\\\/www.linkedin.com\\\/in\\\/madalena-vidigal\\\/\"],\"url\":\"http:\\\/\\\/madalenavidigal.pt\\\/en\\\/author\\\/admin8128\\\/\"}]}<\/script>\n<!-- \/ Yoast SEO plugin. -->","yoast_head_json":{"title":"Architectural Map &#8212; Madalena Vidigal","description":"Architectural Map emerges as a proposal for mapping the work of Rui Goes Ferreira (1926-1978) and as a starting point for the architectural mapping of Madeira. It aims to activate the role that past architectural works can play in reflecting on and transforming contemporary cities.","robots":{"index":"index","follow":"follow","max-snippet":"max-snippet:-1","max-image-preview":"max-image-preview:large","max-video-preview":"max-video-preview:-1"},"canonical":"http:\/\/madalenavidigal.pt\/en\/mapa-da-arquitectura\/","og_locale":"en_US","og_type":"article","og_title":"Architectural Map &#8212; Madalena Vidigal","og_description":"Architectural Map emerges as a proposal for mapping the work of Rui Goes Ferreira (1926-1978) and as a starting point for the architectural mapping of Madeira. It aims to activate the role that past architectural works can play in reflecting on and transforming contemporary cities.","og_url":"http:\/\/madalenavidigal.pt\/en\/mapa-da-arquitectura\/","og_site_name":"Madalena Vidigal","article_publisher":"https:\/\/www.facebook.com\/madalena.v.vieira\/","article_author":"https:\/\/www.facebook.com\/madalena.v.vieira\/","article_published_time":"2025-07-14T16:50:13+00:00","article_modified_time":"2025-09-06T11:43:15+00:00","og_image":[{"width":1920,"height":1280,"url":"http:\/\/madalenavidigal.pt\/wp-content\/uploads\/2025\/07\/dg655280.jpg","type":"image\/jpeg"}],"author":"admin8128","twitter_card":"summary_large_image","twitter_misc":{"Written by":"admin8128","Est. reading time":"5 minutes"},"schema":{"@context":"https:\/\/schema.org","@graph":[{"@type":"Article","@id":"http:\/\/madalenavidigal.pt\/en\/mapa-da-arquitectura\/#article","isPartOf":{"@id":"http:\/\/madalenavidigal.pt\/en\/mapa-da-arquitectura\/"},"author":{"name":"admin8128","@id":"http:\/\/madalenavidigal.pt\/en\/#\/schema\/person\/9a2f0ddf8d19d3e08eefd815a1444fdb"},"headline":"Architectural Map","datePublished":"2025-07-14T16:50:13+00:00","dateModified":"2025-09-06T11:43:15+00:00","mainEntityOfPage":{"@id":"http:\/\/madalenavidigal.pt\/en\/mapa-da-arquitectura\/"},"wordCount":22,"publisher":{"@id":"http:\/\/madalenavidigal.pt\/en\/#\/schema\/person\/9a2f0ddf8d19d3e08eefd815a1444fdb"},"image":{"@id":"http:\/\/madalenavidigal.pt\/en\/mapa-da-arquitectura\/#primaryimage"},"thumbnailUrl":"http:\/\/madalenavidigal.pt\/wp-content\/uploads\/2025\/07\/dg655280.jpg","keywords":["Publication","Studies"],"articleSection":["Work"],"inLanguage":"en-US"},{"@type":"WebPage","@id":"http:\/\/madalenavidigal.pt\/en\/mapa-da-arquitectura\/","url":"http:\/\/madalenavidigal.pt\/en\/mapa-da-arquitectura\/","name":"Architectural Map &#8212; Madalena Vidigal","isPartOf":{"@id":"http:\/\/madalenavidigal.pt\/en\/#website"},"primaryImageOfPage":{"@id":"http:\/\/madalenavidigal.pt\/en\/mapa-da-arquitectura\/#primaryimage"},"image":{"@id":"http:\/\/madalenavidigal.pt\/en\/mapa-da-arquitectura\/#primaryimage"},"thumbnailUrl":"http:\/\/madalenavidigal.pt\/wp-content\/uploads\/2025\/07\/dg655280.jpg","datePublished":"2025-07-14T16:50:13+00:00","dateModified":"2025-09-06T11:43:15+00:00","description":"Architectural Map emerges as a proposal for mapping the work of Rui Goes Ferreira (1926-1978) and as a starting point for the architectural mapping of Madeira. It aims to activate the role that past architectural works can play in reflecting on and transforming contemporary cities.","breadcrumb":{"@id":"http:\/\/madalenavidigal.pt\/en\/mapa-da-arquitectura\/#breadcrumb"},"inLanguage":"en-US","potentialAction":[{"@type":"ReadAction","target":[["http:\/\/madalenavidigal.pt\/en\/mapa-da-arquitectura\/"]]}]},{"@type":"ImageObject","inLanguage":"en-US","@id":"http:\/\/madalenavidigal.pt\/en\/mapa-da-arquitectura\/#primaryimage","url":"http:\/\/madalenavidigal.pt\/wp-content\/uploads\/2025\/07\/dg655280.jpg","contentUrl":"http:\/\/madalenavidigal.pt\/wp-content\/uploads\/2025\/07\/dg655280.jpg","width":1920,"height":1280},{"@type":"BreadcrumbList","@id":"http:\/\/madalenavidigal.pt\/en\/mapa-da-arquitectura\/#breadcrumb","itemListElement":[{"@type":"ListItem","position":1,"name":"In\u00edcio","item":"http:\/\/madalenavidigal.pt\/en\/"},{"@type":"ListItem","position":2,"name":"Architectural Map"}]},{"@type":"WebSite","@id":"http:\/\/madalenavidigal.pt\/en\/#website","url":"http:\/\/madalenavidigal.pt\/en\/","name":"Madalena Vidigal | Architect & Independent Researcher","description":"Architect and independent researcher based in Portugal. Exploring legacy, communality &amp; sufficiency through collaborative projects, exhibitions &amp; ecological building.","publisher":{"@id":"http:\/\/madalenavidigal.pt\/en\/#\/schema\/person\/9a2f0ddf8d19d3e08eefd815a1444fdb"},"potentialAction":[{"@type":"SearchAction","target":{"@type":"EntryPoint","urlTemplate":"http:\/\/madalenavidigal.pt\/en\/?s={search_term_string}"},"query-input":{"@type":"PropertyValueSpecification","valueRequired":true,"valueName":"search_term_string"}}],"inLanguage":"en-US"},{"@type":["Person","Organization"],"@id":"http:\/\/madalenavidigal.pt\/en\/#\/schema\/person\/9a2f0ddf8d19d3e08eefd815a1444fdb","name":"admin8128","image":{"@type":"ImageObject","inLanguage":"en-US","@id":"http:\/\/madalenavidigal.pt\/wp-content\/uploads\/2025\/06\/Madalena-Vidigal-Portrait.jpg","url":"http:\/\/madalenavidigal.pt\/wp-content\/uploads\/2025\/06\/Madalena-Vidigal-Portrait.jpg","contentUrl":"http:\/\/madalenavidigal.pt\/wp-content\/uploads\/2025\/06\/Madalena-Vidigal-Portrait.jpg","width":1228,"height":1818,"caption":"admin8128"},"logo":{"@id":"http:\/\/madalenavidigal.pt\/wp-content\/uploads\/2025\/06\/Madalena-Vidigal-Portrait.jpg"},"sameAs":["http:\/\/madalenavidigal.pt","https:\/\/www.facebook.com\/madalena.v.vieira\/","https:\/\/www.instagram.com\/mvidigalvieira\/","https:\/\/www.linkedin.com\/in\/madalena-vidigal\/"],"url":"http:\/\/madalenavidigal.pt\/en\/author\/admin8128\/"}]}},"grid":"{\r\n  \"colCount\": 10,\r\n  \"colGutter\": 0,\r\n  \"rowGutters\": [\r\n    0,\r\n    125,\r\n    125,\r\n    125,\r\n    125,\r\n    125,\r\n    125,\r\n    125\r\n  ],\r\n  \"frameMargin\": 5,\r\n  \"leftFrameMargin\": 25,\r\n  \"rightFrameMargin\": 25,\r\n  \"topFrameMargin\": 25,\r\n  \"mus\": {\r\n    \"colGutterMu\": \"px\",\r\n    \"rowGutterMu\": \"px\",\r\n    \"topFrameMu\": \"px\",\r\n    \"bottomFrameMu\": \"px\",\r\n    \"frameMu\": \"px\"\r\n  },\r\n  \"bottomFrameMargin\": 50,\r\n  \"rowAttrs\": [\r\n    {\r\n      \"relid\": 4\r\n    },\r\n    {\r\n      \"relid\": 1\r\n    },\r\n    {\r\n      \"relid\": 31\r\n    },\r\n    {\r\n      \"relid\": 9\r\n    },\r\n    {\r\n      \"relid\": 13\r\n    },\r\n    {\r\n      \"relid\": 16\r\n    },\r\n    {\r\n      \"relid\": 26\r\n    },\r\n    {\r\n      \"relid\": 12\r\n    },\r\n    {\r\n      \"relid\": 11\r\n    }\r\n  ],\r\n  \"bgColor\": null,\r\n  \"bgImage\": null,\r\n  \"cont\": [\r\n    {\r\n      \"type\": \"text\",\r\n      \"cont\": \"<p style=\\\"text-align: center;\\\">Studies<\/p>\",\r\n      \"align\": \"middle\",\r\n      \"row\": 0,\r\n      \"col\": 4,\r\n      \"colspan\": 1,\r\n      \"offsetx\": 0,\r\n      \"offsety\": 0,\r\n      \"spaceabove\": 0,\r\n      \"spacebelow\": 0,\r\n      \"yvel\": 1,\r\n      \"push\": 4,\r\n      \"relid\": 5,\r\n      \"absolute_position\": false,\r\n      \"frameOverflow\": \"\",\r\n      \"textAnimation\": {\r\n        \"enableTextAnimation\": false\r\n      },\r\n      \"bgColor\": {\r\n        \"enableBgColor\": true,\r\n        \"bgColor\": \"#FFBC44\",\r\n        \"bgOpacity\": 100\r\n      }\r\n    },\r\n    {\r\n      \"type\": \"text\",\r\n      \"cont\": \"<p style=\\\"text-align: center;\\\">Publications<\/p>\",\r\n      \"align\": \"top\",\r\n      \"row\": 0,\r\n      \"col\": 5,\r\n      \"colspan\": 1,\r\n      \"offsetx\": 0,\r\n      \"offsety\": 0,\r\n      \"spaceabove\": 0,\r\n      \"spacebelow\": 0,\r\n      \"yvel\": 1,\r\n      \"push\": 0,\r\n      \"relid\": 6,\r\n      \"absolute_position\": false,\r\n      \"textAnimation\": {\r\n        \"enableTextAnimation\": false\r\n      },\r\n      \"bgColor\": {\r\n        \"enableBgColor\": true,\r\n        \"bgColor\": \"#587CFF\",\r\n        \"bgOpacity\": 100\r\n      },\r\n      \"frameOverflow\": \"\"\r\n    },\r\n    {\r\n      \"type\": \"text\",\r\n      \"cont\": \"<p class=\\\"_Big\\\">Architectural Map<\/p>\\n<p class=\\\"_Default\\\">with Ordem dos Arquitectos e Funda\u00e7\u00e3o Marques da Silva<\/p>\",\r\n      \"align\": \"top\",\r\n      \"row\": 1,\r\n      \"col\": 0,\r\n      \"colspan\": 5,\r\n      \"offsetx\": 0,\r\n      \"offsety\": 0,\r\n      \"spaceabove\": 0,\r\n      \"spacebelow\": 0,\r\n      \"yvel\": 1,\r\n      \"push\": 0,\r\n      \"relid\": 2,\r\n      \"absolute_position\": false,\r\n      \"textAnimation\": {\r\n        \"enableTextAnimation\": false\r\n      }\r\n    },\r\n    {\r\n      \"type\": \"text\",\r\n      \"cont\": \"<div data-collapsed=\\\"false\\\">\\n<div data-type=\\\"text\\\" data-yvel=\\\"1\\\">\\n<p class=\\\"_Small\\\" style=\\\"text-align: right;\\\"><span>October 2021 - October 2022<\/span><\/p>\\n<\/div>\\n<\/div>\",\r\n      \"align\": \"top\",\r\n      \"row\": 1,\r\n      \"col\": 5,\r\n      \"colspan\": 5,\r\n      \"offsetx\": 0,\r\n      \"offsety\": 0,\r\n      \"spaceabove\": 0,\r\n      \"spacebelow\": 0,\r\n      \"yvel\": 1,\r\n      \"push\": 0,\r\n      \"relid\": 3,\r\n      \"absolute_position\": false,\r\n      \"textAnimation\": {\r\n        \"enableTextAnimation\": false\r\n      }\r\n    },\r\n    {\r\n      \"type\": \"carousel\",\r\n      \"cont\": \"\",\r\n      \"align\": \"top\",\r\n      \"row\": 2,\r\n      \"col\": 1,\r\n      \"colspan\": 8,\r\n      \"offsetx\": 0,\r\n      \"offsety\": 0,\r\n      \"spaceabove\": 0,\r\n      \"spacebelow\": 0,\r\n      \"yvel\": 1,\r\n      \"push\": 1,\r\n      \"relid\": 32,\r\n      \"carousel_options\": {\r\n        \"random\": false,\r\n        \"autoplay\": false,\r\n        \"showMultipleSlides\": false,\r\n        \"freeScroll\": false,\r\n        \"mousewheelScroll\": false,\r\n        \"size\": \"aspectRatioOfFirstElement\",\r\n        \"slidesWidth\": \"null\",\r\n        \"transition\": \"sliding\",\r\n        \"loop\": \"1\",\r\n        \"spaceBetween\": 0,\r\n        \"captionsUnderSlides\": false,\r\n        \"autoplaySpeed\": 3000,\r\n        \"autoplayDelay\": 0,\r\n        \"transitionSpeed\": 300\r\n      },\r\n      \"carousel\": [\r\n        {\r\n          \"type\": \"img\",\r\n          \"attid\": 234,\r\n          \"cont\": \"\/wp-content\/uploads\/2025\/07\/dg655280.jpg\",\r\n          \"sizes\": {\r\n            \"full\": \"\/wp-content\/uploads\/2025\/07\/dg655280.jpg\",\r\n            \"_1280\": \"\/wp-content\/uploads\/2025\/07\/dg655280-1280x853.jpg\",\r\n            \"_1024\": \"\/wp-content\/uploads\/2025\/07\/dg655280-1024x683.jpg\",\r\n            \"_768\": \"\/wp-content\/uploads\/2025\/07\/dg655280-768x512.jpg\",\r\n            \"_512\": \"\/wp-content\/uploads\/2025\/07\/dg655280-512x341.jpg\",\r\n            \"_265\": \"\/wp-content\/uploads\/2025\/07\/dg655280-265x177.jpg\"\r\n          },\r\n          \"w\": 1920,\r\n          \"h\": 1280,\r\n          \"ar\": 0.6666666666666666,\r\n          \"alt\": \"\",\r\n          \"caption\": \"<p>Fishermen's neighbourhood, C\u00e2mara de Lobos \u00a9 Duarte Belo<\/p>\"\r\n        },\r\n        {\r\n          \"type\": \"img\",\r\n          \"attid\": 129,\r\n          \"cont\": \"\/wp-content\/uploads\/2025\/07\/print-web-site_2.png\",\r\n          \"sizes\": {\r\n            \"full\": \"\/wp-content\/uploads\/2025\/07\/print-web-site_2.png\",\r\n            \"_1280\": \"\/wp-content\/uploads\/2025\/07\/print-web-site_2-1280x720.png\",\r\n            \"_1024\": \"\/wp-content\/uploads\/2025\/07\/print-web-site_2-1024x576.png\",\r\n            \"_768\": \"\/wp-content\/uploads\/2025\/07\/print-web-site_2-768x432.png\",\r\n            \"_512\": \"\/wp-content\/uploads\/2025\/07\/print-web-site_2-512x288.png\",\r\n            \"_265\": \"\/wp-content\/uploads\/2025\/07\/print-web-site_2-265x149.png\"\r\n          },\r\n          \"w\": 1544,\r\n          \"h\": 868,\r\n          \"ar\": 0.5621761658031088,\r\n          \"alt\": \"\",\r\n          \"caption\": \"<p class=\\\"_Small\\\">\u00a9 Madalena Vidigal \/ OASRMAD\u00a0<\/p>\"\r\n        },\r\n        {\r\n          \"type\": \"img\",\r\n          \"attid\": 181,\r\n          \"cont\": \"\/wp-content\/uploads\/2025\/07\/dg659018.jpg\",\r\n          \"sizes\": {\r\n            \"full\": \"\/wp-content\/uploads\/2025\/07\/dg659018.jpg\",\r\n            \"_1280\": \"\/wp-content\/uploads\/2025\/07\/dg659018-1280x853.jpg\",\r\n            \"_1024\": \"\/wp-content\/uploads\/2025\/07\/dg659018-1024x683.jpg\",\r\n            \"_768\": \"\/wp-content\/uploads\/2025\/07\/dg659018-768x512.jpg\",\r\n            \"_512\": \"\/wp-content\/uploads\/2025\/07\/dg659018-512x341.jpg\",\r\n            \"_265\": \"\/wp-content\/uploads\/2025\/07\/dg659018-265x177.jpg\"\r\n          },\r\n          \"w\": 1920,\r\n          \"h\": 1280,\r\n          \"ar\": 0.6666666666666666,\r\n          \"alt\": \"\",\r\n          \"caption\": \"<p class=\\\"_Small\\\">Cateral Guest House, Funchal \u00a9 Duarte Belo<\/p>\"\r\n        },\r\n        {\r\n          \"type\": \"img\",\r\n          \"attid\": 128,\r\n          \"cont\": \"\/wp-content\/uploads\/2025\/07\/print-web-site.png\",\r\n          \"sizes\": {\r\n            \"full\": \"\/wp-content\/uploads\/2025\/07\/print-web-site.png\",\r\n            \"_1280\": \"\/wp-content\/uploads\/2025\/07\/print-web-site-1280x720.png\",\r\n            \"_1024\": \"\/wp-content\/uploads\/2025\/07\/print-web-site-1024x576.png\",\r\n            \"_768\": \"\/wp-content\/uploads\/2025\/07\/print-web-site-768x432.png\",\r\n            \"_512\": \"\/wp-content\/uploads\/2025\/07\/print-web-site-512x288.png\",\r\n            \"_265\": \"\/wp-content\/uploads\/2025\/07\/print-web-site-265x149.png\"\r\n          },\r\n          \"w\": 1544,\r\n          \"h\": 869,\r\n          \"ar\": 0.5628238341968912,\r\n          \"alt\": \"\",\r\n          \"caption\": \"<p class=\\\"_Small\\\">\u00a9 Madalena Vidigal \/ OASRMAD\u00a0<\/p>\"\r\n        },\r\n        {\r\n          \"type\": \"img\",\r\n          \"attid\": 182,\r\n          \"cont\": \"\/wp-content\/uploads\/2025\/07\/PT_FIMS_RGF_0025-pd0012_edit.jpg\",\r\n          \"sizes\": {\r\n            \"full\": \"\/wp-content\/uploads\/2025\/07\/PT_FIMS_RGF_0025-pd0012_edit.jpg\",\r\n            \"_2560\": \"\/wp-content\/uploads\/2025\/07\/PT_FIMS_RGF_0025-pd0012_edit-2560x1431.jpg\",\r\n            \"_1920\": \"\/wp-content\/uploads\/2025\/07\/PT_FIMS_RGF_0025-pd0012_edit-1920x1073.jpg\",\r\n            \"_1280\": \"\/wp-content\/uploads\/2025\/07\/PT_FIMS_RGF_0025-pd0012_edit-1280x715.jpg\",\r\n            \"_1024\": \"\/wp-content\/uploads\/2025\/07\/PT_FIMS_RGF_0025-pd0012_edit-1024x572.jpg\",\r\n            \"_768\": \"\/wp-content\/uploads\/2025\/07\/PT_FIMS_RGF_0025-pd0012_edit-768x429.jpg\",\r\n            \"_512\": \"\/wp-content\/uploads\/2025\/07\/PT_FIMS_RGF_0025-pd0012_edit-512x286.jpg\",\r\n            \"_265\": \"\/wp-content\/uploads\/2025\/07\/PT_FIMS_RGF_0025-pd0012_edit-265x148.jpg\"\r\n          },\r\n          \"w\": 2847,\r\n          \"h\": 1591,\r\n          \"ar\": 0.5588338602037232,\r\n          \"alt\": \"\",\r\n          \"caption\": \"<p class=\\\"_Small\\\">Clube de Turismo, Funchal \u00a9 Rui Goes Ferreira Architect<br \/>Courtesy: Marques da Silva Institute Foundation (FIMS)<\/p>\"\r\n        }\r\n      ],\r\n      \"absolute_position\": false,\r\n      \"caption\": \"<p class=\\\"_Small\\\">Fishermen's neighbourhood, C\u00e2mara de Lobos \u00a9 Duarte Belo<\/p>\",\r\n      \"textAnimation\": {\r\n        \"enableTextAnimation\": false\r\n      }\r\n    },\r\n    {\r\n      \"type\": \"text\",\r\n      \"cont\": \"<div data-collapsed=\\\"false\\\">\\n<div data-type=\\\"text\\\" data-yvel=\\\"1\\\">\\n<p class=\\\"_Default\\\">Following the project initiated in 2017, the Mapa da Arquitectura emerges as a proposal for mapping the work of Rui Goes Ferreira (1926-1978) and as a starting point for the architectural mapping of Madeira. It aims to activate the role that past architectural works can play in reflecting on and transforming contemporary cities.<\/p>\\n<p class=\\\"_Default\\\">The work involved the systematization and compilation of documentary and textual content on 22 selected projects, as well as the overall coordination of the project teams, including the design team in the development of a leaflet and a website:<\/p>\\n<\/div>\\n<\/div>\\n<p><a rel=\\\"noopener\\\" href=\\\"https:\/\/www.mapadearquitetura-madeira.com\/\\\" target=\\\"_blank\\\" data-id=\\\"0\\\">www.mapadearquitetura-madeira.com<\/a><\/p>\",\r\n      \"align\": \"top\",\r\n      \"row\": 3,\r\n      \"col\": 1,\r\n      \"colspan\": 4,\r\n      \"offsetx\": 0,\r\n      \"offsety\": 0,\r\n      \"spaceabove\": 0,\r\n      \"spacebelow\": 0,\r\n      \"yvel\": 1,\r\n      \"push\": 1,\r\n      \"relid\": 10,\r\n      \"absolute_position\": false,\r\n      \"textAnimation\": {\r\n        \"enableTextAnimation\": false\r\n      }\r\n    },\r\n    {\r\n      \"type\": \"img\",\r\n      \"cont\": \"\/wp-content\/uploads\/2025\/07\/347249969_720631650071416_6563918020787581491_n.jpg\",\r\n      \"align\": \"top\",\r\n      \"row\": 4,\r\n      \"col\": 5,\r\n      \"colspan\": 2,\r\n      \"offsetx\": 0,\r\n      \"offsety\": 0,\r\n      \"spaceabove\": 0,\r\n      \"spacebelow\": 0,\r\n      \"yvel\": 1,\r\n      \"push\": 5,\r\n      \"relid\": 14,\r\n      \"attid\": 179,\r\n      \"sizes\": {\r\n        \"full\": \"\/wp-content\/uploads\/2025\/07\/347249969_720631650071416_6563918020787581491_n.jpg\",\r\n        \"_1280\": \"\/wp-content\/uploads\/2025\/07\/347249969_720631650071416_6563918020787581491_n-1280x853.jpg\",\r\n        \"_1024\": \"\/wp-content\/uploads\/2025\/07\/347249969_720631650071416_6563918020787581491_n-1024x682.jpg\",\r\n        \"_768\": \"\/wp-content\/uploads\/2025\/07\/347249969_720631650071416_6563918020787581491_n-768x512.jpg\",\r\n        \"_512\": \"\/wp-content\/uploads\/2025\/07\/347249969_720631650071416_6563918020787581491_n-512x341.jpg\",\r\n        \"_265\": \"\/wp-content\/uploads\/2025\/07\/347249969_720631650071416_6563918020787581491_n-265x177.jpg\"\r\n      },\r\n      \"w\": 1400,\r\n      \"h\": 933,\r\n      \"ar\": 0.6664285714285715,\r\n      \"alt\": \"\",\r\n      \"absolute_position\": false,\r\n      \"textAnimation\": {\r\n        \"enableTextAnimation\": false\r\n      },\r\n      \"lightbox_caption\": \"<p class=\\\"_Small\\\">Launch of the Architecture Map at the Madeira Museum of Photography - Atelier Vicentes \u00a9 OASRMAD<\/p>\"\r\n    },\r\n    {\r\n      \"type\": \"img\",\r\n      \"cont\": \"\/wp-content\/uploads\/2025\/07\/347431394_720632413404673_6078355805039295966_n.jpg\",\r\n      \"align\": \"top\",\r\n      \"row\": 4,\r\n      \"col\": 7,\r\n      \"colspan\": 2,\r\n      \"offsetx\": 0,\r\n      \"offsety\": 0,\r\n      \"spaceabove\": 0,\r\n      \"spacebelow\": 0,\r\n      \"yvel\": 1,\r\n      \"push\": 0,\r\n      \"relid\": 19,\r\n      \"attid\": 180,\r\n      \"sizes\": {\r\n        \"full\": \"\/wp-content\/uploads\/2025\/07\/347431394_720632413404673_6078355805039295966_n.jpg\",\r\n        \"_1280\": \"\/wp-content\/uploads\/2025\/07\/347431394_720632413404673_6078355805039295966_n-1280x853.jpg\",\r\n        \"_1024\": \"\/wp-content\/uploads\/2025\/07\/347431394_720632413404673_6078355805039295966_n-1024x682.jpg\",\r\n        \"_768\": \"\/wp-content\/uploads\/2025\/07\/347431394_720632413404673_6078355805039295966_n-768x512.jpg\",\r\n        \"_512\": \"\/wp-content\/uploads\/2025\/07\/347431394_720632413404673_6078355805039295966_n-512x341.jpg\",\r\n        \"_265\": \"\/wp-content\/uploads\/2025\/07\/347431394_720632413404673_6078355805039295966_n-265x177.jpg\"\r\n      },\r\n      \"w\": 1400,\r\n      \"h\": 933,\r\n      \"ar\": 0.6664285714285715,\r\n      \"alt\": \"\",\r\n      \"absolute_position\": false,\r\n      \"textAnimation\": {\r\n        \"enableTextAnimation\": false\r\n      },\r\n      \"lightbox_caption\": \"<p class=\\\"_Small\\\">Launch of the Architecture Map at the Madeira Museum of Photography - Atelier Vicentes \u00a9 OASRMAD<\/p>\"\r\n    },\r\n    {\r\n      \"type\": \"img\",\r\n      \"cont\": \"\/wp-content\/uploads\/2025\/07\/WhatsApp-Image-2022-10-31-at-11.39.32.png\",\r\n      \"align\": \"top\",\r\n      \"row\": 5,\r\n      \"col\": 1,\r\n      \"colspan\": 3,\r\n      \"offsetx\": 0,\r\n      \"offsety\": 0,\r\n      \"spaceabove\": 0,\r\n      \"spacebelow\": 0,\r\n      \"yvel\": 1,\r\n      \"push\": 1,\r\n      \"relid\": 28,\r\n      \"attid\": 130,\r\n      \"sizes\": {\r\n        \"full\": \"\/wp-content\/uploads\/2025\/07\/WhatsApp-Image-2022-10-31-at-11.39.32.png\",\r\n        \"_512\": \"\/wp-content\/uploads\/2025\/07\/WhatsApp-Image-2022-10-31-at-11.39.32-512x683.png\",\r\n        \"_265\": \"\/wp-content\/uploads\/2025\/07\/WhatsApp-Image-2022-10-31-at-11.39.32-265x353.png\"\r\n      },\r\n      \"w\": 768,\r\n      \"h\": 1024,\r\n      \"ar\": 1.3333333333333333,\r\n      \"alt\": \"\",\r\n      \"absolute_position\": false,\r\n      \"textAnimation\": {\r\n        \"enableTextAnimation\": false\r\n      },\r\n      \"lightbox_caption\": \"\"\r\n    },\r\n    {\r\n      \"type\": \"img\",\r\n      \"cont\": \"\/wp-content\/uploads\/2025\/07\/HVWS1695.jpg\",\r\n      \"align\": \"top\",\r\n      \"row\": 6,\r\n      \"col\": 5,\r\n      \"colspan\": 2,\r\n      \"offsetx\": 0,\r\n      \"offsety\": 0,\r\n      \"spaceabove\": 0,\r\n      \"spacebelow\": 0,\r\n      \"yvel\": 1,\r\n      \"push\": 5,\r\n      \"relid\": 51,\r\n      \"attid\": 131,\r\n      \"sizes\": {\r\n        \"full\": \"\/wp-content\/uploads\/2025\/07\/HVWS1695.jpg\",\r\n        \"_768\": \"\/wp-content\/uploads\/2025\/07\/HVWS1695-768x576.jpg\",\r\n        \"_512\": \"\/wp-content\/uploads\/2025\/07\/HVWS1695-512x384.jpg\",\r\n        \"_265\": \"\/wp-content\/uploads\/2025\/07\/HVWS1695-265x199.jpg\"\r\n      },\r\n      \"w\": 1024,\r\n      \"h\": 768,\r\n      \"ar\": 0.75,\r\n      \"alt\": \"\",\r\n      \"absolute_position\": false,\r\n      \"textAnimation\": {\r\n        \"enableTextAnimation\": false\r\n      },\r\n      \"lightbox_caption\": \"<p class=\\\"_Small\\\">Guided tour of the Bairro dos Pescadores as part of the first Architecture in the Islands Seminar (2022)<\/p>\"\r\n    },\r\n    {\r\n      \"type\": \"text\",\r\n      \"cont\": \"<p class=\\\"_Small\\\">Publication and website<\/p>\\n<p class=\\\"_Small\\\">Organisation and editorial coordination: Madalena Vidigal<br \/>Partnership: Ordem dos Arquitectos, Sec\u00e7\u00e3o Regional da Madeira e Funda\u00e7\u00e3o Marques da Silva<br \/>Texts: Madalena Vidigal<br \/>Translation: Maria Mota<br \/>Photo credits: Duarte Belo, Jos\u00e9 Goes Ferreira, Madalena Vidigal, Teresa Goes Ferreira<br \/>Design: Francisco Sotero<br \/>Website: Maria Mota<br \/><br \/><\/p>\\n<p class=\\\"_Small\\\">Press<\/p>\\n<p class=\\\"_Small\\\"><a rel=\\\"noopener\\\" href=\\\"https:\/\/espacodearquitetura.com\/noticias\/um-novo-mapa-de-arquitetura-para-dar-a-conhecer-a-obra-de-rui-goes-ferreira-na-madeira\/\\\" target=\\\"_blank\\\">Espa\u00e7o de Arquitectura \u2014 <em>U<\/em><em>m novo Mapa de Arquitetura para dar a conhecer a obra de Rui Goes Ferreira na Madeira<\/em><\/a><\/p>\",\r\n      \"align\": \"top\",\r\n      \"row\": 7,\r\n      \"col\": 5,\r\n      \"colspan\": 4,\r\n      \"offsetx\": 0,\r\n      \"offsety\": 0,\r\n      \"spaceabove\": 0,\r\n      \"spacebelow\": 0,\r\n      \"yvel\": 1,\r\n      \"push\": 5,\r\n      \"relid\": 15,\r\n      \"absolute_position\": false,\r\n      \"textAnimation\": {\r\n        \"enableTextAnimation\": false\r\n      },\r\n      \"frameOverflow\": \"\"\r\n    },\r\n    {\r\n      \"type\": \"text\",\r\n      \"cont\": \"<p class=\\\"_Small\\\" style=\\\"text-align: left;\\\"><a class=\\\"layprevproject\\\" href=\\\"#layprevproject\\\">Previous project<\/a><\/p>\",\r\n      \"align\": \"bottom\",\r\n      \"row\": 8,\r\n      \"col\": 0,\r\n      \"colspan\": 2,\r\n      \"offsetx\": 0,\r\n      \"offsety\": 0,\r\n      \"spaceabove\": 0,\r\n      \"spacebelow\": 0,\r\n      \"yvel\": 1,\r\n      \"push\": 0,\r\n      \"relid\": 18,\r\n      \"absolute_position\": false,\r\n      \"textAnimation\": {\r\n        \"enableTextAnimation\": false\r\n      }\r\n    },\r\n    {\r\n      \"type\": \"text\",\r\n      \"cont\": \"<p class=\\\"_Small\\\" style=\\\"text-align: right;\\\"><a class=\\\"laynextproject\\\" href=\\\"#laynextproject\\\">Next project<\/a><\/p>\",\r\n      \"align\": \"bottom\",\r\n      \"row\": 8,\r\n      \"col\": 7,\r\n      \"colspan\": 3,\r\n      \"offsetx\": 0,\r\n      \"offsety\": 0,\r\n      \"spaceabove\": 0,\r\n      \"spacebelow\": 0,\r\n      \"yvel\": 1,\r\n      \"push\": 5,\r\n      \"relid\": 17,\r\n      \"absolute_position\": false,\r\n      \"textAnimation\": {\r\n        \"enableTextAnimation\": false\r\n      },\r\n      \"frameOverflow\": \"\"\r\n    }\r\n  ]\r\n}","phonegrid":"{\r\n  \"colCount\": 12,\r\n  \"colGutter\": \"0\",\r\n  \"rowGutters\": [\r\n    75,\r\n    75,\r\n    75,\r\n    75,\r\n    75,\r\n    75,\r\n    75,\r\n    75,\r\n    75\r\n  ],\r\n  \"frameMargin\": 5,\r\n  \"topFrameMargin\": 55,\r\n  \"rightFrameMargin\": 25,\r\n  \"bottomFrameMargin\": 25,\r\n  \"leftFrameMargin\": 25,\r\n  \"mus\": {\r\n    \"colGutterMu\": \"px\",\r\n    \"rowGutterMu\": \"px\",\r\n    \"topFrameMu\": \"px\",\r\n    \"bottomFrameMu\": \"px\",\r\n    \"frameMu\": \"px\"\r\n  },\r\n  \"rowAttrs\": [\r\n    {\r\n      \"relid\": 7\r\n    },\r\n    {\r\n      \"relid\": 29\r\n    },\r\n    {\r\n      \"relid\": 30\r\n    },\r\n    {\r\n      \"relid\": 33\r\n    },\r\n    {\r\n      \"relid\": 34\r\n    },\r\n    {\r\n      \"relid\": 20\r\n    },\r\n    {\r\n      \"relid\": 36\r\n    },\r\n    {\r\n      \"relid\": 8\r\n    },\r\n    {\r\n      \"relid\": 44\r\n    },\r\n    {\r\n      \"relid\": 45\r\n    }\r\n  ],\r\n  \"bgColor\": null,\r\n  \"bgImage\": null,\r\n  \"cont\": [\r\n    {\r\n      \"type\": \"text\",\r\n      \"cont\": \"<p style=\\\"text-align: center;\\\">Studies<\/p>\",\r\n      \"align\": \"bottom\",\r\n      \"row\": 0,\r\n      \"col\": 0,\r\n      \"colspan\": 6,\r\n      \"offsetx\": 0,\r\n      \"offsety\": 0,\r\n      \"spaceabove\": 0,\r\n      \"spacebelow\": 0,\r\n      \"yvel\": 1,\r\n      \"push\": 0,\r\n      \"relid\": 5,\r\n      \"absolute_position\": false,\r\n      \"textAnimation\": {\r\n        \"enableTextAnimation\": false\r\n      },\r\n      \"bgColor\": {\r\n        \"enableBgColor\": true,\r\n        \"bgColor\": \"#FFBC44\",\r\n        \"bgOpacity\": 100\r\n      },\r\n      \"frameOverflow\": \"\"\r\n    },\r\n    {\r\n      \"type\": \"text\",\r\n      \"cont\": \"<p style=\\\"text-align: center;\\\">Publications<\/p>\",\r\n      \"align\": \"top\",\r\n      \"row\": 0,\r\n      \"col\": 6,\r\n      \"colspan\": 6,\r\n      \"offsetx\": 0,\r\n      \"offsety\": 0,\r\n      \"spaceabove\": 0,\r\n      \"spacebelow\": 0,\r\n      \"yvel\": 1,\r\n      \"push\": 0,\r\n      \"relid\": 6,\r\n      \"absolute_position\": false,\r\n      \"textAnimation\": {\r\n        \"enableTextAnimation\": false\r\n      },\r\n      \"bgColor\": {\r\n        \"enableBgColor\": true,\r\n        \"bgColor\": \"#587CFF\",\r\n        \"bgOpacity\": 100\r\n      }\r\n    },\r\n    {\r\n      \"type\": \"text\",\r\n      \"cont\": \"<p class=\\\"_Big\\\">Architectural Map<\/p>\\n<p class=\\\"_Default\\\">with Ordem dos Arquitectos e Funda\u00e7\u00e3o Marques da Silva<\/p>\",\r\n      \"align\": \"top\",\r\n      \"row\": 1,\r\n      \"col\": 0,\r\n      \"colspan\": 12,\r\n      \"offsetx\": 0,\r\n      \"offsety\": 0,\r\n      \"spaceabove\": 0,\r\n      \"spacebelow\": 0,\r\n      \"yvel\": 1,\r\n      \"push\": 0,\r\n      \"relid\": 2,\r\n      \"absolute_position\": false,\r\n      \"textAnimation\": {\r\n        \"enableTextAnimation\": false\r\n      }\r\n    },\r\n    {\r\n      \"type\": \"text\",\r\n      \"cont\": \"<div data-collapsed=\\\"false\\\">\\n<div data-type=\\\"text\\\" data-yvel=\\\"1\\\">\\n<p class=\\\"_Small\\\" style=\\\"text-align: right;\\\"><span>October 2021 - October 2022<\/span><\/p>\\n<\/div>\\n<\/div>\",\r\n      \"align\": \"bottom\",\r\n      \"row\": 2,\r\n      \"col\": 0,\r\n      \"colspan\": 12,\r\n      \"offsetx\": 0,\r\n      \"offsety\": 0,\r\n      \"spaceabove\": 0,\r\n      \"spacebelow\": 0,\r\n      \"yvel\": 1,\r\n      \"push\": 0,\r\n      \"relid\": 3,\r\n      \"absolute_position\": false,\r\n      \"textAnimation\": {\r\n        \"enableTextAnimation\": false\r\n      }\r\n    },\r\n    {\r\n      \"type\": \"carousel\",\r\n      \"cont\": \"\",\r\n      \"align\": \"bottom\",\r\n      \"row\": 3,\r\n      \"col\": 0,\r\n      \"colspan\": 12,\r\n      \"offsetx\": 0,\r\n      \"offsety\": 0,\r\n      \"spaceabove\": 0,\r\n      \"spacebelow\": 0,\r\n      \"yvel\": 1,\r\n      \"push\": 0,\r\n      \"relid\": 32,\r\n      \"carousel_options\": {\r\n        \"random\": false,\r\n        \"autoplay\": false,\r\n        \"showMultipleSlides\": false,\r\n        \"freeScroll\": false,\r\n        \"mousewheelScroll\": false,\r\n        \"size\": \"aspectRatioOfFirstElement\",\r\n        \"slidesWidth\": \"null\",\r\n        \"transition\": \"sliding\",\r\n        \"loop\": \"1\",\r\n        \"spaceBetween\": 0,\r\n        \"captionsUnderSlides\": false,\r\n        \"autoplaySpeed\": 3000,\r\n        \"autoplayDelay\": 0,\r\n        \"transitionSpeed\": 300\r\n      },\r\n      \"carousel\": [\r\n        {\r\n          \"type\": \"img\",\r\n          \"attid\": 234,\r\n          \"cont\": \"\/wp-content\/uploads\/2025\/07\/dg655280.jpg\",\r\n          \"sizes\": {\r\n            \"full\": \"\/wp-content\/uploads\/2025\/07\/dg655280.jpg\",\r\n            \"_1280\": \"\/wp-content\/uploads\/2025\/07\/dg655280-1280x853.jpg\",\r\n            \"_1024\": \"\/wp-content\/uploads\/2025\/07\/dg655280-1024x683.jpg\",\r\n            \"_768\": \"\/wp-content\/uploads\/2025\/07\/dg655280-768x512.jpg\",\r\n            \"_512\": \"\/wp-content\/uploads\/2025\/07\/dg655280-512x341.jpg\",\r\n            \"_265\": \"\/wp-content\/uploads\/2025\/07\/dg655280-265x177.jpg\"\r\n          },\r\n          \"w\": 1920,\r\n          \"h\": 1280,\r\n          \"ar\": 0.6666666666666666,\r\n          \"alt\": \"\",\r\n          \"caption\": \"<p>Fishermen's neighbourhood, C\u00e2mara de Lobos \u00a9 Duarte Belo<\/p>\"\r\n        },\r\n        {\r\n          \"type\": \"img\",\r\n          \"attid\": 129,\r\n          \"cont\": \"\/wp-content\/uploads\/2025\/07\/print-web-site_2.png\",\r\n          \"sizes\": {\r\n            \"full\": \"\/wp-content\/uploads\/2025\/07\/print-web-site_2.png\",\r\n            \"_1280\": \"\/wp-content\/uploads\/2025\/07\/print-web-site_2-1280x720.png\",\r\n            \"_1024\": \"\/wp-content\/uploads\/2025\/07\/print-web-site_2-1024x576.png\",\r\n            \"_768\": \"\/wp-content\/uploads\/2025\/07\/print-web-site_2-768x432.png\",\r\n            \"_512\": \"\/wp-content\/uploads\/2025\/07\/print-web-site_2-512x288.png\",\r\n            \"_265\": \"\/wp-content\/uploads\/2025\/07\/print-web-site_2-265x149.png\"\r\n          },\r\n          \"w\": 1544,\r\n          \"h\": 868,\r\n          \"ar\": 0.5621761658031088,\r\n          \"alt\": \"\",\r\n          \"caption\": \"<p class=\\\"_Small\\\">\u00a9 Madalena Vidigal \/ OASRMAD\u00a0<\/p>\"\r\n        },\r\n        {\r\n          \"type\": \"img\",\r\n          \"attid\": 181,\r\n          \"cont\": \"\/wp-content\/uploads\/2025\/07\/dg659018.jpg\",\r\n          \"sizes\": {\r\n            \"full\": \"\/wp-content\/uploads\/2025\/07\/dg659018.jpg\",\r\n            \"_1280\": \"\/wp-content\/uploads\/2025\/07\/dg659018-1280x853.jpg\",\r\n            \"_1024\": \"\/wp-content\/uploads\/2025\/07\/dg659018-1024x683.jpg\",\r\n            \"_768\": \"\/wp-content\/uploads\/2025\/07\/dg659018-768x512.jpg\",\r\n            \"_512\": \"\/wp-content\/uploads\/2025\/07\/dg659018-512x341.jpg\",\r\n            \"_265\": \"\/wp-content\/uploads\/2025\/07\/dg659018-265x177.jpg\"\r\n          },\r\n          \"w\": 1920,\r\n          \"h\": 1280,\r\n          \"ar\": 0.6666666666666666,\r\n          \"alt\": \"\",\r\n          \"caption\": \"<p class=\\\"_Small\\\">Cateral Guest House, Funchal \u00a9 Duarte Belo<\/p>\"\r\n        },\r\n        {\r\n          \"type\": \"img\",\r\n          \"attid\": 128,\r\n          \"cont\": \"\/wp-content\/uploads\/2025\/07\/print-web-site.png\",\r\n          \"sizes\": {\r\n            \"full\": \"\/wp-content\/uploads\/2025\/07\/print-web-site.png\",\r\n            \"_1280\": \"\/wp-content\/uploads\/2025\/07\/print-web-site-1280x720.png\",\r\n            \"_1024\": \"\/wp-content\/uploads\/2025\/07\/print-web-site-1024x576.png\",\r\n            \"_768\": \"\/wp-content\/uploads\/2025\/07\/print-web-site-768x432.png\",\r\n            \"_512\": \"\/wp-content\/uploads\/2025\/07\/print-web-site-512x288.png\",\r\n            \"_265\": \"\/wp-content\/uploads\/2025\/07\/print-web-site-265x149.png\"\r\n          },\r\n          \"w\": 1544,\r\n          \"h\": 869,\r\n          \"ar\": 0.5628238341968912,\r\n          \"alt\": \"\",\r\n          \"caption\": \"<p class=\\\"_Small\\\">\u00a9 Madalena Vidigal \/ OASRMAD\u00a0<\/p>\"\r\n        },\r\n        {\r\n          \"type\": \"img\",\r\n          \"attid\": 182,\r\n          \"cont\": \"\/wp-content\/uploads\/2025\/07\/PT_FIMS_RGF_0025-pd0012_edit.jpg\",\r\n          \"sizes\": {\r\n            \"full\": \"\/wp-content\/uploads\/2025\/07\/PT_FIMS_RGF_0025-pd0012_edit.jpg\",\r\n            \"_2560\": \"\/wp-content\/uploads\/2025\/07\/PT_FIMS_RGF_0025-pd0012_edit-2560x1431.jpg\",\r\n            \"_1920\": \"\/wp-content\/uploads\/2025\/07\/PT_FIMS_RGF_0025-pd0012_edit-1920x1073.jpg\",\r\n            \"_1280\": \"\/wp-content\/uploads\/2025\/07\/PT_FIMS_RGF_0025-pd0012_edit-1280x715.jpg\",\r\n            \"_1024\": \"\/wp-content\/uploads\/2025\/07\/PT_FIMS_RGF_0025-pd0012_edit-1024x572.jpg\",\r\n            \"_768\": \"\/wp-content\/uploads\/2025\/07\/PT_FIMS_RGF_0025-pd0012_edit-768x429.jpg\",\r\n            \"_512\": \"\/wp-content\/uploads\/2025\/07\/PT_FIMS_RGF_0025-pd0012_edit-512x286.jpg\",\r\n            \"_265\": \"\/wp-content\/uploads\/2025\/07\/PT_FIMS_RGF_0025-pd0012_edit-265x148.jpg\"\r\n          },\r\n          \"w\": 2847,\r\n          \"h\": 1591,\r\n          \"ar\": 0.5588338602037232,\r\n          \"alt\": \"\",\r\n          \"caption\": \"<p class=\\\"_Small\\\">Clube de Turismo, Funchal \u00a9 Rui Goes Ferreira Architect<br \/>Courtesy: Marques da Silva Institute Foundation (FIMS)<\/p>\"\r\n        }\r\n      ],\r\n      \"absolute_position\": false,\r\n      \"caption\": \"<p class=\\\"_Small\\\">Fishermen's neighbourhood, C\u00e2mara de Lobos \u00a9 Duarte Belo<\/p>\",\r\n      \"textAnimation\": {\r\n        \"enableTextAnimation\": false\r\n      }\r\n    },\r\n    {\r\n      \"type\": \"text\",\r\n      \"cont\": \"<div data-collapsed=\\\"false\\\">\\n<div data-type=\\\"text\\\" data-yvel=\\\"1\\\">\\n<p class=\\\"_Default\\\">Following the project initiated in 2017, the Mapa da Arquitectura emerges as a proposal for mapping the work of Rui Goes Ferreira (1926-1978) and as a starting point for the architectural mapping of Madeira. It aims to activate the role that past architectural works can play in reflecting on and transforming contemporary cities.<\/p>\\n<p class=\\\"_Default\\\">The work involved the systematization and compilation of documentary and textual content on 22 selected projects, as well as the overall coordination of the project teams, including the design team in the development of a leaflet and a website:<\/p>\\n<\/div>\\n<\/div>\\n<p><a rel=\\\"noopener\\\" href=\\\"https:\/\/www.mapadearquitetura-madeira.com\/\\\" target=\\\"_blank\\\" data-id=\\\"0\\\">www.mapadearquitetura-madeira.com<\/a><\/p>\",\r\n      \"align\": \"bottom\",\r\n      \"row\": 4,\r\n      \"col\": 0,\r\n      \"colspan\": 12,\r\n      \"offsetx\": 0,\r\n      \"offsety\": 0,\r\n      \"spaceabove\": 0,\r\n      \"spacebelow\": 0,\r\n      \"yvel\": 1,\r\n      \"push\": 0,\r\n      \"relid\": 10,\r\n      \"absolute_position\": false,\r\n      \"textAnimation\": {\r\n        \"enableTextAnimation\": false\r\n      }\r\n    },\r\n    {\r\n      \"type\": \"img\",\r\n      \"cont\": \"\/wp-content\/uploads\/2025\/07\/347249969_720631650071416_6563918020787581491_n.jpg\",\r\n      \"align\": \"top\",\r\n      \"row\": 5,\r\n      \"col\": 0,\r\n      \"colspan\": 6,\r\n      \"offsetx\": 0,\r\n      \"offsety\": 0,\r\n      \"spaceabove\": 0,\r\n      \"spacebelow\": 0,\r\n      \"yvel\": 1,\r\n      \"push\": 0,\r\n      \"relid\": 14,\r\n      \"attid\": 179,\r\n      \"sizes\": {\r\n        \"full\": \"\/wp-content\/uploads\/2025\/07\/347249969_720631650071416_6563918020787581491_n.jpg\",\r\n        \"_1280\": \"\/wp-content\/uploads\/2025\/07\/347249969_720631650071416_6563918020787581491_n-1280x853.jpg\",\r\n        \"_1024\": \"\/wp-content\/uploads\/2025\/07\/347249969_720631650071416_6563918020787581491_n-1024x682.jpg\",\r\n        \"_768\": \"\/wp-content\/uploads\/2025\/07\/347249969_720631650071416_6563918020787581491_n-768x512.jpg\",\r\n        \"_512\": \"\/wp-content\/uploads\/2025\/07\/347249969_720631650071416_6563918020787581491_n-512x341.jpg\",\r\n        \"_265\": \"\/wp-content\/uploads\/2025\/07\/347249969_720631650071416_6563918020787581491_n-265x177.jpg\"\r\n      },\r\n      \"w\": 1400,\r\n      \"h\": 933,\r\n      \"ar\": 0.6664285714285715,\r\n      \"alt\": \"\",\r\n      \"absolute_position\": false,\r\n      \"textAnimation\": {\r\n        \"enableTextAnimation\": false\r\n      },\r\n      \"frameOverflow\": \"\",\r\n      \"lightbox_caption\": \"<p class=\\\"_Small\\\">Launch of the Architecture Map at the Madeira Museum of Photography - Atelier Vicentes \u00a9 OASRMAD<\/p>\"\r\n    },\r\n    {\r\n      \"type\": \"img\",\r\n      \"cont\": \"\/wp-content\/uploads\/2025\/07\/347431394_720632413404673_6078355805039295966_n.jpg\",\r\n      \"align\": \"top\",\r\n      \"row\": 5,\r\n      \"col\": 6,\r\n      \"colspan\": 6,\r\n      \"offsetx\": 0,\r\n      \"offsety\": 0,\r\n      \"spaceabove\": 0,\r\n      \"spacebelow\": 0,\r\n      \"yvel\": 1,\r\n      \"push\": 0,\r\n      \"relid\": 19,\r\n      \"attid\": 180,\r\n      \"sizes\": {\r\n        \"full\": \"\/wp-content\/uploads\/2025\/07\/347431394_720632413404673_6078355805039295966_n.jpg\",\r\n        \"_1280\": \"\/wp-content\/uploads\/2025\/07\/347431394_720632413404673_6078355805039295966_n-1280x853.jpg\",\r\n        \"_1024\": \"\/wp-content\/uploads\/2025\/07\/347431394_720632413404673_6078355805039295966_n-1024x682.jpg\",\r\n        \"_768\": \"\/wp-content\/uploads\/2025\/07\/347431394_720632413404673_6078355805039295966_n-768x512.jpg\",\r\n        \"_512\": \"\/wp-content\/uploads\/2025\/07\/347431394_720632413404673_6078355805039295966_n-512x341.jpg\",\r\n        \"_265\": \"\/wp-content\/uploads\/2025\/07\/347431394_720632413404673_6078355805039295966_n-265x177.jpg\"\r\n      },\r\n      \"w\": 1400,\r\n      \"h\": 933,\r\n      \"ar\": 0.6664285714285715,\r\n      \"alt\": \"\",\r\n      \"absolute_position\": false,\r\n      \"textAnimation\": {\r\n        \"enableTextAnimation\": false\r\n      },\r\n      \"frameOverflow\": \"\",\r\n      \"lightbox_caption\": \"<p class=\\\"_Small\\\">Launch of the Architecture Map at the Madeira Museum of Photography - Atelier Vicentes \u00a9 OASRMAD<\/p>\"\r\n    },\r\n    {\r\n      \"type\": \"img\",\r\n      \"cont\": \"\/wp-content\/uploads\/2025\/07\/WhatsApp-Image-2022-10-31-at-11.39.32.png\",\r\n      \"align\": \"top\",\r\n      \"row\": 6,\r\n      \"col\": 0,\r\n      \"colspan\": 6,\r\n      \"offsetx\": 0,\r\n      \"offsety\": 0,\r\n      \"spaceabove\": 0,\r\n      \"spacebelow\": 0,\r\n      \"yvel\": 1,\r\n      \"push\": 0,\r\n      \"relid\": 28,\r\n      \"attid\": 130,\r\n      \"sizes\": {\r\n        \"full\": \"\/wp-content\/uploads\/2025\/07\/WhatsApp-Image-2022-10-31-at-11.39.32.png\",\r\n        \"_512\": \"\/wp-content\/uploads\/2025\/07\/WhatsApp-Image-2022-10-31-at-11.39.32-512x683.png\",\r\n        \"_265\": \"\/wp-content\/uploads\/2025\/07\/WhatsApp-Image-2022-10-31-at-11.39.32-265x353.png\"\r\n      },\r\n      \"w\": 768,\r\n      \"h\": 1024,\r\n      \"ar\": 1.3333333333333333,\r\n      \"alt\": \"\",\r\n      \"absolute_position\": false,\r\n      \"textAnimation\": {\r\n        \"enableTextAnimation\": false\r\n      },\r\n      \"lightbox_caption\": \"\",\r\n      \"frameOverflow\": \"\"\r\n    },\r\n    {\r\n      \"type\": \"img\",\r\n      \"cont\": \"\/wp-content\/uploads\/2025\/07\/HVWS1695.jpg\",\r\n      \"align\": \"top\",\r\n      \"row\": 7,\r\n      \"col\": 6,\r\n      \"colspan\": 6,\r\n      \"offsetx\": 0,\r\n      \"offsety\": 0,\r\n      \"spaceabove\": 0,\r\n      \"spacebelow\": 0,\r\n      \"yvel\": 1,\r\n      \"push\": 6,\r\n      \"relid\": 51,\r\n      \"attid\": 131,\r\n      \"sizes\": {\r\n        \"full\": \"\/wp-content\/uploads\/2025\/07\/HVWS1695.jpg\",\r\n        \"_768\": \"\/wp-content\/uploads\/2025\/07\/HVWS1695-768x576.jpg\",\r\n        \"_512\": \"\/wp-content\/uploads\/2025\/07\/HVWS1695-512x384.jpg\",\r\n        \"_265\": \"\/wp-content\/uploads\/2025\/07\/HVWS1695-265x199.jpg\"\r\n      },\r\n      \"w\": 1024,\r\n      \"h\": 768,\r\n      \"ar\": 0.75,\r\n      \"alt\": \"\",\r\n      \"absolute_position\": false,\r\n      \"textAnimation\": {\r\n        \"enableTextAnimation\": false\r\n      },\r\n      \"frameOverflow\": \"\",\r\n      \"lightbox_caption\": \"<p class=\\\"_Small\\\">Guided tour of the Bairro dos Pescadores as part of the first Architecture in the Islands Seminar (2022)<\/p>\"\r\n    },\r\n    {\r\n      \"type\": \"text\",\r\n      \"cont\": \"<p class=\\\"_Small\\\">Publication and website<\/p>\\n<p class=\\\"_Small\\\">Organisation and editorial coordination: Madalena Vidigal<br \/>Partnership: Ordem dos Arquitectos, Sec\u00e7\u00e3o Regional da Madeira e Funda\u00e7\u00e3o Marques da Silva<br \/>Texts: Madalena Vidigal<br \/>Translation: Maria Mota<br \/>Photo credits: Duarte Belo, Jos\u00e9 Goes Ferreira, Madalena Vidigal, Teresa Goes Ferreira<br \/>Design: Francisco Sotero<br \/>Website: Maria Mota<br \/><br \/><\/p>\\n<p class=\\\"_Small\\\">Press<\/p>\\n<p class=\\\"_Small\\\"><a rel=\\\"noopener\\\" href=\\\"https:\/\/espacodearquitetura.com\/noticias\/um-novo-mapa-de-arquitetura-para-dar-a-conhecer-a-obra-de-rui-goes-ferreira-na-madeira\/\\\" target=\\\"_blank\\\">Espa\u00e7o de Arquitectura \u2014 <em>U<\/em><em>m novo Mapa de Arquitetura para dar a conhecer a obra de Rui Goes Ferreira na Madeira<\/em><\/a><\/p>\",\r\n      \"align\": \"bottom\",\r\n      \"row\": 8,\r\n      \"col\": 0,\r\n      \"colspan\": 12,\r\n      \"offsetx\": 0,\r\n      \"offsety\": 0,\r\n      \"spaceabove\": 0,\r\n      \"spacebelow\": 0,\r\n      \"yvel\": 1,\r\n      \"push\": 0,\r\n      \"relid\": 15,\r\n      \"absolute_position\": false,\r\n      \"textAnimation\": {\r\n        \"enableTextAnimation\": false\r\n      }\r\n    },\r\n    {\r\n      \"type\": \"text\",\r\n      \"cont\": \"<p class=\\\"_Small\\\" style=\\\"text-align: left;\\\"><a class=\\\"layprevproject\\\" href=\\\"#layprevproject\\\">Previous project<\/a><\/p>\",\r\n      \"align\": \"bottom\",\r\n      \"row\": 9,\r\n      \"col\": 0,\r\n      \"colspan\": 6,\r\n      \"offsetx\": 0,\r\n      \"offsety\": 0,\r\n      \"spaceabove\": 0,\r\n      \"spacebelow\": 0,\r\n      \"yvel\": 1,\r\n      \"push\": 0,\r\n      \"relid\": 18,\r\n      \"absolute_position\": false,\r\n      \"textAnimation\": {\r\n        \"enableTextAnimation\": false\r\n      },\r\n      \"frameOverflow\": \"\"\r\n    },\r\n    {\r\n      \"type\": \"text\",\r\n      \"cont\": \"<p class=\\\"_Small\\\" style=\\\"text-align: right;\\\"><a class=\\\"laynextproject\\\" href=\\\"#laynextproject\\\">Next project<\/a><\/p>\",\r\n      \"align\": \"top\",\r\n      \"row\": 9,\r\n      \"col\": 6,\r\n      \"colspan\": 6,\r\n      \"offsetx\": 0,\r\n      \"offsety\": 0,\r\n      \"spaceabove\": 0,\r\n      \"spacebelow\": 0,\r\n      \"yvel\": 1,\r\n      \"push\": 0,\r\n      \"relid\": 17,\r\n      \"absolute_position\": false,\r\n      \"textAnimation\": {\r\n        \"enableTextAnimation\": false\r\n      }\r\n    }\r\n  ]\r\n}","_links":{"self":[{"href":"http:\/\/madalenavidigal.pt\/en\/wp-json\/wp\/v2\/posts\/127","targetHints":{"allow":["GET"]}}],"collection":[{"href":"http:\/\/madalenavidigal.pt\/en\/wp-json\/wp\/v2\/posts"}],"about":[{"href":"http:\/\/madalenavidigal.pt\/en\/wp-json\/wp\/v2\/types\/post"}],"author":[{"embeddable":true,"href":"http:\/\/madalenavidigal.pt\/en\/wp-json\/wp\/v2\/users\/1"}],"replies":[{"embeddable":true,"href":"http:\/\/madalenavidigal.pt\/en\/wp-json\/wp\/v2\/comments?post=127"}],"version-history":[{"count":0,"href":"http:\/\/madalenavidigal.pt\/en\/wp-json\/wp\/v2\/posts\/127\/revisions"}],"wp:featuredmedia":[{"embeddable":true,"href":"http:\/\/madalenavidigal.pt\/en\/wp-json\/wp\/v2\/media\/234"}],"wp:attachment":[{"href":"http:\/\/madalenavidigal.pt\/en\/wp-json\/wp\/v2\/media?parent=127"}],"wp:term":[{"taxonomy":"category","embeddable":true,"href":"http:\/\/madalenavidigal.pt\/en\/wp-json\/wp\/v2\/categories?post=127"},{"taxonomy":"post_tag","embeddable":true,"href":"http:\/\/madalenavidigal.pt\/en\/wp-json\/wp\/v2\/tags?post=127"}],"curies":[{"name":"wp","href":"https:\/\/api.w.org\/{rel}","templated":true}]}}