{"id":132,"date":"2025-07-14T18:28:03","date_gmt":"2025-07-14T17:28:03","guid":{"rendered":"http:\/\/madalenavidigal.pt\/atlas-suzanne-daveu-copy-2\/"},"modified":"2025-09-06T11:56:17","modified_gmt":"2025-09-06T10:56:17","slug":"atlas-suzanne-daveau","status":"publish","type":"post","link":"http:\/\/madalenavidigal.pt\/en\/atlas-suzanne-daveau\/","title":{"rendered":"Atlas Suzanne Daveau"},"content":{"rendered":"\n<p>Welcome to WordPress. This is your first post. Edit or delete it, then start writing!<\/p>\n","protected":false},"excerpt":{"rendered":"<p>Welcome to WordPress. This is your first post. Edit or delete it, then start writing!<\/p>\n","protected":false},"author":1,"featured_media":46,"comment_status":"closed","ping_status":"closed","sticky":false,"template":"","format":"standard","meta":[],"categories":[1],"tags":[7,6,5],"class_list":["post-132","post","type-post","status-publish","has-post-thumbnail","hentry","category-work","tag-curation","tag-publication","tag-studies"],"yoast_head":"<!-- This site is optimized with the Yoast SEO plugin v27.5 - https:\/\/yoast.com\/product\/yoast-seo-wordpress\/ -->\n<title>Atlas Suzanne Daveau &#8212; Madalena Vidigal<\/title>\n<meta name=\"description\" content=\"The work on the geographer\u00a0Suzanne Daveau (1925-)\u00a0resulted in an exhibition that was showed at the\u00a0National\u00a0Library of Portugal, between April and July 2021; and in\u00a0a diptych composed by the\u00a0catalogue\u00a0and the re-edition\u00a0of Suzanne\u2019s book from 1976\u00a0\u201cO Ambiente Geogr\u00e1fico\u00a0Natural\u201d [\u2018The Natural Geographical Environment\u2019],\u00a0edited by\u00a0Museu da Paisagem\u00a0[Landscape Museum].\" \/>\n<meta name=\"robots\" content=\"index, follow, max-snippet:-1, max-image-preview:large, max-video-preview:-1\" \/>\n<link rel=\"canonical\" href=\"http:\/\/madalenavidigal.pt\/en\/atlas-suzanne-daveau\/\" \/>\n<meta property=\"og:locale\" content=\"en_US\" \/>\n<meta property=\"og:type\" content=\"article\" \/>\n<meta property=\"og:title\" content=\"Atlas Suzanne Daveau &#8212; Madalena Vidigal\" \/>\n<meta property=\"og:description\" content=\"The work on the geographer\u00a0Suzanne Daveau (1925-)\u00a0resulted in an exhibition that was showed at the\u00a0National\u00a0Library of Portugal, between April and July 2021; and in\u00a0a diptych composed by the\u00a0catalogue\u00a0and the re-edition\u00a0of Suzanne\u2019s book from 1976\u00a0\u201cO Ambiente Geogr\u00e1fico\u00a0Natural\u201d [\u2018The Natural Geographical Environment\u2019],\u00a0edited by\u00a0Museu da Paisagem\u00a0[Landscape Museum].\" \/>\n<meta property=\"og:url\" content=\"http:\/\/madalenavidigal.pt\/en\/atlas-suzanne-daveau\/\" \/>\n<meta property=\"og:site_name\" content=\"Madalena Vidigal\" \/>\n<meta property=\"article:publisher\" content=\"https:\/\/www.facebook.com\/madalena.v.vieira\/\" \/>\n<meta property=\"article:author\" content=\"https:\/\/www.facebook.com\/madalena.v.vieira\/\" \/>\n<meta property=\"article:published_time\" content=\"2025-07-14T17:28:03+00:00\" \/>\n<meta property=\"article:modified_time\" content=\"2025-09-06T10:56:17+00:00\" \/>\n<meta property=\"og:image\" content=\"http:\/\/madalenavidigal.pt\/wp-content\/uploads\/2025\/06\/Madalena-Vidigal_Atlas-Suzanne-Daveu-5.jpg\" \/>\n\t<meta property=\"og:image:width\" content=\"2400\" \/>\n\t<meta property=\"og:image:height\" content=\"1600\" \/>\n\t<meta property=\"og:image:type\" content=\"image\/jpeg\" \/>\n<meta name=\"author\" content=\"admin8128\" \/>\n<meta name=\"twitter:card\" content=\"summary_large_image\" \/>\n<meta name=\"twitter:label1\" content=\"Written by\" \/>\n\t<meta name=\"twitter:data1\" content=\"admin8128\" \/>\n\t<meta name=\"twitter:label2\" content=\"Est. reading time\" \/>\n\t<meta name=\"twitter:data2\" content=\"6 minutes\" \/>\n<script type=\"application\/ld+json\" class=\"yoast-schema-graph\">{\"@context\":\"https:\\\/\\\/schema.org\",\"@graph\":[{\"@type\":\"Article\",\"@id\":\"http:\\\/\\\/madalenavidigal.pt\\\/en\\\/atlas-suzanne-daveau\\\/#article\",\"isPartOf\":{\"@id\":\"http:\\\/\\\/madalenavidigal.pt\\\/en\\\/atlas-suzanne-daveau\\\/\"},\"author\":{\"name\":\"admin8128\",\"@id\":\"http:\\\/\\\/madalenavidigal.pt\\\/en\\\/#\\\/schema\\\/person\\\/9a2f0ddf8d19d3e08eefd815a1444fdb\"},\"headline\":\"Atlas Suzanne Daveau\",\"datePublished\":\"2025-07-14T17:28:03+00:00\",\"dateModified\":\"2025-09-06T10:56:17+00:00\",\"mainEntityOfPage\":{\"@id\":\"http:\\\/\\\/madalenavidigal.pt\\\/en\\\/atlas-suzanne-daveau\\\/\"},\"wordCount\":18,\"publisher\":{\"@id\":\"http:\\\/\\\/madalenavidigal.pt\\\/en\\\/#\\\/schema\\\/person\\\/9a2f0ddf8d19d3e08eefd815a1444fdb\"},\"image\":{\"@id\":\"http:\\\/\\\/madalenavidigal.pt\\\/en\\\/atlas-suzanne-daveau\\\/#primaryimage\"},\"thumbnailUrl\":\"http:\\\/\\\/madalenavidigal.pt\\\/wp-content\\\/uploads\\\/2025\\\/06\\\/Madalena-Vidigal_Atlas-Suzanne-Daveu-5.jpg\",\"keywords\":[\"Curation\",\"Publication\",\"Studies\"],\"articleSection\":[\"Work\"],\"inLanguage\":\"en-US\"},{\"@type\":\"WebPage\",\"@id\":\"http:\\\/\\\/madalenavidigal.pt\\\/en\\\/atlas-suzanne-daveau\\\/\",\"url\":\"http:\\\/\\\/madalenavidigal.pt\\\/en\\\/atlas-suzanne-daveau\\\/\",\"name\":\"Atlas Suzanne Daveau &#8212; Madalena Vidigal\",\"isPartOf\":{\"@id\":\"http:\\\/\\\/madalenavidigal.pt\\\/en\\\/#website\"},\"primaryImageOfPage\":{\"@id\":\"http:\\\/\\\/madalenavidigal.pt\\\/en\\\/atlas-suzanne-daveau\\\/#primaryimage\"},\"image\":{\"@id\":\"http:\\\/\\\/madalenavidigal.pt\\\/en\\\/atlas-suzanne-daveau\\\/#primaryimage\"},\"thumbnailUrl\":\"http:\\\/\\\/madalenavidigal.pt\\\/wp-content\\\/uploads\\\/2025\\\/06\\\/Madalena-Vidigal_Atlas-Suzanne-Daveu-5.jpg\",\"datePublished\":\"2025-07-14T17:28:03+00:00\",\"dateModified\":\"2025-09-06T10:56:17+00:00\",\"description\":\"The work on the geographer\u00a0Suzanne Daveau (1925-)\u00a0resulted in an exhibition that was showed at the\u00a0National\u00a0Library of Portugal, between April and July 2021; and in\u00a0a diptych composed by the\u00a0catalogue\u00a0and the re-edition\u00a0of Suzanne\u2019s book from 1976\u00a0\u201cO Ambiente Geogr\u00e1fico\u00a0Natural\u201d [\u2018The Natural Geographical Environment\u2019],\u00a0edited by\u00a0Museu da Paisagem\u00a0[Landscape Museum].\",\"breadcrumb\":{\"@id\":\"http:\\\/\\\/madalenavidigal.pt\\\/en\\\/atlas-suzanne-daveau\\\/#breadcrumb\"},\"inLanguage\":\"en-US\",\"potentialAction\":[{\"@type\":\"ReadAction\",\"target\":[[\"http:\\\/\\\/madalenavidigal.pt\\\/en\\\/atlas-suzanne-daveau\\\/\"]]}]},{\"@type\":\"ImageObject\",\"inLanguage\":\"en-US\",\"@id\":\"http:\\\/\\\/madalenavidigal.pt\\\/en\\\/atlas-suzanne-daveau\\\/#primaryimage\",\"url\":\"http:\\\/\\\/madalenavidigal.pt\\\/wp-content\\\/uploads\\\/2025\\\/06\\\/Madalena-Vidigal_Atlas-Suzanne-Daveu-5.jpg\",\"contentUrl\":\"http:\\\/\\\/madalenavidigal.pt\\\/wp-content\\\/uploads\\\/2025\\\/06\\\/Madalena-Vidigal_Atlas-Suzanne-Daveu-5.jpg\",\"width\":2400,\"height\":1600},{\"@type\":\"BreadcrumbList\",\"@id\":\"http:\\\/\\\/madalenavidigal.pt\\\/en\\\/atlas-suzanne-daveau\\\/#breadcrumb\",\"itemListElement\":[{\"@type\":\"ListItem\",\"position\":1,\"name\":\"In\u00edcio\",\"item\":\"http:\\\/\\\/madalenavidigal.pt\\\/en\\\/\"},{\"@type\":\"ListItem\",\"position\":2,\"name\":\"Atlas Suzanne Daveau\"}]},{\"@type\":\"WebSite\",\"@id\":\"http:\\\/\\\/madalenavidigal.pt\\\/en\\\/#website\",\"url\":\"http:\\\/\\\/madalenavidigal.pt\\\/en\\\/\",\"name\":\"Madalena Vidigal | Architect & Independent Researcher\",\"description\":\"Architect and independent researcher based in Portugal. Exploring legacy, communality &amp; sufficiency through collaborative projects, exhibitions &amp; ecological building.\",\"publisher\":{\"@id\":\"http:\\\/\\\/madalenavidigal.pt\\\/en\\\/#\\\/schema\\\/person\\\/9a2f0ddf8d19d3e08eefd815a1444fdb\"},\"potentialAction\":[{\"@type\":\"SearchAction\",\"target\":{\"@type\":\"EntryPoint\",\"urlTemplate\":\"http:\\\/\\\/madalenavidigal.pt\\\/en\\\/?s={search_term_string}\"},\"query-input\":{\"@type\":\"PropertyValueSpecification\",\"valueRequired\":true,\"valueName\":\"search_term_string\"}}],\"inLanguage\":\"en-US\"},{\"@type\":[\"Person\",\"Organization\"],\"@id\":\"http:\\\/\\\/madalenavidigal.pt\\\/en\\\/#\\\/schema\\\/person\\\/9a2f0ddf8d19d3e08eefd815a1444fdb\",\"name\":\"admin8128\",\"image\":{\"@type\":\"ImageObject\",\"inLanguage\":\"en-US\",\"@id\":\"http:\\\/\\\/madalenavidigal.pt\\\/wp-content\\\/uploads\\\/2025\\\/06\\\/Madalena-Vidigal-Portrait.jpg\",\"url\":\"http:\\\/\\\/madalenavidigal.pt\\\/wp-content\\\/uploads\\\/2025\\\/06\\\/Madalena-Vidigal-Portrait.jpg\",\"contentUrl\":\"http:\\\/\\\/madalenavidigal.pt\\\/wp-content\\\/uploads\\\/2025\\\/06\\\/Madalena-Vidigal-Portrait.jpg\",\"width\":1228,\"height\":1818,\"caption\":\"admin8128\"},\"logo\":{\"@id\":\"http:\\\/\\\/madalenavidigal.pt\\\/wp-content\\\/uploads\\\/2025\\\/06\\\/Madalena-Vidigal-Portrait.jpg\"},\"sameAs\":[\"http:\\\/\\\/madalenavidigal.pt\",\"https:\\\/\\\/www.facebook.com\\\/madalena.v.vieira\\\/\",\"https:\\\/\\\/www.instagram.com\\\/mvidigalvieira\\\/\",\"https:\\\/\\\/www.linkedin.com\\\/in\\\/madalena-vidigal\\\/\"],\"url\":\"http:\\\/\\\/madalenavidigal.pt\\\/en\\\/author\\\/admin8128\\\/\"}]}<\/script>\n<!-- \/ Yoast SEO plugin. -->","yoast_head_json":{"title":"Atlas Suzanne Daveau &#8212; Madalena Vidigal","description":"The work on the geographer\u00a0Suzanne Daveau (1925-)\u00a0resulted in an exhibition that was showed at the\u00a0National\u00a0Library of Portugal, between April and July 2021; and in\u00a0a diptych composed by the\u00a0catalogue\u00a0and the re-edition\u00a0of Suzanne\u2019s book from 1976\u00a0\u201cO Ambiente Geogr\u00e1fico\u00a0Natural\u201d [\u2018The Natural Geographical Environment\u2019],\u00a0edited by\u00a0Museu da Paisagem\u00a0[Landscape Museum].","robots":{"index":"index","follow":"follow","max-snippet":"max-snippet:-1","max-image-preview":"max-image-preview:large","max-video-preview":"max-video-preview:-1"},"canonical":"http:\/\/madalenavidigal.pt\/en\/atlas-suzanne-daveau\/","og_locale":"en_US","og_type":"article","og_title":"Atlas Suzanne Daveau &#8212; Madalena Vidigal","og_description":"The work on the geographer\u00a0Suzanne Daveau (1925-)\u00a0resulted in an exhibition that was showed at the\u00a0National\u00a0Library of Portugal, between April and July 2021; and in\u00a0a diptych composed by the\u00a0catalogue\u00a0and the re-edition\u00a0of Suzanne\u2019s book from 1976\u00a0\u201cO Ambiente Geogr\u00e1fico\u00a0Natural\u201d [\u2018The Natural Geographical Environment\u2019],\u00a0edited by\u00a0Museu da Paisagem\u00a0[Landscape Museum].","og_url":"http:\/\/madalenavidigal.pt\/en\/atlas-suzanne-daveau\/","og_site_name":"Madalena Vidigal","article_publisher":"https:\/\/www.facebook.com\/madalena.v.vieira\/","article_author":"https:\/\/www.facebook.com\/madalena.v.vieira\/","article_published_time":"2025-07-14T17:28:03+00:00","article_modified_time":"2025-09-06T10:56:17+00:00","og_image":[{"width":2400,"height":1600,"url":"http:\/\/madalenavidigal.pt\/wp-content\/uploads\/2025\/06\/Madalena-Vidigal_Atlas-Suzanne-Daveu-5.jpg","type":"image\/jpeg"}],"author":"admin8128","twitter_card":"summary_large_image","twitter_misc":{"Written by":"admin8128","Est. reading time":"6 minutes"},"schema":{"@context":"https:\/\/schema.org","@graph":[{"@type":"Article","@id":"http:\/\/madalenavidigal.pt\/en\/atlas-suzanne-daveau\/#article","isPartOf":{"@id":"http:\/\/madalenavidigal.pt\/en\/atlas-suzanne-daveau\/"},"author":{"name":"admin8128","@id":"http:\/\/madalenavidigal.pt\/en\/#\/schema\/person\/9a2f0ddf8d19d3e08eefd815a1444fdb"},"headline":"Atlas Suzanne Daveau","datePublished":"2025-07-14T17:28:03+00:00","dateModified":"2025-09-06T10:56:17+00:00","mainEntityOfPage":{"@id":"http:\/\/madalenavidigal.pt\/en\/atlas-suzanne-daveau\/"},"wordCount":18,"publisher":{"@id":"http:\/\/madalenavidigal.pt\/en\/#\/schema\/person\/9a2f0ddf8d19d3e08eefd815a1444fdb"},"image":{"@id":"http:\/\/madalenavidigal.pt\/en\/atlas-suzanne-daveau\/#primaryimage"},"thumbnailUrl":"http:\/\/madalenavidigal.pt\/wp-content\/uploads\/2025\/06\/Madalena-Vidigal_Atlas-Suzanne-Daveu-5.jpg","keywords":["Curation","Publication","Studies"],"articleSection":["Work"],"inLanguage":"en-US"},{"@type":"WebPage","@id":"http:\/\/madalenavidigal.pt\/en\/atlas-suzanne-daveau\/","url":"http:\/\/madalenavidigal.pt\/en\/atlas-suzanne-daveau\/","name":"Atlas Suzanne Daveau &#8212; Madalena Vidigal","isPartOf":{"@id":"http:\/\/madalenavidigal.pt\/en\/#website"},"primaryImageOfPage":{"@id":"http:\/\/madalenavidigal.pt\/en\/atlas-suzanne-daveau\/#primaryimage"},"image":{"@id":"http:\/\/madalenavidigal.pt\/en\/atlas-suzanne-daveau\/#primaryimage"},"thumbnailUrl":"http:\/\/madalenavidigal.pt\/wp-content\/uploads\/2025\/06\/Madalena-Vidigal_Atlas-Suzanne-Daveu-5.jpg","datePublished":"2025-07-14T17:28:03+00:00","dateModified":"2025-09-06T10:56:17+00:00","description":"The work on the geographer\u00a0Suzanne Daveau (1925-)\u00a0resulted in an exhibition that was showed at the\u00a0National\u00a0Library of Portugal, between April and July 2021; and in\u00a0a diptych composed by the\u00a0catalogue\u00a0and the re-edition\u00a0of Suzanne\u2019s book from 1976\u00a0\u201cO Ambiente Geogr\u00e1fico\u00a0Natural\u201d [\u2018The Natural Geographical Environment\u2019],\u00a0edited by\u00a0Museu da Paisagem\u00a0[Landscape Museum].","breadcrumb":{"@id":"http:\/\/madalenavidigal.pt\/en\/atlas-suzanne-daveau\/#breadcrumb"},"inLanguage":"en-US","potentialAction":[{"@type":"ReadAction","target":[["http:\/\/madalenavidigal.pt\/en\/atlas-suzanne-daveau\/"]]}]},{"@type":"ImageObject","inLanguage":"en-US","@id":"http:\/\/madalenavidigal.pt\/en\/atlas-suzanne-daveau\/#primaryimage","url":"http:\/\/madalenavidigal.pt\/wp-content\/uploads\/2025\/06\/Madalena-Vidigal_Atlas-Suzanne-Daveu-5.jpg","contentUrl":"http:\/\/madalenavidigal.pt\/wp-content\/uploads\/2025\/06\/Madalena-Vidigal_Atlas-Suzanne-Daveu-5.jpg","width":2400,"height":1600},{"@type":"BreadcrumbList","@id":"http:\/\/madalenavidigal.pt\/en\/atlas-suzanne-daveau\/#breadcrumb","itemListElement":[{"@type":"ListItem","position":1,"name":"In\u00edcio","item":"http:\/\/madalenavidigal.pt\/en\/"},{"@type":"ListItem","position":2,"name":"Atlas Suzanne Daveau"}]},{"@type":"WebSite","@id":"http:\/\/madalenavidigal.pt\/en\/#website","url":"http:\/\/madalenavidigal.pt\/en\/","name":"Madalena Vidigal | Architect & Independent Researcher","description":"Architect and independent researcher based in Portugal. Exploring legacy, communality &amp; sufficiency through collaborative projects, exhibitions &amp; ecological building.","publisher":{"@id":"http:\/\/madalenavidigal.pt\/en\/#\/schema\/person\/9a2f0ddf8d19d3e08eefd815a1444fdb"},"potentialAction":[{"@type":"SearchAction","target":{"@type":"EntryPoint","urlTemplate":"http:\/\/madalenavidigal.pt\/en\/?s={search_term_string}"},"query-input":{"@type":"PropertyValueSpecification","valueRequired":true,"valueName":"search_term_string"}}],"inLanguage":"en-US"},{"@type":["Person","Organization"],"@id":"http:\/\/madalenavidigal.pt\/en\/#\/schema\/person\/9a2f0ddf8d19d3e08eefd815a1444fdb","name":"admin8128","image":{"@type":"ImageObject","inLanguage":"en-US","@id":"http:\/\/madalenavidigal.pt\/wp-content\/uploads\/2025\/06\/Madalena-Vidigal-Portrait.jpg","url":"http:\/\/madalenavidigal.pt\/wp-content\/uploads\/2025\/06\/Madalena-Vidigal-Portrait.jpg","contentUrl":"http:\/\/madalenavidigal.pt\/wp-content\/uploads\/2025\/06\/Madalena-Vidigal-Portrait.jpg","width":1228,"height":1818,"caption":"admin8128"},"logo":{"@id":"http:\/\/madalenavidigal.pt\/wp-content\/uploads\/2025\/06\/Madalena-Vidigal-Portrait.jpg"},"sameAs":["http:\/\/madalenavidigal.pt","https:\/\/www.facebook.com\/madalena.v.vieira\/","https:\/\/www.instagram.com\/mvidigalvieira\/","https:\/\/www.linkedin.com\/in\/madalena-vidigal\/"],"url":"http:\/\/madalenavidigal.pt\/en\/author\/admin8128\/"}]}},"grid":"{\r\n  \"colCount\": 10,\r\n  \"colGutter\": 0,\r\n  \"rowGutters\": [\r\n    0,\r\n    125,\r\n    125,\r\n    125,\r\n    125,\r\n    125,\r\n    125,\r\n    125,\r\n    125,\r\n    125,\r\n    125\r\n  ],\r\n  \"frameMargin\": 5,\r\n  \"leftFrameMargin\": 25,\r\n  \"rightFrameMargin\": 25,\r\n  \"topFrameMargin\": 25,\r\n  \"mus\": {\r\n    \"colGutterMu\": \"px\",\r\n    \"rowGutterMu\": \"px\",\r\n    \"topFrameMu\": \"px\",\r\n    \"bottomFrameMu\": \"px\",\r\n    \"frameMu\": \"px\"\r\n  },\r\n  \"bottomFrameMargin\": 50,\r\n  \"rowAttrs\": [\r\n    {\r\n      \"relid\": 4\r\n    },\r\n    {\r\n      \"relid\": 1\r\n    },\r\n    {\r\n      \"relid\": 31\r\n    },\r\n    {\r\n      \"relid\": 9\r\n    },\r\n    {\r\n      \"relid\": 16\r\n    },\r\n    {\r\n      \"relid\": 38\r\n    },\r\n    {\r\n      \"relid\": 26\r\n    },\r\n    {\r\n      \"relid\": 48\r\n    },\r\n    {\r\n      \"relid\": 47\r\n    },\r\n    {\r\n      \"relid\": 23\r\n    },\r\n    {\r\n      \"relid\": 13\r\n    },\r\n    {\r\n      \"relid\": 11\r\n    }\r\n  ],\r\n  \"bgColor\": null,\r\n  \"bgImage\": null,\r\n  \"cont\": [\r\n    {\r\n      \"type\": \"text\",\r\n      \"cont\": \"<p style=\\\"text-align: center;\\\">Studies<\/p>\",\r\n      \"align\": \"middle\",\r\n      \"row\": 0,\r\n      \"col\": 4,\r\n      \"colspan\": 1,\r\n      \"offsetx\": 0,\r\n      \"offsety\": 0,\r\n      \"spaceabove\": 0,\r\n      \"spacebelow\": 0,\r\n      \"yvel\": 1,\r\n      \"push\": 4,\r\n      \"relid\": 5,\r\n      \"absolute_position\": false,\r\n      \"frameOverflow\": \"\",\r\n      \"textAnimation\": {\r\n        \"enableTextAnimation\": false\r\n      },\r\n      \"bgColor\": {\r\n        \"enableBgColor\": true,\r\n        \"bgColor\": \"#FFBC44\",\r\n        \"bgOpacity\": 100\r\n      },\r\n      \"zIndex\": 0\r\n    },\r\n    {\r\n      \"type\": \"text\",\r\n      \"cont\": \"<p style=\\\"text-align: center;\\\">Publications<\/p>\",\r\n      \"align\": \"middle\",\r\n      \"row\": 0,\r\n      \"col\": 5,\r\n      \"colspan\": 1,\r\n      \"offsetx\": 0,\r\n      \"offsety\": 0,\r\n      \"spaceabove\": 0,\r\n      \"spacebelow\": 0,\r\n      \"yvel\": 1,\r\n      \"push\": 0,\r\n      \"relid\": 6,\r\n      \"absolute_position\": false,\r\n      \"frameOverflow\": \"\",\r\n      \"textAnimation\": {\r\n        \"enableTextAnimation\": false\r\n      },\r\n      \"bgColor\": {\r\n        \"enableBgColor\": true,\r\n        \"bgColor\": \"#587CFF\",\r\n        \"bgOpacity\": 100\r\n      },\r\n      \"zIndex\": 1\r\n    },\r\n    {\r\n      \"type\": \"text\",\r\n      \"cont\": \"<p style=\\\"text-align: center;\\\">Curation<\/p>\",\r\n      \"align\": \"top\",\r\n      \"row\": 0,\r\n      \"col\": 6,\r\n      \"colspan\": 1,\r\n      \"offsetx\": 0,\r\n      \"offsety\": 0,\r\n      \"spaceabove\": 0,\r\n      \"spacebelow\": 0,\r\n      \"yvel\": 1,\r\n      \"push\": 0,\r\n      \"relid\": 15,\r\n      \"absolute_position\": false,\r\n      \"frameOverflow\": \"\",\r\n      \"textAnimation\": {\r\n        \"enableTextAnimation\": false\r\n      },\r\n      \"bgColor\": {\r\n        \"enableBgColor\": true,\r\n        \"bgColor\": \"#F19E8E\",\r\n        \"bgOpacity\": 100\r\n      },\r\n      \"zIndex\": 2\r\n    },\r\n    {\r\n      \"type\": \"text\",\r\n      \"cont\": \"<p class=\\\"_Big\\\">Atlas Suzanne Daveau<\/p>\\n<p class=\\\"_Default\\\">with Duarte Belo and Museu da Paisagem<\/p>\",\r\n      \"align\": \"top\",\r\n      \"row\": 1,\r\n      \"col\": 0,\r\n      \"colspan\": 5,\r\n      \"offsetx\": 0,\r\n      \"offsety\": 0,\r\n      \"spaceabove\": 0,\r\n      \"spacebelow\": 0,\r\n      \"yvel\": 1,\r\n      \"push\": 0,\r\n      \"relid\": 2,\r\n      \"absolute_position\": false,\r\n      \"zIndex\": 3\r\n    },\r\n    {\r\n      \"type\": \"text\",\r\n      \"cont\": \"<div data-collapsed=\\\"false\\\">\\n<div>\\n<div>\\n<div data-type=\\\"text\\\" data-yvel=\\\"1\\\">\\n<div>\\n<p class=\\\"_Small\\\" style=\\\"text-align: right;\\\"><span>November 2019 - July 2021<\/span><\/p>\\n<\/div>\\n<\/div>\\n<\/div>\\n<\/div>\\n<\/div>\",\r\n      \"align\": \"top\",\r\n      \"row\": 1,\r\n      \"col\": 5,\r\n      \"colspan\": 5,\r\n      \"offsetx\": 0,\r\n      \"offsety\": 0,\r\n      \"spaceabove\": 0,\r\n      \"spacebelow\": 0,\r\n      \"yvel\": 1,\r\n      \"push\": 0,\r\n      \"relid\": 3,\r\n      \"absolute_position\": false,\r\n      \"frameOverflow\": \"\",\r\n      \"textAnimation\": {\r\n        \"enableTextAnimation\": false\r\n      },\r\n      \"zIndex\": 4\r\n    },\r\n    {\r\n      \"type\": \"carousel\",\r\n      \"cont\": \"\",\r\n      \"align\": \"top\",\r\n      \"row\": 2,\r\n      \"col\": 1,\r\n      \"colspan\": 8,\r\n      \"offsetx\": 0,\r\n      \"offsety\": 0,\r\n      \"spaceabove\": 0,\r\n      \"spacebelow\": 0,\r\n      \"yvel\": 1,\r\n      \"push\": 1,\r\n      \"relid\": 32,\r\n      \"carousel_options\": {\r\n        \"random\": false,\r\n        \"autoplay\": false,\r\n        \"showMultipleSlides\": false,\r\n        \"freeScroll\": false,\r\n        \"mousewheelScroll\": false,\r\n        \"size\": \"aspectRatioOfFirstElement\",\r\n        \"slidesWidth\": \"null\",\r\n        \"transition\": \"sliding\",\r\n        \"loop\": \"1\",\r\n        \"spaceBetween\": 0,\r\n        \"captionsUnderSlides\": false,\r\n        \"autoplaySpeed\": 3000,\r\n        \"autoplayDelay\": 0,\r\n        \"transitionSpeed\": 300\r\n      },\r\n      \"carousel\": [\r\n        {\r\n          \"type\": \"img\",\r\n          \"attid\": 46,\r\n          \"cont\": \"\/wp-content\/uploads\/2025\/06\/Madalena-Vidigal_Atlas-Suzanne-Daveu-5.jpg\",\r\n          \"sizes\": {\r\n            \"full\": \"\/wp-content\/uploads\/2025\/06\/Madalena-Vidigal_Atlas-Suzanne-Daveu-5.jpg\",\r\n            \"_1920\": \"\/wp-content\/uploads\/2025\/06\/Madalena-Vidigal_Atlas-Suzanne-Daveu-5-1920x1280.jpg\",\r\n            \"_1280\": \"\/wp-content\/uploads\/2025\/06\/Madalena-Vidigal_Atlas-Suzanne-Daveu-5-1280x853.jpg\",\r\n            \"_1024\": \"\/wp-content\/uploads\/2025\/06\/Madalena-Vidigal_Atlas-Suzanne-Daveu-5-1024x683.jpg\",\r\n            \"_768\": \"\/wp-content\/uploads\/2025\/06\/Madalena-Vidigal_Atlas-Suzanne-Daveu-5-768x512.jpg\",\r\n            \"_512\": \"\/wp-content\/uploads\/2025\/06\/Madalena-Vidigal_Atlas-Suzanne-Daveu-5-512x341.jpg\",\r\n            \"_265\": \"\/wp-content\/uploads\/2025\/06\/Madalena-Vidigal_Atlas-Suzanne-Daveu-5-265x177.jpg\"\r\n          },\r\n          \"w\": 2400,\r\n          \"h\": 1600,\r\n          \"ar\": 0.6666666666666666,\r\n          \"alt\": \"\",\r\n          \"caption\": \"<p class=\\\"_Small\\\"><span>\u00a9 Suzanne Daveau<\/span><\/p>\"\r\n        },\r\n        {\r\n          \"type\": \"img\",\r\n          \"attid\": 43,\r\n          \"cont\": \"\/wp-content\/uploads\/2025\/06\/Madalena-Vidigal_Atlas-Suzanne-Daveu-2.jpg\",\r\n          \"sizes\": {\r\n            \"full\": \"\/wp-content\/uploads\/2025\/06\/Madalena-Vidigal_Atlas-Suzanne-Daveu-2.jpg\",\r\n            \"_1920\": \"\/wp-content\/uploads\/2025\/06\/Madalena-Vidigal_Atlas-Suzanne-Daveu-2-1920x1280.jpg\",\r\n            \"_1280\": \"\/wp-content\/uploads\/2025\/06\/Madalena-Vidigal_Atlas-Suzanne-Daveu-2-1280x853.jpg\",\r\n            \"_1024\": \"\/wp-content\/uploads\/2025\/06\/Madalena-Vidigal_Atlas-Suzanne-Daveu-2-1024x683.jpg\",\r\n            \"_768\": \"\/wp-content\/uploads\/2025\/06\/Madalena-Vidigal_Atlas-Suzanne-Daveu-2-768x512.jpg\",\r\n            \"_512\": \"\/wp-content\/uploads\/2025\/06\/Madalena-Vidigal_Atlas-Suzanne-Daveu-2-512x341.jpg\",\r\n            \"_265\": \"\/wp-content\/uploads\/2025\/06\/Madalena-Vidigal_Atlas-Suzanne-Daveu-2-265x177.jpg\"\r\n          },\r\n          \"w\": 2400,\r\n          \"h\": 1600,\r\n          \"ar\": 0.6666666666666666,\r\n          \"alt\": \"\",\r\n          \"caption\": \"<p class=\\\"_Small\\\"><span>\u00a9 Suzanne Daveau<\/span><\/p>\"\r\n        },\r\n        {\r\n          \"type\": \"img\",\r\n          \"attid\": 44,\r\n          \"cont\": \"\/wp-content\/uploads\/2025\/06\/Madalena-Vidigal_Atlas-Suzanne-Daveu-3.jpg\",\r\n          \"sizes\": {\r\n            \"full\": \"\/wp-content\/uploads\/2025\/06\/Madalena-Vidigal_Atlas-Suzanne-Daveu-3.jpg\",\r\n            \"_1280\": \"\/wp-content\/uploads\/2025\/06\/Madalena-Vidigal_Atlas-Suzanne-Daveu-3-1280x1247.jpg\",\r\n            \"_1024\": \"\/wp-content\/uploads\/2025\/06\/Madalena-Vidigal_Atlas-Suzanne-Daveu-3-1024x997.jpg\",\r\n            \"_768\": \"\/wp-content\/uploads\/2025\/06\/Madalena-Vidigal_Atlas-Suzanne-Daveu-3-768x748.jpg\",\r\n            \"_512\": \"\/wp-content\/uploads\/2025\/06\/Madalena-Vidigal_Atlas-Suzanne-Daveu-3-512x499.jpg\",\r\n            \"_265\": \"\/wp-content\/uploads\/2025\/06\/Madalena-Vidigal_Atlas-Suzanne-Daveu-3-265x258.jpg\"\r\n          },\r\n          \"w\": 1920,\r\n          \"h\": 1870,\r\n          \"ar\": 0.9739583333333334,\r\n          \"alt\": \"\",\r\n          \"caption\": \"<p class=\\\"_Small\\\"><span>\u00a9 Suzanne Daveau<\/span><\/p>\"\r\n        },\r\n        {\r\n          \"type\": \"img\",\r\n          \"attid\": 42,\r\n          \"cont\": \"\/wp-content\/uploads\/2025\/06\/Madalena-Vidigal_Atlas-Suzanne-Daveu-1.jpg\",\r\n          \"sizes\": {\r\n            \"full\": \"\/wp-content\/uploads\/2025\/06\/Madalena-Vidigal_Atlas-Suzanne-Daveu-1.jpg\",\r\n            \"_1280\": \"\/wp-content\/uploads\/2025\/06\/Madalena-Vidigal_Atlas-Suzanne-Daveu-1-1280x853.jpg\",\r\n            \"_1024\": \"\/wp-content\/uploads\/2025\/06\/Madalena-Vidigal_Atlas-Suzanne-Daveu-1-1024x683.jpg\",\r\n            \"_768\": \"\/wp-content\/uploads\/2025\/06\/Madalena-Vidigal_Atlas-Suzanne-Daveu-1-768x512.jpg\",\r\n            \"_512\": \"\/wp-content\/uploads\/2025\/06\/Madalena-Vidigal_Atlas-Suzanne-Daveu-1-512x341.jpg\",\r\n            \"_265\": \"\/wp-content\/uploads\/2025\/06\/Madalena-Vidigal_Atlas-Suzanne-Daveu-1-265x177.jpg\"\r\n          },\r\n          \"w\": 1920,\r\n          \"h\": 1280,\r\n          \"ar\": 0.6666666666666666,\r\n          \"alt\": \"\",\r\n          \"caption\": \"<p class=\\\"_Small\\\"><span>\u00a9 Suzanne Daveau<\/span><\/p>\"\r\n        },\r\n        {\r\n          \"type\": \"img\",\r\n          \"attid\": 104,\r\n          \"cont\": \"\/wp-content\/uploads\/2025\/06\/dg1015726.jpg\",\r\n          \"sizes\": {\r\n            \"full\": \"\/wp-content\/uploads\/2025\/06\/dg1015726.jpg\",\r\n            \"_1280\": \"\/wp-content\/uploads\/2025\/06\/dg1015726-1280x960.jpg\",\r\n            \"_1024\": \"\/wp-content\/uploads\/2025\/06\/dg1015726-1024x768.jpg\",\r\n            \"_768\": \"\/wp-content\/uploads\/2025\/06\/dg1015726-768x576.jpg\",\r\n            \"_512\": \"\/wp-content\/uploads\/2025\/06\/dg1015726-512x384.jpg\",\r\n            \"_265\": \"\/wp-content\/uploads\/2025\/06\/dg1015726-265x199.jpg\"\r\n          },\r\n          \"w\": 1920,\r\n          \"h\": 1440,\r\n          \"ar\": 0.75,\r\n          \"alt\": \"\",\r\n          \"caption\": \"<p class=\\\"_Small\\\">\u00a9 Duarte Belo<\/p>\"\r\n        },\r\n        {\r\n          \"type\": \"img\",\r\n          \"attid\": 105,\r\n          \"cont\": \"\/wp-content\/uploads\/2025\/06\/dg1015886.jpg\",\r\n          \"sizes\": {\r\n            \"full\": \"\/wp-content\/uploads\/2025\/06\/dg1015886.jpg\",\r\n            \"_1280\": \"\/wp-content\/uploads\/2025\/06\/dg1015886-1280x960.jpg\",\r\n            \"_1024\": \"\/wp-content\/uploads\/2025\/06\/dg1015886-1024x768.jpg\",\r\n            \"_768\": \"\/wp-content\/uploads\/2025\/06\/dg1015886-768x576.jpg\",\r\n            \"_512\": \"\/wp-content\/uploads\/2025\/06\/dg1015886-512x384.jpg\",\r\n            \"_265\": \"\/wp-content\/uploads\/2025\/06\/dg1015886-265x199.jpg\"\r\n          },\r\n          \"w\": 1920,\r\n          \"h\": 1440,\r\n          \"ar\": 0.75,\r\n          \"alt\": \"\",\r\n          \"caption\": \"<p class=\\\"_Small\\\">\u00a9 Duarte Belo<\/p>\"\r\n        },\r\n        {\r\n          \"type\": \"img\",\r\n          \"attid\": 45,\r\n          \"cont\": \"\/wp-content\/uploads\/2025\/06\/Madalena-Vidigal_Atlas-Suzanne-Daveu-4.jpg\",\r\n          \"sizes\": {\r\n            \"full\": \"\/wp-content\/uploads\/2025\/06\/Madalena-Vidigal_Atlas-Suzanne-Daveu-4.jpg\",\r\n            \"_2560\": \"\/wp-content\/uploads\/2025\/06\/Madalena-Vidigal_Atlas-Suzanne-Daveu-4-2560x939.jpg\",\r\n            \"_1920\": \"\/wp-content\/uploads\/2025\/06\/Madalena-Vidigal_Atlas-Suzanne-Daveu-4-1920x705.jpg\",\r\n            \"_1280\": \"\/wp-content\/uploads\/2025\/06\/Madalena-Vidigal_Atlas-Suzanne-Daveu-4-1280x470.jpg\",\r\n            \"_1024\": \"\/wp-content\/uploads\/2025\/06\/Madalena-Vidigal_Atlas-Suzanne-Daveu-4-1024x376.jpg\",\r\n            \"_768\": \"\/wp-content\/uploads\/2025\/06\/Madalena-Vidigal_Atlas-Suzanne-Daveu-4-768x282.jpg\",\r\n            \"_512\": \"\/wp-content\/uploads\/2025\/06\/Madalena-Vidigal_Atlas-Suzanne-Daveu-4-512x188.jpg\",\r\n            \"_265\": \"\/wp-content\/uploads\/2025\/06\/Madalena-Vidigal_Atlas-Suzanne-Daveu-4-265x97.jpg\"\r\n          },\r\n          \"w\": 2943,\r\n          \"h\": 1080,\r\n          \"ar\": 0.3669724770642202,\r\n          \"alt\": \"\",\r\n          \"caption\": \"<p class=\\\"_Small\\\"><span>\u00a9 Suzanne Daveau <\/span>\/ Museu da Paisagem<\/p>\"\r\n        }\r\n      ],\r\n      \"absolute_position\": false,\r\n      \"textAnimation\": {\r\n        \"enableTextAnimation\": false\r\n      },\r\n      \"zIndex\": 5\r\n    },\r\n    {\r\n      \"type\": \"text\",\r\n      \"cont\": \"<div data-collapsed=\\\"false\\\">\\n<div>\\n<div>\\n<div data-type=\\\"text\\\" data-yvel=\\\"1\\\">\\n<div>\\n<p class=\\\"_Default\\\">The<span>\u00a0<\/span><i>Atlas Suzanne Daveau<span>\u00a0<\/span><\/i>was the journey through a singular photographic universe; the portrait, the map, the geography of a tireless woman who sought to know<span>\u00a0<\/span><span>and transmit the human wisdom that is revealed from\u00a0<\/span><span>the earth. Perhaps what this search gives us back\u00a0<\/span><span>today, is the restlessness of the present time and how\u00a0<\/span><span>knowledge is the best tool we have to deal with an open\u00a0<\/span><span>and permanently changing world.<\/span><\/p>\\n<p class=\\\"_Default\\\">The work on the geographer<i><span>\u00a0<\/span><\/i>Suzanne Daveau (1925-)<span>\u00a0<\/span><span>resulted in an exhibition that was showed at the\u00a0<\/span><a rel=\\\"noopener\\\" href=\\\"https:\/\/www.bnportugal.gov.pt\/index.php?option=com_content&amp;view=article&amp;id=1600%3Aexposicao-atlas-suzanne-daveau-16-abr-30-jul-21&amp;catid=172%3A2021&amp;Itemid=1602&amp;lang=pt\\\" target=\\\"_blank\\\" data-id=\\\"0\\\"><span>National\u00a0<\/span><span>Library of Portugal<\/span><\/a><span>, between April and July 2021; and in\u00a0<\/span><span>a diptych composed by the\u00a0<\/span><a rel=\\\"noopener\\\" href=\\\"https:\/\/industriacriativa.pt\/projeto\/62337\/atlas-suzanne-daveau\\\" target=\\\"_blank\\\"><span>catalogue<\/span><\/a><span>\u00a0and the re-edition\u00a0<\/span><span>of Suzanne\u2019s book from 1976\u00a0<\/span><span>\u201cO Ambiente Geogr\u00e1fico\u00a0<\/span><span>Natural\u201d [\u2018The Natural Geographical Environment\u2019]<\/span><span>,\u00a0<\/span>edited by<span>\u00a0<\/span><a rel=\\\"noopener\\\" href=\\\"https:\/\/museudapaisagem.pt\/\\\" target=\\\"_blank\\\"><span>Museu da Paisagem<\/span><\/a><span>\u00a0<\/span>[Landscape Museum].<\/p>\\n<\/div>\\n<\/div>\\n<\/div>\\n<\/div>\\n<\/div>\",\r\n      \"align\": \"top\",\r\n      \"row\": 3,\r\n      \"col\": 1,\r\n      \"colspan\": 4,\r\n      \"offsetx\": 0,\r\n      \"offsety\": 0,\r\n      \"spaceabove\": 0,\r\n      \"spacebelow\": 0,\r\n      \"yvel\": 1,\r\n      \"push\": 1,\r\n      \"relid\": 10,\r\n      \"absolute_position\": false,\r\n      \"textAnimation\": {\r\n        \"enableTextAnimation\": false\r\n      },\r\n      \"zIndex\": 6\r\n    },\r\n    {\r\n      \"type\": \"text\",\r\n      \"cont\": \"<p class=\\\"_Small\\\" style=\\\"text-align: right;\\\"><a rel=\\\"noopener\\\" href=\\\"https:\/\/observador.pt\/2021\/07\/13\/suzanne-daveau-aventura-e-servico\/\\\" target=\\\"_blank\\\">Critical Review +<\/a><\/p>\",\r\n      \"align\": \"top\",\r\n      \"row\": 3,\r\n      \"col\": 7,\r\n      \"colspan\": 2,\r\n      \"offsetx\": 0,\r\n      \"offsety\": 0,\r\n      \"spaceabove\": 0,\r\n      \"spacebelow\": 0,\r\n      \"yvel\": 1,\r\n      \"push\": 2,\r\n      \"relid\": 49,\r\n      \"absolute_position\": false,\r\n      \"textAnimation\": {\r\n        \"enableTextAnimation\": false\r\n      },\r\n      \"zIndex\": 7\r\n    },\r\n    {\r\n      \"type\": \"img\",\r\n      \"cont\": \"\/wp-content\/uploads\/2025\/06\/Madalena-Vidigal_Atlas-Suzanne-Daveu-7.jpg\",\r\n      \"align\": \"top\",\r\n      \"row\": 4,\r\n      \"offsetx\": 0,\r\n      \"offsety\": 0,\r\n      \"spaceabove\": 0,\r\n      \"spacebelow\": 0,\r\n      \"yvel\": 1,\r\n      \"relid\": 27,\r\n      \"attid\": 48,\r\n      \"sizes\": {\r\n        \"full\": \"\/wp-content\/uploads\/2025\/06\/Madalena-Vidigal_Atlas-Suzanne-Daveu-7.jpg\",\r\n        \"_1280\": \"\/wp-content\/uploads\/2025\/06\/Madalena-Vidigal_Atlas-Suzanne-Daveu-7-1280x1279.jpg\",\r\n        \"_1024\": \"\/wp-content\/uploads\/2025\/06\/Madalena-Vidigal_Atlas-Suzanne-Daveu-7-1024x1023.jpg\",\r\n        \"_768\": \"\/wp-content\/uploads\/2025\/06\/Madalena-Vidigal_Atlas-Suzanne-Daveu-7-768x768.jpg\",\r\n        \"_512\": \"\/wp-content\/uploads\/2025\/06\/Madalena-Vidigal_Atlas-Suzanne-Daveu-7-512x512.jpg\",\r\n        \"_265\": \"\/wp-content\/uploads\/2025\/06\/Madalena-Vidigal_Atlas-Suzanne-Daveu-7-265x265.jpg\"\r\n      },\r\n      \"w\": 1920,\r\n      \"h\": 1919,\r\n      \"ar\": 0.9994791666666667,\r\n      \"alt\": \"\",\r\n      \"textAnimation\": {\r\n        \"enableTextAnimation\": false\r\n      },\r\n      \"lightbox_caption\": \"<p class=\\\"_Small\\\"><span>\u00a9 Duarte Belo<\/span><\/p>\",\r\n      \"caption\": \"\",\r\n      \"zIndex\": 19,\r\n      \"colspan\": 3,\r\n      \"col\": 6,\r\n      \"push\": 6,\r\n      \"absolute_position\": false\r\n    },\r\n    {\r\n      \"type\": \"img\",\r\n      \"cont\": \"\/wp-content\/uploads\/2025\/06\/Madalena-Vidigal_Atlas-Suzanne-Daveu-6.jpg\",\r\n      \"align\": \"top\",\r\n      \"row\": 5,\r\n      \"col\": 3,\r\n      \"colspan\": 3,\r\n      \"offsetx\": 0,\r\n      \"offsety\": 0,\r\n      \"spaceabove\": 0,\r\n      \"spacebelow\": 0,\r\n      \"yvel\": 1,\r\n      \"push\": 3,\r\n      \"relid\": 28,\r\n      \"attid\": 47,\r\n      \"sizes\": {\r\n        \"full\": \"\/wp-content\/uploads\/2025\/06\/Madalena-Vidigal_Atlas-Suzanne-Daveu-6.jpg\",\r\n        \"_1280\": \"\/wp-content\/uploads\/2025\/06\/Madalena-Vidigal_Atlas-Suzanne-Daveu-6-1280x1280.jpg\",\r\n        \"_1024\": \"\/wp-content\/uploads\/2025\/06\/Madalena-Vidigal_Atlas-Suzanne-Daveu-6-1024x1024.jpg\",\r\n        \"_768\": \"\/wp-content\/uploads\/2025\/06\/Madalena-Vidigal_Atlas-Suzanne-Daveu-6-768x768.jpg\",\r\n        \"_512\": \"\/wp-content\/uploads\/2025\/06\/Madalena-Vidigal_Atlas-Suzanne-Daveu-6-512x512.jpg\",\r\n        \"_265\": \"\/wp-content\/uploads\/2025\/06\/Madalena-Vidigal_Atlas-Suzanne-Daveu-6-265x265.jpg\"\r\n      },\r\n      \"w\": 1920,\r\n      \"h\": 1920,\r\n      \"ar\": 1,\r\n      \"alt\": \"\",\r\n      \"absolute_position\": false,\r\n      \"textAnimation\": {\r\n        \"enableTextAnimation\": false\r\n      },\r\n      \"lightbox_caption\": \"<p class=\\\"_Small\\\"><span>\u00a9 Duarte Belo<\/span><\/p>\",\r\n      \"zIndex\": 8,\r\n      \"frameOverflow\": \"\"\r\n    },\r\n    {\r\n      \"type\": \"img\",\r\n      \"cont\": \"\/wp-content\/uploads\/2025\/06\/Madalena-Vidigal_Atlas-Suzanne-Daveu-10.jpg\",\r\n      \"align\": \"top\",\r\n      \"row\": 6,\r\n      \"col\": 1,\r\n      \"colspan\": 3,\r\n      \"offsetx\": 0,\r\n      \"offsety\": 0,\r\n      \"spaceabove\": 0,\r\n      \"spacebelow\": 0,\r\n      \"yvel\": 1,\r\n      \"push\": 1,\r\n      \"relid\": 22,\r\n      \"attid\": 51,\r\n      \"sizes\": {\r\n        \"full\": \"\/wp-content\/uploads\/2025\/06\/Madalena-Vidigal_Atlas-Suzanne-Daveu-10.jpg\",\r\n        \"_1280\": \"\/wp-content\/uploads\/2025\/06\/Madalena-Vidigal_Atlas-Suzanne-Daveu-10-1280x1280.jpg\",\r\n        \"_1024\": \"\/wp-content\/uploads\/2025\/06\/Madalena-Vidigal_Atlas-Suzanne-Daveu-10-1024x1024.jpg\",\r\n        \"_768\": \"\/wp-content\/uploads\/2025\/06\/Madalena-Vidigal_Atlas-Suzanne-Daveu-10-768x768.jpg\",\r\n        \"_512\": \"\/wp-content\/uploads\/2025\/06\/Madalena-Vidigal_Atlas-Suzanne-Daveu-10-512x512.jpg\",\r\n        \"_265\": \"\/wp-content\/uploads\/2025\/06\/Madalena-Vidigal_Atlas-Suzanne-Daveu-10-265x265.jpg\"\r\n      },\r\n      \"w\": 1920,\r\n      \"h\": 1920,\r\n      \"ar\": 1,\r\n      \"alt\": \"\",\r\n      \"absolute_position\": false,\r\n      \"textAnimation\": {\r\n        \"enableTextAnimation\": false\r\n      },\r\n      \"lightbox_caption\": \"<p class=\\\"_Small\\\"><span>\u00a9 Duarte Belo<\/span><\/p>\",\r\n      \"zIndex\": 9,\r\n      \"frameOverflow\": \"\"\r\n    },\r\n    {\r\n      \"type\": \"img\",\r\n      \"cont\": \"\/wp-content\/uploads\/2025\/06\/Madalena-Vidigal_Atlas-Suzanne-Daveu-8.jpg\",\r\n      \"align\": \"bottom\",\r\n      \"row\": 6,\r\n      \"col\": 6,\r\n      \"colspan\": 2,\r\n      \"offsetx\": 0,\r\n      \"offsety\": 0,\r\n      \"spaceabove\": 0,\r\n      \"spacebelow\": 0,\r\n      \"yvel\": 1,\r\n      \"push\": 2,\r\n      \"relid\": 25,\r\n      \"attid\": 49,\r\n      \"sizes\": {\r\n        \"full\": \"\/wp-content\/uploads\/2025\/06\/Madalena-Vidigal_Atlas-Suzanne-Daveu-8.jpg\",\r\n        \"_1280\": \"\/wp-content\/uploads\/2025\/06\/Madalena-Vidigal_Atlas-Suzanne-Daveu-8-1280x960.jpg\",\r\n        \"_1024\": \"\/wp-content\/uploads\/2025\/06\/Madalena-Vidigal_Atlas-Suzanne-Daveu-8-1024x768.jpg\",\r\n        \"_768\": \"\/wp-content\/uploads\/2025\/06\/Madalena-Vidigal_Atlas-Suzanne-Daveu-8-768x576.jpg\",\r\n        \"_512\": \"\/wp-content\/uploads\/2025\/06\/Madalena-Vidigal_Atlas-Suzanne-Daveu-8-512x384.jpg\",\r\n        \"_265\": \"\/wp-content\/uploads\/2025\/06\/Madalena-Vidigal_Atlas-Suzanne-Daveu-8-265x199.jpg\"\r\n      },\r\n      \"w\": 1920,\r\n      \"h\": 1440,\r\n      \"ar\": 0.75,\r\n      \"alt\": \"\",\r\n      \"absolute_position\": false,\r\n      \"textAnimation\": {\r\n        \"enableTextAnimation\": false\r\n      },\r\n      \"lightbox_caption\": \"<p class=\\\"_Small\\\"><span>\u00a9 Duarte Belo<\/span><\/p>\",\r\n      \"zIndex\": 10\r\n    },\r\n    {\r\n      \"type\": \"img\",\r\n      \"cont\": \"\/wp-content\/uploads\/2025\/06\/Madalena-Vidigal_Atlas-Suzanne-Daveu-13.jpg\",\r\n      \"align\": \"bottom\",\r\n      \"row\": 7,\r\n      \"col\": 2,\r\n      \"colspan\": 2,\r\n      \"offsetx\": 0,\r\n      \"offsety\": 0,\r\n      \"spaceabove\": 0,\r\n      \"spacebelow\": 0,\r\n      \"yvel\": 1,\r\n      \"push\": 2,\r\n      \"relid\": 19,\r\n      \"attid\": 54,\r\n      \"sizes\": {\r\n        \"full\": \"\/wp-content\/uploads\/2025\/06\/Madalena-Vidigal_Atlas-Suzanne-Daveu-13.jpg\",\r\n        \"_1920\": \"\/wp-content\/uploads\/2025\/06\/Madalena-Vidigal_Atlas-Suzanne-Daveu-13-1920x1200.jpg\",\r\n        \"_1280\": \"\/wp-content\/uploads\/2025\/06\/Madalena-Vidigal_Atlas-Suzanne-Daveu-13-1280x800.jpg\",\r\n        \"_1024\": \"\/wp-content\/uploads\/2025\/06\/Madalena-Vidigal_Atlas-Suzanne-Daveu-13-1024x640.jpg\",\r\n        \"_768\": \"\/wp-content\/uploads\/2025\/06\/Madalena-Vidigal_Atlas-Suzanne-Daveu-13-768x480.jpg\",\r\n        \"_512\": \"\/wp-content\/uploads\/2025\/06\/Madalena-Vidigal_Atlas-Suzanne-Daveu-13-512x320.jpg\",\r\n        \"_265\": \"\/wp-content\/uploads\/2025\/06\/Madalena-Vidigal_Atlas-Suzanne-Daveu-13-265x166.jpg\"\r\n      },\r\n      \"w\": 2560,\r\n      \"h\": 1600,\r\n      \"ar\": 0.625,\r\n      \"alt\": \"\",\r\n      \"absolute_position\": false,\r\n      \"textAnimation\": {\r\n        \"enableTextAnimation\": false\r\n      },\r\n      \"lightbox_caption\": \"<p class=\\\"_Small\\\"><span>\u00a9 Jo\u00e3o Abreu \/ Museu da Paisagem<\/span><\/p>\",\r\n      \"zIndex\": 12\r\n    },\r\n    {\r\n      \"type\": \"img\",\r\n      \"cont\": \"\/wp-content\/uploads\/2025\/06\/Madalena-Vidigal_Atlas-Suzanne-Daveu-9.jpg\",\r\n      \"align\": \"top\",\r\n      \"row\": 7,\r\n      \"col\": 6,\r\n      \"colspan\": 2,\r\n      \"offsetx\": 0,\r\n      \"offsety\": 0,\r\n      \"spaceabove\": 0,\r\n      \"spacebelow\": 0,\r\n      \"yvel\": 1,\r\n      \"push\": 2,\r\n      \"relid\": 24,\r\n      \"attid\": 50,\r\n      \"sizes\": {\r\n        \"full\": \"\/wp-content\/uploads\/2025\/06\/Madalena-Vidigal_Atlas-Suzanne-Daveu-9.jpg\",\r\n        \"_1280\": \"\/wp-content\/uploads\/2025\/06\/Madalena-Vidigal_Atlas-Suzanne-Daveu-9-1280x1707.jpg\",\r\n        \"_1024\": \"\/wp-content\/uploads\/2025\/06\/Madalena-Vidigal_Atlas-Suzanne-Daveu-9-1024x1365.jpg\",\r\n        \"_768\": \"\/wp-content\/uploads\/2025\/06\/Madalena-Vidigal_Atlas-Suzanne-Daveu-9-768x1024.jpg\",\r\n        \"_512\": \"\/wp-content\/uploads\/2025\/06\/Madalena-Vidigal_Atlas-Suzanne-Daveu-9-512x683.jpg\",\r\n        \"_265\": \"\/wp-content\/uploads\/2025\/06\/Madalena-Vidigal_Atlas-Suzanne-Daveu-9-265x353.jpg\"\r\n      },\r\n      \"w\": 1800,\r\n      \"h\": 2400,\r\n      \"ar\": 1.3333333333333333,\r\n      \"alt\": \"\",\r\n      \"absolute_position\": false,\r\n      \"textAnimation\": {\r\n        \"enableTextAnimation\": false\r\n      },\r\n      \"lightbox_caption\": \"<p class=\\\"_Small\\\"><span>\u00a9 Madalena Vidigal<\/span><\/p>\",\r\n      \"zIndex\": 11\r\n    },\r\n    {\r\n      \"type\": \"img\",\r\n      \"cont\": \"\/wp-content\/uploads\/2025\/06\/IMG-7455.jpg\",\r\n      \"align\": \"top\",\r\n      \"row\": 8,\r\n      \"col\": 2,\r\n      \"colspan\": 2,\r\n      \"offsetx\": 0,\r\n      \"offsety\": 0,\r\n      \"spaceabove\": 0,\r\n      \"spacebelow\": 0,\r\n      \"yvel\": 1,\r\n      \"push\": 2,\r\n      \"relid\": 8,\r\n      \"attid\": 101,\r\n      \"sizes\": {\r\n        \"full\": \"\/wp-content\/uploads\/2025\/06\/IMG-7455.jpg\",\r\n        \"_3840\": \"\/wp-content\/uploads\/2025\/06\/IMG-7455-3840x2880.jpg\",\r\n        \"_3200\": \"\/wp-content\/uploads\/2025\/06\/IMG-7455-3200x2400.jpg\",\r\n        \"_2560\": \"\/wp-content\/uploads\/2025\/06\/IMG-7455-2560x1920.jpg\",\r\n        \"_1920\": \"\/wp-content\/uploads\/2025\/06\/IMG-7455-1920x1440.jpg\",\r\n        \"_1280\": \"\/wp-content\/uploads\/2025\/06\/IMG-7455-1280x960.jpg\",\r\n        \"_1024\": \"\/wp-content\/uploads\/2025\/06\/IMG-7455-1024x768.jpg\",\r\n        \"_768\": \"\/wp-content\/uploads\/2025\/06\/IMG-7455-768x576.jpg\",\r\n        \"_512\": \"\/wp-content\/uploads\/2025\/06\/IMG-7455-512x384.jpg\",\r\n        \"_265\": \"\/wp-content\/uploads\/2025\/06\/IMG-7455-265x199.jpg\"\r\n      },\r\n      \"w\": 4032,\r\n      \"h\": 3024,\r\n      \"ar\": 0.75,\r\n      \"alt\": \"\",\r\n      \"absolute_position\": false,\r\n      \"textAnimation\": {\r\n        \"enableTextAnimation\": false\r\n      },\r\n      \"zIndex\": 13,\r\n      \"lightbox_caption\": \"<p class=\\\"_Small\\\"><span>\u00a9 Madalena Vidigal<\/span><\/p>\"\r\n    },\r\n    {\r\n      \"type\": \"img\",\r\n      \"cont\": \"\/wp-content\/uploads\/2025\/06\/Madalena-Vidigal_Atlas-Suzanne-Daveu-11.jpg\",\r\n      \"align\": \"top\",\r\n      \"row\": 9,\r\n      \"col\": 5,\r\n      \"colspan\": 3,\r\n      \"offsetx\": 0,\r\n      \"offsety\": 0,\r\n      \"spaceabove\": 0,\r\n      \"spacebelow\": 0,\r\n      \"yvel\": 1,\r\n      \"push\": 5,\r\n      \"relid\": 21,\r\n      \"attid\": 52,\r\n      \"sizes\": {\r\n        \"full\": \"\/wp-content\/uploads\/2025\/06\/Madalena-Vidigal_Atlas-Suzanne-Daveu-11.jpg\",\r\n        \"_1920\": \"\/wp-content\/uploads\/2025\/06\/Madalena-Vidigal_Atlas-Suzanne-Daveu-11-1920x1099.jpg\",\r\n        \"_1280\": \"\/wp-content\/uploads\/2025\/06\/Madalena-Vidigal_Atlas-Suzanne-Daveu-11-1280x733.jpg\",\r\n        \"_1024\": \"\/wp-content\/uploads\/2025\/06\/Madalena-Vidigal_Atlas-Suzanne-Daveu-11-1024x586.jpg\",\r\n        \"_768\": \"\/wp-content\/uploads\/2025\/06\/Madalena-Vidigal_Atlas-Suzanne-Daveu-11-768x440.jpg\",\r\n        \"_512\": \"\/wp-content\/uploads\/2025\/06\/Madalena-Vidigal_Atlas-Suzanne-Daveu-11-512x293.jpg\",\r\n        \"_265\": \"\/wp-content\/uploads\/2025\/06\/Madalena-Vidigal_Atlas-Suzanne-Daveu-11-265x152.jpg\"\r\n      },\r\n      \"w\": 2400,\r\n      \"h\": 1374,\r\n      \"ar\": 0.5725,\r\n      \"alt\": \"\",\r\n      \"absolute_position\": false,\r\n      \"textAnimation\": {\r\n        \"enableTextAnimation\": false\r\n      },\r\n      \"lightbox_caption\": \"<p class=\\\"_Small\\\"><span>\u00a9 Suzanne Daveau<\/span><\/p>\",\r\n      \"zIndex\": 14\r\n    },\r\n    {\r\n      \"type\": \"img\",\r\n      \"cont\": \"\/wp-content\/uploads\/2025\/06\/Madalena-Vidigal_Atlas-Suzanne-Daveu-12.jpg\",\r\n      \"align\": \"top\",\r\n      \"row\": 10,\r\n      \"col\": 1,\r\n      \"colspan\": 2,\r\n      \"offsetx\": 0,\r\n      \"offsety\": 0,\r\n      \"spaceabove\": 0,\r\n      \"spacebelow\": 0,\r\n      \"yvel\": 1,\r\n      \"push\": 1,\r\n      \"relid\": 20,\r\n      \"attid\": 53,\r\n      \"sizes\": {\r\n        \"full\": \"\/wp-content\/uploads\/2025\/06\/Madalena-Vidigal_Atlas-Suzanne-Daveu-12.jpg\",\r\n        \"_1280\": \"\/wp-content\/uploads\/2025\/06\/Madalena-Vidigal_Atlas-Suzanne-Daveu-12-1280x1322.jpg\",\r\n        \"_1024\": \"\/wp-content\/uploads\/2025\/06\/Madalena-Vidigal_Atlas-Suzanne-Daveu-12-1024x1058.jpg\",\r\n        \"_768\": \"\/wp-content\/uploads\/2025\/06\/Madalena-Vidigal_Atlas-Suzanne-Daveu-12-768x793.jpg\",\r\n        \"_512\": \"\/wp-content\/uploads\/2025\/06\/Madalena-Vidigal_Atlas-Suzanne-Daveu-12-512x529.jpg\",\r\n        \"_265\": \"\/wp-content\/uploads\/2025\/06\/Madalena-Vidigal_Atlas-Suzanne-Daveu-12-265x274.jpg\"\r\n      },\r\n      \"w\": 1859,\r\n      \"h\": 1920,\r\n      \"ar\": 1.032813340505648,\r\n      \"alt\": \"\",\r\n      \"absolute_position\": false,\r\n      \"textAnimation\": {\r\n        \"enableTextAnimation\": false\r\n      },\r\n      \"lightbox_caption\": \"<p class=\\\"_Small\\\"><span>\u00a9 Suzanne Daveau<\/span><\/p>\",\r\n      \"zIndex\": 15\r\n    },\r\n    {\r\n      \"type\": \"text\",\r\n      \"cont\": \"<p class=\\\"_Small\\\">Exhibition<\/p>\\n<p class=\\\"_Small\\\">Curation: Duarte Belo and Madalena Vidigal<br \/>Organization: Biblioteca Nacional de Portugal<br \/>Support: Centro de Estudos Geogr\u00e1ficos, Museu da Paisagem, Funda\u00e7\u00e3o para a Ci\u00eancia e a Tecnologia, Rep\u00fablica portuguesa | Cultura, Biblioteca Nacional de Portugal<\/p>\\n<p class=\\\"_Small\\\">\u00a0<\/p>\\n<p class=\\\"_Small\\\">Catalogue<\/p>\\n<p class=\\\"_Small\\\">Authors: Duarte Belo, Madalena Vidigal, Suzanne Daveau and<span>\u00a0<\/span><span>Museu da Paisagem<br \/><\/span>Organization: Duarte Belo e Madalena Vidigal<br \/>Editor: Museu da Paisagem<br \/>Editorial Coordination: Jo\u00e3o Abreu<br \/>Editorial design: Mariana do Vale<br \/>Digitazation: Duarte Belo, Jo\u00e3o Abreu and Sara Diogo<br \/>Post-production: Duarte Belo and Madalena Vidigal<br \/>Text revisiton: Carlos Grifo Babo<\/p>\",\r\n      \"align\": \"top\",\r\n      \"row\": 10,\r\n      \"col\": 5,\r\n      \"colspan\": 4,\r\n      \"offsetx\": 0,\r\n      \"offsety\": 0,\r\n      \"spaceabove\": 0,\r\n      \"spacebelow\": 0,\r\n      \"yvel\": 1,\r\n      \"push\": 2,\r\n      \"relid\": 14,\r\n      \"absolute_position\": false,\r\n      \"textAnimation\": {\r\n        \"enableTextAnimation\": false\r\n      },\r\n      \"zIndex\": 16,\r\n      \"frameOverflow\": \"\"\r\n    },\r\n    {\r\n      \"type\": \"text\",\r\n      \"cont\": \"<p class=\\\"_Small\\\" style=\\\"text-align: left;\\\"><a class=\\\"layprevproject\\\" href=\\\"#layprevproject\\\">Previous project<\/a><\/p>\",\r\n      \"align\": \"bottom\",\r\n      \"row\": 11,\r\n      \"col\": 0,\r\n      \"colspan\": 2,\r\n      \"offsetx\": 0,\r\n      \"offsety\": 0,\r\n      \"spaceabove\": 0,\r\n      \"spacebelow\": 0,\r\n      \"yvel\": 1,\r\n      \"push\": 0,\r\n      \"relid\": 18,\r\n      \"absolute_position\": false,\r\n      \"textAnimation\": {\r\n        \"enableTextAnimation\": false\r\n      },\r\n      \"zIndex\": 17\r\n    },\r\n    {\r\n      \"type\": \"text\",\r\n      \"cont\": \"<p class=\\\"_Small\\\" style=\\\"text-align: right;\\\"><a class=\\\"laynextproject\\\" href=\\\"#laynextproject\\\">Next project<\/a><\/p>\",\r\n      \"align\": \"bottom\",\r\n      \"row\": 11,\r\n      \"col\": 7,\r\n      \"colspan\": 3,\r\n      \"offsetx\": 0,\r\n      \"offsety\": 0,\r\n      \"spaceabove\": 0,\r\n      \"spacebelow\": 0,\r\n      \"yvel\": 1,\r\n      \"push\": 5,\r\n      \"relid\": 17,\r\n      \"absolute_position\": false,\r\n      \"textAnimation\": {\r\n        \"enableTextAnimation\": false\r\n      },\r\n      \"frameOverflow\": \"\",\r\n      \"zIndex\": 18\r\n    }\r\n  ]\r\n}","phonegrid":"{\r\n  \"colCount\": 12,\r\n  \"colGutter\": \"0\",\r\n  \"rowGutters\": [\r\n    \"0\",\r\n    75,\r\n    75,\r\n    75,\r\n    75,\r\n    75,\r\n    75,\r\n    75,\r\n    75,\r\n    75,\r\n    75,\r\n    75,\r\n    75,\r\n    75,\r\n    75,\r\n    75,\r\n    75\r\n  ],\r\n  \"frameMargin\": 5,\r\n  \"topFrameMargin\": 55,\r\n  \"rightFrameMargin\": 25,\r\n  \"bottomFrameMargin\": 25,\r\n  \"leftFrameMargin\": 25,\r\n  \"mus\": {\r\n    \"colGutterMu\": \"px\",\r\n    \"rowGutterMu\": \"px\",\r\n    \"topFrameMu\": \"px\",\r\n    \"bottomFrameMu\": \"px\",\r\n    \"frameMu\": \"px\"\r\n  },\r\n  \"rowAttrs\": [\r\n    {\r\n      \"relid\": 7\r\n    },\r\n    {\r\n      \"relid\": 51\r\n    },\r\n    {\r\n      \"relid\": 29\r\n    },\r\n    {\r\n      \"relid\": 30\r\n    },\r\n    {\r\n      \"relid\": 33\r\n    },\r\n    {\r\n      \"relid\": 34\r\n    },\r\n    {\r\n      \"relid\": 50\r\n    },\r\n    {\r\n      \"relid\": 35\r\n    },\r\n    {\r\n      \"relid\": 52\r\n    },\r\n    {\r\n      \"relid\": 36\r\n    },\r\n    {\r\n      \"relid\": 46\r\n    },\r\n    {\r\n      \"relid\": 37\r\n    },\r\n    {\r\n      \"relid\": 39\r\n    },\r\n    {\r\n      \"relid\": 40\r\n    },\r\n    {\r\n      \"relid\": 41\r\n    },\r\n    {\r\n      \"relid\": 42\r\n    },\r\n    {\r\n      \"relid\": 43\r\n    },\r\n    {\r\n      \"relid\": 45\r\n    }\r\n  ],\r\n  \"bgColor\": null,\r\n  \"bgImage\": null,\r\n  \"cont\": [\r\n    {\r\n      \"type\": \"text\",\r\n      \"cont\": \"<p style=\\\"text-align: center;\\\">Studies<\/p>\",\r\n      \"align\": \"bottom\",\r\n      \"row\": 0,\r\n      \"col\": 0,\r\n      \"colspan\": 6,\r\n      \"offsetx\": 0,\r\n      \"offsety\": 0,\r\n      \"spaceabove\": 0,\r\n      \"spacebelow\": 0,\r\n      \"yvel\": 1,\r\n      \"push\": 0,\r\n      \"relid\": 5,\r\n      \"absolute_position\": false,\r\n      \"textAnimation\": {\r\n        \"enableTextAnimation\": false\r\n      },\r\n      \"bgColor\": {\r\n        \"enableBgColor\": true,\r\n        \"bgColor\": \"#FFBC44\",\r\n        \"bgOpacity\": 100\r\n      },\r\n      \"frameOverflow\": \"\"\r\n    },\r\n    {\r\n      \"type\": \"text\",\r\n      \"cont\": \"<p style=\\\"text-align: center;\\\">Publications<\/p>\",\r\n      \"align\": \"top\",\r\n      \"row\": 0,\r\n      \"col\": 6,\r\n      \"colspan\": 6,\r\n      \"offsetx\": 0,\r\n      \"offsety\": 0,\r\n      \"spaceabove\": 0,\r\n      \"spacebelow\": 0,\r\n      \"yvel\": 1,\r\n      \"push\": 0,\r\n      \"relid\": 6,\r\n      \"absolute_position\": false,\r\n      \"textAnimation\": {\r\n        \"enableTextAnimation\": false\r\n      },\r\n      \"bgColor\": {\r\n        \"enableBgColor\": true,\r\n        \"bgColor\": \"#587CFF\",\r\n        \"bgOpacity\": 100\r\n      }\r\n    },\r\n    {\r\n      \"type\": \"text\",\r\n      \"cont\": \"<p style=\\\"text-align: center;\\\">Curation<\/p>\",\r\n      \"align\": \"top\",\r\n      \"row\": 1,\r\n      \"col\": 6,\r\n      \"colspan\": 6,\r\n      \"offsetx\": 0,\r\n      \"offsety\": 0,\r\n      \"spaceabove\": 0,\r\n      \"spacebelow\": 0,\r\n      \"yvel\": 1,\r\n      \"push\": 6,\r\n      \"relid\": 15,\r\n      \"absolute_position\": false,\r\n      \"textAnimation\": {\r\n        \"enableTextAnimation\": false\r\n      },\r\n      \"bgColor\": {\r\n        \"enableBgColor\": true,\r\n        \"bgColor\": \"#F19E8E\",\r\n        \"bgOpacity\": 100\r\n      },\r\n      \"frameOverflow\": \"\"\r\n    },\r\n    {\r\n      \"type\": \"text\",\r\n      \"cont\": \"<p class=\\\"_Big\\\">Atlas Suzanne Daveau<\/p>\\n<p class=\\\"_Default\\\">with Duarte Belo and Museu da Paisagem<\/p>\",\r\n      \"align\": \"top\",\r\n      \"row\": 2,\r\n      \"col\": 0,\r\n      \"colspan\": 12,\r\n      \"offsetx\": 0,\r\n      \"offsety\": 0,\r\n      \"spaceabove\": 0,\r\n      \"spacebelow\": 0,\r\n      \"yvel\": 1,\r\n      \"push\": 0,\r\n      \"relid\": 2,\r\n      \"absolute_position\": false,\r\n      \"zIndex\": 3\r\n    },\r\n    {\r\n      \"type\": \"text\",\r\n      \"cont\": \"<div data-collapsed=\\\"false\\\">\\n<div>\\n<div>\\n<div data-type=\\\"text\\\" data-yvel=\\\"1\\\">\\n<div>\\n<p class=\\\"_Small\\\" style=\\\"text-align: right;\\\"><span>November 2019 - July 2021<\/span><\/p>\\n<\/div>\\n<\/div>\\n<\/div>\\n<\/div>\\n<\/div>\",\r\n      \"align\": \"bottom\",\r\n      \"row\": 3,\r\n      \"col\": 0,\r\n      \"colspan\": 12,\r\n      \"offsetx\": 0,\r\n      \"offsety\": 0,\r\n      \"spaceabove\": 0,\r\n      \"spacebelow\": 0,\r\n      \"yvel\": 1,\r\n      \"push\": 0,\r\n      \"relid\": 3,\r\n      \"absolute_position\": false,\r\n      \"textAnimation\": {\r\n        \"enableTextAnimation\": false\r\n      }\r\n    },\r\n    {\r\n      \"type\": \"carousel\",\r\n      \"cont\": \"\",\r\n      \"align\": \"bottom\",\r\n      \"row\": 4,\r\n      \"col\": 0,\r\n      \"colspan\": 12,\r\n      \"offsetx\": 0,\r\n      \"offsety\": 0,\r\n      \"spaceabove\": 0,\r\n      \"spacebelow\": 0,\r\n      \"yvel\": 1,\r\n      \"push\": 0,\r\n      \"relid\": 32,\r\n      \"carousel_options\": {\r\n        \"random\": false,\r\n        \"autoplay\": false,\r\n        \"showMultipleSlides\": false,\r\n        \"freeScroll\": false,\r\n        \"mousewheelScroll\": false,\r\n        \"size\": \"aspectRatioOfFirstElement\",\r\n        \"slidesWidth\": \"null\",\r\n        \"transition\": \"sliding\",\r\n        \"loop\": \"1\",\r\n        \"spaceBetween\": 0,\r\n        \"captionsUnderSlides\": false,\r\n        \"autoplaySpeed\": 3000,\r\n        \"autoplayDelay\": 0,\r\n        \"transitionSpeed\": 300\r\n      },\r\n      \"carousel\": [\r\n        {\r\n          \"type\": \"img\",\r\n          \"attid\": 46,\r\n          \"cont\": \"\/wp-content\/uploads\/2025\/06\/Madalena-Vidigal_Atlas-Suzanne-Daveu-5.jpg\",\r\n          \"sizes\": {\r\n            \"full\": \"\/wp-content\/uploads\/2025\/06\/Madalena-Vidigal_Atlas-Suzanne-Daveu-5.jpg\",\r\n            \"_1920\": \"\/wp-content\/uploads\/2025\/06\/Madalena-Vidigal_Atlas-Suzanne-Daveu-5-1920x1280.jpg\",\r\n            \"_1280\": \"\/wp-content\/uploads\/2025\/06\/Madalena-Vidigal_Atlas-Suzanne-Daveu-5-1280x853.jpg\",\r\n            \"_1024\": \"\/wp-content\/uploads\/2025\/06\/Madalena-Vidigal_Atlas-Suzanne-Daveu-5-1024x683.jpg\",\r\n            \"_768\": \"\/wp-content\/uploads\/2025\/06\/Madalena-Vidigal_Atlas-Suzanne-Daveu-5-768x512.jpg\",\r\n            \"_512\": \"\/wp-content\/uploads\/2025\/06\/Madalena-Vidigal_Atlas-Suzanne-Daveu-5-512x341.jpg\",\r\n            \"_265\": \"\/wp-content\/uploads\/2025\/06\/Madalena-Vidigal_Atlas-Suzanne-Daveu-5-265x177.jpg\"\r\n          },\r\n          \"w\": 2400,\r\n          \"h\": 1600,\r\n          \"ar\": 0.6666666666666666,\r\n          \"alt\": \"\",\r\n          \"caption\": \"<p class=\\\"_Small\\\"><span>\u00a9 Suzanne Daveau<\/span><\/p>\"\r\n        },\r\n        {\r\n          \"type\": \"img\",\r\n          \"attid\": 43,\r\n          \"cont\": \"\/wp-content\/uploads\/2025\/06\/Madalena-Vidigal_Atlas-Suzanne-Daveu-2.jpg\",\r\n          \"sizes\": {\r\n            \"full\": \"\/wp-content\/uploads\/2025\/06\/Madalena-Vidigal_Atlas-Suzanne-Daveu-2.jpg\",\r\n            \"_1920\": \"\/wp-content\/uploads\/2025\/06\/Madalena-Vidigal_Atlas-Suzanne-Daveu-2-1920x1280.jpg\",\r\n            \"_1280\": \"\/wp-content\/uploads\/2025\/06\/Madalena-Vidigal_Atlas-Suzanne-Daveu-2-1280x853.jpg\",\r\n            \"_1024\": \"\/wp-content\/uploads\/2025\/06\/Madalena-Vidigal_Atlas-Suzanne-Daveu-2-1024x683.jpg\",\r\n            \"_768\": \"\/wp-content\/uploads\/2025\/06\/Madalena-Vidigal_Atlas-Suzanne-Daveu-2-768x512.jpg\",\r\n            \"_512\": \"\/wp-content\/uploads\/2025\/06\/Madalena-Vidigal_Atlas-Suzanne-Daveu-2-512x341.jpg\",\r\n            \"_265\": \"\/wp-content\/uploads\/2025\/06\/Madalena-Vidigal_Atlas-Suzanne-Daveu-2-265x177.jpg\"\r\n          },\r\n          \"w\": 2400,\r\n          \"h\": 1600,\r\n          \"ar\": 0.6666666666666666,\r\n          \"alt\": \"\",\r\n          \"caption\": \"<p class=\\\"_Small\\\"><span>\u00a9 Suzanne Daveau<\/span><\/p>\"\r\n        },\r\n        {\r\n          \"type\": \"img\",\r\n          \"attid\": 44,\r\n          \"cont\": \"\/wp-content\/uploads\/2025\/06\/Madalena-Vidigal_Atlas-Suzanne-Daveu-3.jpg\",\r\n          \"sizes\": {\r\n            \"full\": \"\/wp-content\/uploads\/2025\/06\/Madalena-Vidigal_Atlas-Suzanne-Daveu-3.jpg\",\r\n            \"_1280\": \"\/wp-content\/uploads\/2025\/06\/Madalena-Vidigal_Atlas-Suzanne-Daveu-3-1280x1247.jpg\",\r\n            \"_1024\": \"\/wp-content\/uploads\/2025\/06\/Madalena-Vidigal_Atlas-Suzanne-Daveu-3-1024x997.jpg\",\r\n            \"_768\": \"\/wp-content\/uploads\/2025\/06\/Madalena-Vidigal_Atlas-Suzanne-Daveu-3-768x748.jpg\",\r\n            \"_512\": \"\/wp-content\/uploads\/2025\/06\/Madalena-Vidigal_Atlas-Suzanne-Daveu-3-512x499.jpg\",\r\n            \"_265\": \"\/wp-content\/uploads\/2025\/06\/Madalena-Vidigal_Atlas-Suzanne-Daveu-3-265x258.jpg\"\r\n          },\r\n          \"w\": 1920,\r\n          \"h\": 1870,\r\n          \"ar\": 0.9739583333333334,\r\n          \"alt\": \"\",\r\n          \"caption\": \"<p class=\\\"_Small\\\"><span>\u00a9 Suzanne Daveau<\/span><\/p>\"\r\n        },\r\n        {\r\n          \"type\": \"img\",\r\n          \"attid\": 42,\r\n          \"cont\": \"\/wp-content\/uploads\/2025\/06\/Madalena-Vidigal_Atlas-Suzanne-Daveu-1.jpg\",\r\n          \"sizes\": {\r\n            \"full\": \"\/wp-content\/uploads\/2025\/06\/Madalena-Vidigal_Atlas-Suzanne-Daveu-1.jpg\",\r\n            \"_1280\": \"\/wp-content\/uploads\/2025\/06\/Madalena-Vidigal_Atlas-Suzanne-Daveu-1-1280x853.jpg\",\r\n            \"_1024\": \"\/wp-content\/uploads\/2025\/06\/Madalena-Vidigal_Atlas-Suzanne-Daveu-1-1024x683.jpg\",\r\n            \"_768\": \"\/wp-content\/uploads\/2025\/06\/Madalena-Vidigal_Atlas-Suzanne-Daveu-1-768x512.jpg\",\r\n            \"_512\": \"\/wp-content\/uploads\/2025\/06\/Madalena-Vidigal_Atlas-Suzanne-Daveu-1-512x341.jpg\",\r\n            \"_265\": \"\/wp-content\/uploads\/2025\/06\/Madalena-Vidigal_Atlas-Suzanne-Daveu-1-265x177.jpg\"\r\n          },\r\n          \"w\": 1920,\r\n          \"h\": 1280,\r\n          \"ar\": 0.6666666666666666,\r\n          \"alt\": \"\",\r\n          \"caption\": \"<p class=\\\"_Small\\\"><span>\u00a9 Suzanne Daveau<\/span><\/p>\"\r\n        },\r\n        {\r\n          \"type\": \"img\",\r\n          \"attid\": 104,\r\n          \"cont\": \"\/wp-content\/uploads\/2025\/06\/dg1015726.jpg\",\r\n          \"sizes\": {\r\n            \"full\": \"\/wp-content\/uploads\/2025\/06\/dg1015726.jpg\",\r\n            \"_1280\": \"\/wp-content\/uploads\/2025\/06\/dg1015726-1280x960.jpg\",\r\n            \"_1024\": \"\/wp-content\/uploads\/2025\/06\/dg1015726-1024x768.jpg\",\r\n            \"_768\": \"\/wp-content\/uploads\/2025\/06\/dg1015726-768x576.jpg\",\r\n            \"_512\": \"\/wp-content\/uploads\/2025\/06\/dg1015726-512x384.jpg\",\r\n            \"_265\": \"\/wp-content\/uploads\/2025\/06\/dg1015726-265x199.jpg\"\r\n          },\r\n          \"w\": 1920,\r\n          \"h\": 1440,\r\n          \"ar\": 0.75,\r\n          \"alt\": \"\",\r\n          \"caption\": \"<p class=\\\"_Small\\\">\u00a9 Duarte Belo<\/p>\"\r\n        },\r\n        {\r\n          \"type\": \"img\",\r\n          \"attid\": 105,\r\n          \"cont\": \"\/wp-content\/uploads\/2025\/06\/dg1015886.jpg\",\r\n          \"sizes\": {\r\n            \"full\": \"\/wp-content\/uploads\/2025\/06\/dg1015886.jpg\",\r\n            \"_1280\": \"\/wp-content\/uploads\/2025\/06\/dg1015886-1280x960.jpg\",\r\n            \"_1024\": \"\/wp-content\/uploads\/2025\/06\/dg1015886-1024x768.jpg\",\r\n            \"_768\": \"\/wp-content\/uploads\/2025\/06\/dg1015886-768x576.jpg\",\r\n            \"_512\": \"\/wp-content\/uploads\/2025\/06\/dg1015886-512x384.jpg\",\r\n            \"_265\": \"\/wp-content\/uploads\/2025\/06\/dg1015886-265x199.jpg\"\r\n          },\r\n          \"w\": 1920,\r\n          \"h\": 1440,\r\n          \"ar\": 0.75,\r\n          \"alt\": \"\",\r\n          \"caption\": \"<p class=\\\"_Small\\\">\u00a9 Duarte Belo<\/p>\"\r\n        },\r\n        {\r\n          \"type\": \"img\",\r\n          \"attid\": 45,\r\n          \"cont\": \"\/wp-content\/uploads\/2025\/06\/Madalena-Vidigal_Atlas-Suzanne-Daveu-4.jpg\",\r\n          \"sizes\": {\r\n            \"full\": \"\/wp-content\/uploads\/2025\/06\/Madalena-Vidigal_Atlas-Suzanne-Daveu-4.jpg\",\r\n            \"_2560\": \"\/wp-content\/uploads\/2025\/06\/Madalena-Vidigal_Atlas-Suzanne-Daveu-4-2560x939.jpg\",\r\n            \"_1920\": \"\/wp-content\/uploads\/2025\/06\/Madalena-Vidigal_Atlas-Suzanne-Daveu-4-1920x705.jpg\",\r\n            \"_1280\": \"\/wp-content\/uploads\/2025\/06\/Madalena-Vidigal_Atlas-Suzanne-Daveu-4-1280x470.jpg\",\r\n            \"_1024\": \"\/wp-content\/uploads\/2025\/06\/Madalena-Vidigal_Atlas-Suzanne-Daveu-4-1024x376.jpg\",\r\n            \"_768\": \"\/wp-content\/uploads\/2025\/06\/Madalena-Vidigal_Atlas-Suzanne-Daveu-4-768x282.jpg\",\r\n            \"_512\": \"\/wp-content\/uploads\/2025\/06\/Madalena-Vidigal_Atlas-Suzanne-Daveu-4-512x188.jpg\",\r\n            \"_265\": \"\/wp-content\/uploads\/2025\/06\/Madalena-Vidigal_Atlas-Suzanne-Daveu-4-265x97.jpg\"\r\n          },\r\n          \"w\": 2943,\r\n          \"h\": 1080,\r\n          \"ar\": 0.3669724770642202,\r\n          \"alt\": \"\",\r\n          \"caption\": \"<p class=\\\"_Small\\\"><span>\u00a9 Suzanne Daveau <\/span>\/ Museu da Paisagem<\/p>\"\r\n        }\r\n      ],\r\n      \"absolute_position\": false,\r\n      \"textAnimation\": {\r\n        \"enableTextAnimation\": false\r\n      },\r\n      \"zIndex\": 5\r\n    },\r\n    {\r\n      \"type\": \"text\",\r\n      \"cont\": \"<div data-collapsed=\\\"false\\\">\\n<div>\\n<div>\\n<div data-type=\\\"text\\\" data-yvel=\\\"1\\\">\\n<div>\\n<p class=\\\"_Default\\\">The<span>\u00a0<\/span><i>Atlas Suzanne Daveau<span>\u00a0<\/span><\/i>was the journey through a singular photographic universe; the portrait, the map, the geography of a tireless woman who sought to know<span>\u00a0<\/span><span>and transmit the human wisdom that is revealed from\u00a0<\/span><span>the earth. Perhaps what this search gives us back\u00a0<\/span><span>today, is the restlessness of the present time and how\u00a0<\/span><span>knowledge is the best tool we have to deal with an open\u00a0<\/span><span>and permanently changing world.<\/span><\/p>\\n<p class=\\\"_Default\\\">The work on the geographer<i><span>\u00a0<\/span><\/i>Suzanne Daveau (1925-)<span>\u00a0<\/span><span>resulted in an exhibition that was showed at the\u00a0<\/span><a rel=\\\"noopener\\\" href=\\\"https:\/\/www.bnportugal.gov.pt\/index.php?option=com_content&amp;view=article&amp;id=1600%3Aexposicao-atlas-suzanne-daveau-16-abr-30-jul-21&amp;catid=172%3A2021&amp;Itemid=1602&amp;lang=pt\\\" target=\\\"_blank\\\" data-id=\\\"0\\\"><span>National\u00a0<\/span><span>Library of Portugal<\/span><\/a><span>, between April and July 2021; and in\u00a0<\/span><span>a diptych composed by the\u00a0<\/span><a rel=\\\"noopener\\\" href=\\\"https:\/\/industriacriativa.pt\/projeto\/62337\/atlas-suzanne-daveau\\\" target=\\\"_blank\\\"><span>catalogue<\/span><\/a><span>\u00a0and the re-edition\u00a0<\/span><span>of Suzanne\u2019s book from 1976\u00a0<\/span><span>\u201cO Ambiente Geogr\u00e1fico\u00a0<\/span><span>Natural\u201d [\u2018The Natural Geographical Environment\u2019]<\/span><span>,\u00a0<\/span>edited by<span>\u00a0<\/span><a rel=\\\"noopener\\\" href=\\\"https:\/\/museudapaisagem.pt\/\\\" target=\\\"_blank\\\"><span>Museu da Paisagem<\/span><\/a><span>\u00a0<\/span>[Landscape Museum].<\/p>\\n<\/div>\\n<\/div>\\n<\/div>\\n<\/div>\\n<\/div>\",\r\n      \"align\": \"bottom\",\r\n      \"row\": 5,\r\n      \"col\": 0,\r\n      \"colspan\": 12,\r\n      \"offsetx\": 0,\r\n      \"offsety\": 0,\r\n      \"spaceabove\": 0,\r\n      \"spacebelow\": 0,\r\n      \"yvel\": 1,\r\n      \"push\": 0,\r\n      \"relid\": 10,\r\n      \"absolute_position\": false,\r\n      \"textAnimation\": {\r\n        \"enableTextAnimation\": false\r\n      },\r\n      \"zIndex\": 6\r\n    },\r\n    {\r\n      \"type\": \"text\",\r\n      \"cont\": \"<p class=\\\"_Small\\\" style=\\\"text-align: right;\\\"><a rel=\\\"noopener\\\" href=\\\"https:\/\/observador.pt\/2021\/07\/13\/suzanne-daveau-aventura-e-servico\/\\\" target=\\\"_blank\\\">Critical Review +<\/a><\/p>\",\r\n      \"align\": \"middle\",\r\n      \"row\": 6,\r\n      \"col\": 0,\r\n      \"colspan\": 12,\r\n      \"offsetx\": 0,\r\n      \"offsety\": 0,\r\n      \"spaceabove\": 0,\r\n      \"spacebelow\": 0,\r\n      \"yvel\": 1,\r\n      \"push\": 0,\r\n      \"relid\": 49,\r\n      \"absolute_position\": false,\r\n      \"textAnimation\": {\r\n        \"enableTextAnimation\": false\r\n      },\r\n      \"frameOverflow\": \"\"\r\n    },\r\n    {\r\n      \"type\": \"img\",\r\n      \"cont\": \"\/wp-content\/uploads\/2025\/06\/Madalena-Vidigal_Atlas-Suzanne-Daveu-7.jpg\",\r\n      \"align\": \"top\",\r\n      \"row\": 7,\r\n      \"col\": 4,\r\n      \"colspan\": 8,\r\n      \"offsetx\": 0,\r\n      \"offsety\": 0,\r\n      \"spaceabove\": 0,\r\n      \"spacebelow\": 0,\r\n      \"yvel\": 1,\r\n      \"push\": 4,\r\n      \"relid\": 27,\r\n      \"attid\": 48,\r\n      \"sizes\": {\r\n        \"full\": \"\/wp-content\/uploads\/2025\/06\/Madalena-Vidigal_Atlas-Suzanne-Daveu-7.jpg\",\r\n        \"_1280\": \"\/wp-content\/uploads\/2025\/06\/Madalena-Vidigal_Atlas-Suzanne-Daveu-7-1280x1279.jpg\",\r\n        \"_1024\": \"\/wp-content\/uploads\/2025\/06\/Madalena-Vidigal_Atlas-Suzanne-Daveu-7-1024x1023.jpg\",\r\n        \"_768\": \"\/wp-content\/uploads\/2025\/06\/Madalena-Vidigal_Atlas-Suzanne-Daveu-7-768x768.jpg\",\r\n        \"_512\": \"\/wp-content\/uploads\/2025\/06\/Madalena-Vidigal_Atlas-Suzanne-Daveu-7-512x512.jpg\",\r\n        \"_265\": \"\/wp-content\/uploads\/2025\/06\/Madalena-Vidigal_Atlas-Suzanne-Daveu-7-265x265.jpg\"\r\n      },\r\n      \"w\": 1920,\r\n      \"h\": 1919,\r\n      \"ar\": 0.9994791666666667,\r\n      \"alt\": \"\",\r\n      \"absolute_position\": false,\r\n      \"textAnimation\": {\r\n        \"enableTextAnimation\": false\r\n      },\r\n      \"lightbox_caption\": \"<p class=\\\"_Small\\\"><span>\u00a9 Duarte Belo<\/span><\/p>\",\r\n      \"caption\": \"\",\r\n      \"zIndex\": 19,\r\n      \"frameOverflow\": \"\"\r\n    },\r\n    {\r\n      \"type\": \"img\",\r\n      \"cont\": \"\/wp-content\/uploads\/2025\/06\/Madalena-Vidigal_Atlas-Suzanne-Daveu-6.jpg\",\r\n      \"align\": \"top\",\r\n      \"row\": 8,\r\n      \"col\": 0,\r\n      \"colspan\": 6,\r\n      \"offsetx\": 0,\r\n      \"offsety\": 0,\r\n      \"spaceabove\": 0,\r\n      \"spacebelow\": 0,\r\n      \"yvel\": 1,\r\n      \"push\": 0,\r\n      \"relid\": 28,\r\n      \"attid\": 47,\r\n      \"sizes\": {\r\n        \"full\": \"\/wp-content\/uploads\/2025\/06\/Madalena-Vidigal_Atlas-Suzanne-Daveu-6.jpg\",\r\n        \"_1280\": \"\/wp-content\/uploads\/2025\/06\/Madalena-Vidigal_Atlas-Suzanne-Daveu-6-1280x1280.jpg\",\r\n        \"_1024\": \"\/wp-content\/uploads\/2025\/06\/Madalena-Vidigal_Atlas-Suzanne-Daveu-6-1024x1024.jpg\",\r\n        \"_768\": \"\/wp-content\/uploads\/2025\/06\/Madalena-Vidigal_Atlas-Suzanne-Daveu-6-768x768.jpg\",\r\n        \"_512\": \"\/wp-content\/uploads\/2025\/06\/Madalena-Vidigal_Atlas-Suzanne-Daveu-6-512x512.jpg\",\r\n        \"_265\": \"\/wp-content\/uploads\/2025\/06\/Madalena-Vidigal_Atlas-Suzanne-Daveu-6-265x265.jpg\"\r\n      },\r\n      \"w\": 1920,\r\n      \"h\": 1920,\r\n      \"ar\": 1,\r\n      \"alt\": \"\",\r\n      \"absolute_position\": false,\r\n      \"textAnimation\": {\r\n        \"enableTextAnimation\": false\r\n      },\r\n      \"lightbox_caption\": \"<p class=\\\"_Small\\\"><span>\u00a9 Duarte Belo<\/span><\/p>\",\r\n      \"zIndex\": 8,\r\n      \"frameOverflow\": \"\"\r\n    },\r\n    {\r\n      \"type\": \"img\",\r\n      \"cont\": \"\/wp-content\/uploads\/2025\/06\/Madalena-Vidigal_Atlas-Suzanne-Daveu-10.jpg\",\r\n      \"align\": \"top\",\r\n      \"row\": 9,\r\n      \"col\": 6,\r\n      \"colspan\": 6,\r\n      \"offsetx\": 0,\r\n      \"offsety\": 0,\r\n      \"spaceabove\": 0,\r\n      \"spacebelow\": 0,\r\n      \"yvel\": 1,\r\n      \"push\": 6,\r\n      \"relid\": 22,\r\n      \"attid\": 51,\r\n      \"sizes\": {\r\n        \"full\": \"\/wp-content\/uploads\/2025\/06\/Madalena-Vidigal_Atlas-Suzanne-Daveu-10.jpg\",\r\n        \"_1280\": \"\/wp-content\/uploads\/2025\/06\/Madalena-Vidigal_Atlas-Suzanne-Daveu-10-1280x1280.jpg\",\r\n        \"_1024\": \"\/wp-content\/uploads\/2025\/06\/Madalena-Vidigal_Atlas-Suzanne-Daveu-10-1024x1024.jpg\",\r\n        \"_768\": \"\/wp-content\/uploads\/2025\/06\/Madalena-Vidigal_Atlas-Suzanne-Daveu-10-768x768.jpg\",\r\n        \"_512\": \"\/wp-content\/uploads\/2025\/06\/Madalena-Vidigal_Atlas-Suzanne-Daveu-10-512x512.jpg\",\r\n        \"_265\": \"\/wp-content\/uploads\/2025\/06\/Madalena-Vidigal_Atlas-Suzanne-Daveu-10-265x265.jpg\"\r\n      },\r\n      \"w\": 1920,\r\n      \"h\": 1920,\r\n      \"ar\": 1,\r\n      \"alt\": \"\",\r\n      \"absolute_position\": false,\r\n      \"textAnimation\": {\r\n        \"enableTextAnimation\": false\r\n      },\r\n      \"lightbox_caption\": \"<p class=\\\"_Small\\\"><span>\u00a9 Duarte Belo<\/span><\/p>\",\r\n      \"zIndex\": 9,\r\n      \"frameOverflow\": \"\"\r\n    },\r\n    {\r\n      \"type\": \"img\",\r\n      \"cont\": \"\/wp-content\/uploads\/2025\/06\/Madalena-Vidigal_Atlas-Suzanne-Daveu-8.jpg\",\r\n      \"align\": \"top\",\r\n      \"row\": 10,\r\n      \"col\": 6,\r\n      \"colspan\": 6,\r\n      \"offsetx\": 0,\r\n      \"offsety\": 0,\r\n      \"spaceabove\": 0,\r\n      \"spacebelow\": 0,\r\n      \"yvel\": 1,\r\n      \"push\": 6,\r\n      \"relid\": 25,\r\n      \"attid\": 49,\r\n      \"sizes\": {\r\n        \"full\": \"\/wp-content\/uploads\/2025\/06\/Madalena-Vidigal_Atlas-Suzanne-Daveu-8.jpg\",\r\n        \"_1280\": \"\/wp-content\/uploads\/2025\/06\/Madalena-Vidigal_Atlas-Suzanne-Daveu-8-1280x960.jpg\",\r\n        \"_1024\": \"\/wp-content\/uploads\/2025\/06\/Madalena-Vidigal_Atlas-Suzanne-Daveu-8-1024x768.jpg\",\r\n        \"_768\": \"\/wp-content\/uploads\/2025\/06\/Madalena-Vidigal_Atlas-Suzanne-Daveu-8-768x576.jpg\",\r\n        \"_512\": \"\/wp-content\/uploads\/2025\/06\/Madalena-Vidigal_Atlas-Suzanne-Daveu-8-512x384.jpg\",\r\n        \"_265\": \"\/wp-content\/uploads\/2025\/06\/Madalena-Vidigal_Atlas-Suzanne-Daveu-8-265x199.jpg\"\r\n      },\r\n      \"w\": 1920,\r\n      \"h\": 1440,\r\n      \"ar\": 0.75,\r\n      \"alt\": \"\",\r\n      \"absolute_position\": false,\r\n      \"textAnimation\": {\r\n        \"enableTextAnimation\": false\r\n      },\r\n      \"lightbox_caption\": \"<p class=\\\"_Small\\\"><span>\u00a9 Duarte Belo<\/span><\/p>\",\r\n      \"zIndex\": 10\r\n    },\r\n    {\r\n      \"type\": \"img\",\r\n      \"cont\": \"\/wp-content\/uploads\/2025\/06\/Madalena-Vidigal_Atlas-Suzanne-Daveu-13.jpg\",\r\n      \"align\": \"top\",\r\n      \"row\": 11,\r\n      \"col\": 0,\r\n      \"colspan\": 7,\r\n      \"offsetx\": 0,\r\n      \"offsety\": 0,\r\n      \"spaceabove\": 0,\r\n      \"spacebelow\": 0,\r\n      \"yvel\": 1,\r\n      \"push\": 0,\r\n      \"relid\": 19,\r\n      \"attid\": 54,\r\n      \"sizes\": {\r\n        \"full\": \"\/wp-content\/uploads\/2025\/06\/Madalena-Vidigal_Atlas-Suzanne-Daveu-13.jpg\",\r\n        \"_1920\": \"\/wp-content\/uploads\/2025\/06\/Madalena-Vidigal_Atlas-Suzanne-Daveu-13-1920x1200.jpg\",\r\n        \"_1280\": \"\/wp-content\/uploads\/2025\/06\/Madalena-Vidigal_Atlas-Suzanne-Daveu-13-1280x800.jpg\",\r\n        \"_1024\": \"\/wp-content\/uploads\/2025\/06\/Madalena-Vidigal_Atlas-Suzanne-Daveu-13-1024x640.jpg\",\r\n        \"_768\": \"\/wp-content\/uploads\/2025\/06\/Madalena-Vidigal_Atlas-Suzanne-Daveu-13-768x480.jpg\",\r\n        \"_512\": \"\/wp-content\/uploads\/2025\/06\/Madalena-Vidigal_Atlas-Suzanne-Daveu-13-512x320.jpg\",\r\n        \"_265\": \"\/wp-content\/uploads\/2025\/06\/Madalena-Vidigal_Atlas-Suzanne-Daveu-13-265x166.jpg\"\r\n      },\r\n      \"w\": 2560,\r\n      \"h\": 1600,\r\n      \"ar\": 0.625,\r\n      \"alt\": \"\",\r\n      \"absolute_position\": false,\r\n      \"textAnimation\": {\r\n        \"enableTextAnimation\": false\r\n      },\r\n      \"lightbox_caption\": \"<p class=\\\"_Small\\\"><span>\u00a9 Jos\u00e3o Abreu \/ Museu da Paisagem<\/span><\/p>\",\r\n      \"zIndex\": 12\r\n    },\r\n    {\r\n      \"type\": \"img\",\r\n      \"cont\": \"\/wp-content\/uploads\/2025\/06\/Madalena-Vidigal_Atlas-Suzanne-Daveu-9.jpg\",\r\n      \"align\": \"top\",\r\n      \"row\": 12,\r\n      \"col\": 8,\r\n      \"colspan\": 4,\r\n      \"offsetx\": 0,\r\n      \"offsety\": 0,\r\n      \"spaceabove\": 0,\r\n      \"spacebelow\": 0,\r\n      \"yvel\": 1,\r\n      \"push\": 8,\r\n      \"relid\": 24,\r\n      \"attid\": 50,\r\n      \"sizes\": {\r\n        \"full\": \"\/wp-content\/uploads\/2025\/06\/Madalena-Vidigal_Atlas-Suzanne-Daveu-9.jpg\",\r\n        \"_1280\": \"\/wp-content\/uploads\/2025\/06\/Madalena-Vidigal_Atlas-Suzanne-Daveu-9-1280x1707.jpg\",\r\n        \"_1024\": \"\/wp-content\/uploads\/2025\/06\/Madalena-Vidigal_Atlas-Suzanne-Daveu-9-1024x1365.jpg\",\r\n        \"_768\": \"\/wp-content\/uploads\/2025\/06\/Madalena-Vidigal_Atlas-Suzanne-Daveu-9-768x1024.jpg\",\r\n        \"_512\": \"\/wp-content\/uploads\/2025\/06\/Madalena-Vidigal_Atlas-Suzanne-Daveu-9-512x683.jpg\",\r\n        \"_265\": \"\/wp-content\/uploads\/2025\/06\/Madalena-Vidigal_Atlas-Suzanne-Daveu-9-265x353.jpg\"\r\n      },\r\n      \"w\": 1800,\r\n      \"h\": 2400,\r\n      \"ar\": 1.3333333333333333,\r\n      \"alt\": \"\",\r\n      \"absolute_position\": false,\r\n      \"textAnimation\": {\r\n        \"enableTextAnimation\": false\r\n      },\r\n      \"lightbox_caption\": \"<p class=\\\"_Small\\\"><span>\u00a9 Madalena Vidigal<\/span><\/p>\",\r\n      \"zIndex\": 11\r\n    },\r\n    {\r\n      \"type\": \"img\",\r\n      \"cont\": \"\/wp-content\/uploads\/2025\/06\/IMG-7455.jpg\",\r\n      \"align\": \"top\",\r\n      \"row\": 13,\r\n      \"col\": 3,\r\n      \"colspan\": 5,\r\n      \"offsetx\": 0,\r\n      \"offsety\": 0,\r\n      \"spaceabove\": 0,\r\n      \"spacebelow\": 0,\r\n      \"yvel\": 1,\r\n      \"push\": 3,\r\n      \"relid\": 8,\r\n      \"attid\": 101,\r\n      \"sizes\": {\r\n        \"full\": \"\/wp-content\/uploads\/2025\/06\/IMG-7455.jpg\",\r\n        \"_3840\": \"\/wp-content\/uploads\/2025\/06\/IMG-7455-3840x2880.jpg\",\r\n        \"_3200\": \"\/wp-content\/uploads\/2025\/06\/IMG-7455-3200x2400.jpg\",\r\n        \"_2560\": \"\/wp-content\/uploads\/2025\/06\/IMG-7455-2560x1920.jpg\",\r\n        \"_1920\": \"\/wp-content\/uploads\/2025\/06\/IMG-7455-1920x1440.jpg\",\r\n        \"_1280\": \"\/wp-content\/uploads\/2025\/06\/IMG-7455-1280x960.jpg\",\r\n        \"_1024\": \"\/wp-content\/uploads\/2025\/06\/IMG-7455-1024x768.jpg\",\r\n        \"_768\": \"\/wp-content\/uploads\/2025\/06\/IMG-7455-768x576.jpg\",\r\n        \"_512\": \"\/wp-content\/uploads\/2025\/06\/IMG-7455-512x384.jpg\",\r\n        \"_265\": \"\/wp-content\/uploads\/2025\/06\/IMG-7455-265x199.jpg\"\r\n      },\r\n      \"w\": 4032,\r\n      \"h\": 3024,\r\n      \"ar\": 0.75,\r\n      \"alt\": \"\",\r\n      \"absolute_position\": false,\r\n      \"textAnimation\": {\r\n        \"enableTextAnimation\": false\r\n      },\r\n      \"frameOverflow\": \"\",\r\n      \"zIndex\": 13,\r\n      \"lightbox_caption\": \"<p class=\\\"_Small\\\"><span>\u00a9 Madalena Vidigal<\/span><\/p>\"\r\n    },\r\n    {\r\n      \"type\": \"img\",\r\n      \"cont\": \"\/wp-content\/uploads\/2025\/06\/Madalena-Vidigal_Atlas-Suzanne-Daveu-11.jpg\",\r\n      \"align\": \"top\",\r\n      \"row\": 14,\r\n      \"col\": 0,\r\n      \"colspan\": 8,\r\n      \"offsetx\": 0,\r\n      \"offsety\": 0,\r\n      \"spaceabove\": 0,\r\n      \"spacebelow\": 0,\r\n      \"yvel\": 1,\r\n      \"push\": 0,\r\n      \"relid\": 21,\r\n      \"attid\": 52,\r\n      \"sizes\": {\r\n        \"full\": \"\/wp-content\/uploads\/2025\/06\/Madalena-Vidigal_Atlas-Suzanne-Daveu-11.jpg\",\r\n        \"_1920\": \"\/wp-content\/uploads\/2025\/06\/Madalena-Vidigal_Atlas-Suzanne-Daveu-11-1920x1099.jpg\",\r\n        \"_1280\": \"\/wp-content\/uploads\/2025\/06\/Madalena-Vidigal_Atlas-Suzanne-Daveu-11-1280x733.jpg\",\r\n        \"_1024\": \"\/wp-content\/uploads\/2025\/06\/Madalena-Vidigal_Atlas-Suzanne-Daveu-11-1024x586.jpg\",\r\n        \"_768\": \"\/wp-content\/uploads\/2025\/06\/Madalena-Vidigal_Atlas-Suzanne-Daveu-11-768x440.jpg\",\r\n        \"_512\": \"\/wp-content\/uploads\/2025\/06\/Madalena-Vidigal_Atlas-Suzanne-Daveu-11-512x293.jpg\",\r\n        \"_265\": \"\/wp-content\/uploads\/2025\/06\/Madalena-Vidigal_Atlas-Suzanne-Daveu-11-265x152.jpg\"\r\n      },\r\n      \"w\": 2400,\r\n      \"h\": 1374,\r\n      \"ar\": 0.5725,\r\n      \"alt\": \"\",\r\n      \"absolute_position\": false,\r\n      \"textAnimation\": {\r\n        \"enableTextAnimation\": false\r\n      },\r\n      \"lightbox_caption\": \"<p class=\\\"_Small\\\"><span>\u00a9 Suzanne Daveau<\/span><\/p>\",\r\n      \"zIndex\": 14\r\n    },\r\n    {\r\n      \"type\": \"img\",\r\n      \"cont\": \"\/wp-content\/uploads\/2025\/06\/Madalena-Vidigal_Atlas-Suzanne-Daveu-12.jpg\",\r\n      \"align\": \"bottom\",\r\n      \"row\": 15,\r\n      \"col\": 6,\r\n      \"colspan\": 6,\r\n      \"offsetx\": 0,\r\n      \"offsety\": 0,\r\n      \"spaceabove\": 0,\r\n      \"spacebelow\": 0,\r\n      \"yvel\": 1,\r\n      \"push\": 6,\r\n      \"relid\": 20,\r\n      \"attid\": 53,\r\n      \"sizes\": {\r\n        \"full\": \"\/wp-content\/uploads\/2025\/06\/Madalena-Vidigal_Atlas-Suzanne-Daveu-12.jpg\",\r\n        \"_1280\": \"\/wp-content\/uploads\/2025\/06\/Madalena-Vidigal_Atlas-Suzanne-Daveu-12-1280x1322.jpg\",\r\n        \"_1024\": \"\/wp-content\/uploads\/2025\/06\/Madalena-Vidigal_Atlas-Suzanne-Daveu-12-1024x1058.jpg\",\r\n        \"_768\": \"\/wp-content\/uploads\/2025\/06\/Madalena-Vidigal_Atlas-Suzanne-Daveu-12-768x793.jpg\",\r\n        \"_512\": \"\/wp-content\/uploads\/2025\/06\/Madalena-Vidigal_Atlas-Suzanne-Daveu-12-512x529.jpg\",\r\n        \"_265\": \"\/wp-content\/uploads\/2025\/06\/Madalena-Vidigal_Atlas-Suzanne-Daveu-12-265x274.jpg\"\r\n      },\r\n      \"w\": 1859,\r\n      \"h\": 1920,\r\n      \"ar\": 1.032813340505648,\r\n      \"alt\": \"\",\r\n      \"absolute_position\": false,\r\n      \"textAnimation\": {\r\n        \"enableTextAnimation\": false\r\n      },\r\n      \"frameOverflow\": \"\",\r\n      \"lightbox_caption\": \"<p class=\\\"_Small\\\"><span>\u00a9 Suzanne Daveau<\/span><\/p>\",\r\n      \"zIndex\": 15\r\n    },\r\n    {\r\n      \"type\": \"text\",\r\n      \"cont\": \"<p class=\\\"_Small\\\">Exhibition<\/p>\\n<p class=\\\"_Small\\\">Curation: Duarte Belo and Madalena Vidigal<br \/>Organization: Biblioteca Nacional de Portugal<br \/>Support: Centro de Estudos Geogr\u00e1ficos, Museu da Paisagem, Funda\u00e7\u00e3o para a Ci\u00eancia e a Tecnologia, Rep\u00fablica portuguesa | Cultura, Biblioteca Nacional de Portugal<\/p>\\n<p class=\\\"_Small\\\">\u00a0<\/p>\\n<p class=\\\"_Small\\\">Catalogue<\/p>\\n<p class=\\\"_Small\\\">Authors: Duarte Belo, Madalena Vidigal, Suzanne Daveau and<span>\u00a0<\/span><span>Museu da Paisagem<br \/><\/span>Organization: Duarte Belo e Madalena Vidigal<br \/>Editor: Museu da Paisagem<br \/>Editorial Coordination: Jo\u00e3o Abreu<br \/>Editorial design: Mariana do Vale<br \/>Digitazation: Duarte Belo, Jo\u00e3o Abreu and Sara Diogo<br \/>Post-production: Duarte Belo and Madalena Vidigal<br \/>Text revisiton: Carlos Grifo Babo<\/p>\",\r\n      \"align\": \"bottom\",\r\n      \"row\": 16,\r\n      \"col\": 0,\r\n      \"colspan\": 12,\r\n      \"offsetx\": 0,\r\n      \"offsety\": 0,\r\n      \"spaceabove\": 0,\r\n      \"spacebelow\": 0,\r\n      \"yvel\": 1,\r\n      \"push\": 0,\r\n      \"relid\": 14,\r\n      \"absolute_position\": false,\r\n      \"textAnimation\": {\r\n        \"enableTextAnimation\": false\r\n      },\r\n      \"zIndex\": 16\r\n    },\r\n    {\r\n      \"type\": \"text\",\r\n      \"cont\": \"<p class=\\\"_Small\\\" style=\\\"text-align: left;\\\"><a class=\\\"layprevproject\\\" href=\\\"#layprevproject\\\">Previous project<\/a><\/p>\",\r\n      \"align\": \"bottom\",\r\n      \"row\": 17,\r\n      \"col\": 0,\r\n      \"colspan\": 6,\r\n      \"offsetx\": 0,\r\n      \"offsety\": 0,\r\n      \"spaceabove\": 0,\r\n      \"spacebelow\": 0,\r\n      \"yvel\": 1,\r\n      \"push\": 0,\r\n      \"relid\": 18,\r\n      \"absolute_position\": false,\r\n      \"textAnimation\": {\r\n        \"enableTextAnimation\": false\r\n      },\r\n      \"frameOverflow\": \"\"\r\n    },\r\n    {\r\n      \"type\": \"text\",\r\n      \"cont\": \"<p class=\\\"_Small\\\" style=\\\"text-align: right;\\\"><a class=\\\"laynextproject\\\" href=\\\"#laynextproject\\\">Next project<\/a><\/p>\",\r\n      \"align\": \"top\",\r\n      \"row\": 17,\r\n      \"col\": 6,\r\n      \"colspan\": 6,\r\n      \"offsetx\": 0,\r\n      \"offsety\": 0,\r\n      \"spaceabove\": 0,\r\n      \"spacebelow\": 0,\r\n      \"yvel\": 1,\r\n      \"push\": 0,\r\n      \"relid\": 17,\r\n      \"absolute_position\": false,\r\n      \"textAnimation\": {\r\n        \"enableTextAnimation\": false\r\n      }\r\n    }\r\n  ]\r\n}","_links":{"self":[{"href":"http:\/\/madalenavidigal.pt\/en\/wp-json\/wp\/v2\/posts\/132","targetHints":{"allow":["GET"]}}],"collection":[{"href":"http:\/\/madalenavidigal.pt\/en\/wp-json\/wp\/v2\/posts"}],"about":[{"href":"http:\/\/madalenavidigal.pt\/en\/wp-json\/wp\/v2\/types\/post"}],"author":[{"embeddable":true,"href":"http:\/\/madalenavidigal.pt\/en\/wp-json\/wp\/v2\/users\/1"}],"replies":[{"embeddable":true,"href":"http:\/\/madalenavidigal.pt\/en\/wp-json\/wp\/v2\/comments?post=132"}],"version-history":[{"count":0,"href":"http:\/\/madalenavidigal.pt\/en\/wp-json\/wp\/v2\/posts\/132\/revisions"}],"wp:featuredmedia":[{"embeddable":true,"href":"http:\/\/madalenavidigal.pt\/en\/wp-json\/wp\/v2\/media\/46"}],"wp:attachment":[{"href":"http:\/\/madalenavidigal.pt\/en\/wp-json\/wp\/v2\/media?parent=132"}],"wp:term":[{"taxonomy":"category","embeddable":true,"href":"http:\/\/madalenavidigal.pt\/en\/wp-json\/wp\/v2\/categories?post=132"},{"taxonomy":"post_tag","embeddable":true,"href":"http:\/\/madalenavidigal.pt\/en\/wp-json\/wp\/v2\/tags?post=132"}],"curies":[{"name":"wp","href":"https:\/\/api.w.org\/{rel}","templated":true}]}}