{"id":150,"date":"2025-07-14T23:19:26","date_gmt":"2025-07-14T22:19:26","guid":{"rendered":"http:\/\/madalenavidigal.pt\/atlas-suzanne-daveu-copy\/"},"modified":"2026-03-08T19:32:55","modified_gmt":"2026-03-08T19:32:55","slug":"escola-porto-santo","status":"publish","type":"post","link":"http:\/\/madalenavidigal.pt\/en\/escola-porto-santo\/","title":{"rendered":"Porto Santo School"},"content":{"rendered":"\n<p>Welcome to WordPress. This is your first post. Edit or delete it, then start writing!<\/p>\n","protected":false},"excerpt":{"rendered":"<p>Welcome to WordPress. This is your first post. Edit or delete it, then start writing!<\/p>\n","protected":false},"author":1,"featured_media":159,"comment_status":"closed","ping_status":"closed","sticky":false,"template":"","format":"standard","meta":[],"categories":[1],"tags":[12,10,7,9,5],"class_list":["post-150","post","type-post","status-publish","has-post-thumbnail","hentry","category-work","tag-communal","tag-cultural","tag-curation","tag-educational","tag-studies"],"yoast_head":"<!-- This site is optimized with the Yoast SEO plugin v27.5 - https:\/\/yoast.com\/product\/yoast-seo-wordpress\/ -->\n<title>Porto Santo School &#8212; Madalena Vidigal<\/title>\n<meta name=\"description\" content=\"Porto Santo School was based on the research carried out, with the aim was to restore the original design wherever possible. The inaugural exhibition Escola da Vila \u2013 Constru\u00e7\u00e3o de um lugar comum [Construction of a common place], had Ra\u00fal Chor\u00e3o Ramalho\u2019s project as the subject of analysis and reflection, exhibiting his original drawings and writings, as it is believed that this laboratory building or case study should continue to be a source of inspiration and research for new forms of architectural and artistic production.\" \/>\n<meta name=\"robots\" content=\"index, follow, max-snippet:-1, max-image-preview:large, max-video-preview:-1\" \/>\n<link rel=\"canonical\" href=\"http:\/\/madalenavidigal.pt\/en\/escola-porto-santo\/\" \/>\n<meta property=\"og:locale\" content=\"en_US\" \/>\n<meta property=\"og:type\" content=\"article\" \/>\n<meta property=\"og:title\" content=\"Porto Santo School &#8212; Madalena Vidigal\" \/>\n<meta property=\"og:description\" content=\"Porto Santo School was based on the research carried out, with the aim was to restore the original design wherever possible. The inaugural exhibition Escola da Vila \u2013 Constru\u00e7\u00e3o de um lugar comum [Construction of a common place], had Ra\u00fal Chor\u00e3o Ramalho\u2019s project as the subject of analysis and reflection, exhibiting his original drawings and writings, as it is believed that this laboratory building or case study should continue to be a source of inspiration and research for new forms of architectural and artistic production.\" \/>\n<meta property=\"og:url\" content=\"http:\/\/madalenavidigal.pt\/en\/escola-porto-santo\/\" \/>\n<meta property=\"og:site_name\" content=\"Madalena Vidigal\" \/>\n<meta property=\"article:publisher\" content=\"https:\/\/www.facebook.com\/madalena.v.vieira\/\" \/>\n<meta property=\"article:author\" content=\"https:\/\/www.facebook.com\/madalena.v.vieira\/\" \/>\n<meta property=\"article:published_time\" content=\"2025-07-14T22:19:26+00:00\" \/>\n<meta property=\"article:modified_time\" content=\"2026-03-08T19:32:55+00:00\" \/>\n<meta property=\"og:image\" content=\"http:\/\/madalenavidigal.pt\/wp-content\/uploads\/2025\/07\/dg1176009.jpg\" \/>\n\t<meta property=\"og:image:width\" content=\"1500\" \/>\n\t<meta property=\"og:image:height\" content=\"1000\" \/>\n\t<meta property=\"og:image:type\" content=\"image\/jpeg\" \/>\n<meta name=\"author\" content=\"admin8128\" \/>\n<meta name=\"twitter:card\" content=\"summary_large_image\" \/>\n<meta name=\"twitter:label1\" content=\"Written by\" \/>\n\t<meta name=\"twitter:data1\" content=\"admin8128\" \/>\n\t<meta name=\"twitter:label2\" content=\"Est. reading time\" \/>\n\t<meta name=\"twitter:data2\" content=\"17 minutes\" \/>\n<script type=\"application\/ld+json\" class=\"yoast-schema-graph\">{\"@context\":\"https:\\\/\\\/schema.org\",\"@graph\":[{\"@type\":\"Article\",\"@id\":\"http:\\\/\\\/madalenavidigal.pt\\\/en\\\/escola-porto-santo\\\/#article\",\"isPartOf\":{\"@id\":\"http:\\\/\\\/madalenavidigal.pt\\\/en\\\/escola-porto-santo\\\/\"},\"author\":{\"name\":\"admin8128\",\"@id\":\"http:\\\/\\\/madalenavidigal.pt\\\/en\\\/#\\\/schema\\\/person\\\/9a2f0ddf8d19d3e08eefd815a1444fdb\"},\"headline\":\"Porto Santo School\",\"datePublished\":\"2025-07-14T22:19:26+00:00\",\"dateModified\":\"2026-03-08T19:32:55+00:00\",\"mainEntityOfPage\":{\"@id\":\"http:\\\/\\\/madalenavidigal.pt\\\/en\\\/escola-porto-santo\\\/\"},\"wordCount\":24,\"publisher\":{\"@id\":\"http:\\\/\\\/madalenavidigal.pt\\\/en\\\/#\\\/schema\\\/person\\\/9a2f0ddf8d19d3e08eefd815a1444fdb\"},\"image\":{\"@id\":\"http:\\\/\\\/madalenavidigal.pt\\\/en\\\/escola-porto-santo\\\/#primaryimage\"},\"thumbnailUrl\":\"http:\\\/\\\/madalenavidigal.pt\\\/wp-content\\\/uploads\\\/2025\\\/07\\\/dg1176009.jpg\",\"keywords\":[\"Communal\",\"Cultural\",\"Curation\",\"Educational\",\"Studies\"],\"articleSection\":[\"Work\"],\"inLanguage\":\"en-US\"},{\"@type\":\"WebPage\",\"@id\":\"http:\\\/\\\/madalenavidigal.pt\\\/en\\\/escola-porto-santo\\\/\",\"url\":\"http:\\\/\\\/madalenavidigal.pt\\\/en\\\/escola-porto-santo\\\/\",\"name\":\"Porto Santo School &#8212; Madalena Vidigal\",\"isPartOf\":{\"@id\":\"http:\\\/\\\/madalenavidigal.pt\\\/en\\\/#website\"},\"primaryImageOfPage\":{\"@id\":\"http:\\\/\\\/madalenavidigal.pt\\\/en\\\/escola-porto-santo\\\/#primaryimage\"},\"image\":{\"@id\":\"http:\\\/\\\/madalenavidigal.pt\\\/en\\\/escola-porto-santo\\\/#primaryimage\"},\"thumbnailUrl\":\"http:\\\/\\\/madalenavidigal.pt\\\/wp-content\\\/uploads\\\/2025\\\/07\\\/dg1176009.jpg\",\"datePublished\":\"2025-07-14T22:19:26+00:00\",\"dateModified\":\"2026-03-08T19:32:55+00:00\",\"description\":\"Porto Santo School was based on the research carried out, with the aim was to restore the original design wherever possible. The inaugural exhibition Escola da Vila \u2013 Constru\u00e7\u00e3o de um lugar comum [Construction of a common place], had Ra\u00fal Chor\u00e3o Ramalho\u2019s project as the subject of analysis and reflection, exhibiting his original drawings and writings, as it is believed that this laboratory building or case study should continue to be a source of inspiration and research for new forms of architectural and artistic production.\",\"breadcrumb\":{\"@id\":\"http:\\\/\\\/madalenavidigal.pt\\\/en\\\/escola-porto-santo\\\/#breadcrumb\"},\"inLanguage\":\"en-US\",\"potentialAction\":[{\"@type\":\"ReadAction\",\"target\":[[\"http:\\\/\\\/madalenavidigal.pt\\\/en\\\/escola-porto-santo\\\/\"]]}]},{\"@type\":\"ImageObject\",\"inLanguage\":\"en-US\",\"@id\":\"http:\\\/\\\/madalenavidigal.pt\\\/en\\\/escola-porto-santo\\\/#primaryimage\",\"url\":\"http:\\\/\\\/madalenavidigal.pt\\\/wp-content\\\/uploads\\\/2025\\\/07\\\/dg1176009.jpg\",\"contentUrl\":\"http:\\\/\\\/madalenavidigal.pt\\\/wp-content\\\/uploads\\\/2025\\\/07\\\/dg1176009.jpg\",\"width\":1500,\"height\":1000},{\"@type\":\"BreadcrumbList\",\"@id\":\"http:\\\/\\\/madalenavidigal.pt\\\/en\\\/escola-porto-santo\\\/#breadcrumb\",\"itemListElement\":[{\"@type\":\"ListItem\",\"position\":1,\"name\":\"In\u00edcio\",\"item\":\"http:\\\/\\\/madalenavidigal.pt\\\/en\\\/\"},{\"@type\":\"ListItem\",\"position\":2,\"name\":\"Porto Santo School\"}]},{\"@type\":\"WebSite\",\"@id\":\"http:\\\/\\\/madalenavidigal.pt\\\/en\\\/#website\",\"url\":\"http:\\\/\\\/madalenavidigal.pt\\\/en\\\/\",\"name\":\"Madalena Vidigal | Architect & Independent Researcher\",\"description\":\"Architect and independent researcher based in Portugal. Exploring legacy, communality &amp; sufficiency through collaborative projects, exhibitions &amp; ecological building.\",\"publisher\":{\"@id\":\"http:\\\/\\\/madalenavidigal.pt\\\/en\\\/#\\\/schema\\\/person\\\/9a2f0ddf8d19d3e08eefd815a1444fdb\"},\"potentialAction\":[{\"@type\":\"SearchAction\",\"target\":{\"@type\":\"EntryPoint\",\"urlTemplate\":\"http:\\\/\\\/madalenavidigal.pt\\\/en\\\/?s={search_term_string}\"},\"query-input\":{\"@type\":\"PropertyValueSpecification\",\"valueRequired\":true,\"valueName\":\"search_term_string\"}}],\"inLanguage\":\"en-US\"},{\"@type\":[\"Person\",\"Organization\"],\"@id\":\"http:\\\/\\\/madalenavidigal.pt\\\/en\\\/#\\\/schema\\\/person\\\/9a2f0ddf8d19d3e08eefd815a1444fdb\",\"name\":\"admin8128\",\"image\":{\"@type\":\"ImageObject\",\"inLanguage\":\"en-US\",\"@id\":\"http:\\\/\\\/madalenavidigal.pt\\\/wp-content\\\/uploads\\\/2025\\\/06\\\/Madalena-Vidigal-Portrait.jpg\",\"url\":\"http:\\\/\\\/madalenavidigal.pt\\\/wp-content\\\/uploads\\\/2025\\\/06\\\/Madalena-Vidigal-Portrait.jpg\",\"contentUrl\":\"http:\\\/\\\/madalenavidigal.pt\\\/wp-content\\\/uploads\\\/2025\\\/06\\\/Madalena-Vidigal-Portrait.jpg\",\"width\":1228,\"height\":1818,\"caption\":\"admin8128\"},\"logo\":{\"@id\":\"http:\\\/\\\/madalenavidigal.pt\\\/wp-content\\\/uploads\\\/2025\\\/06\\\/Madalena-Vidigal-Portrait.jpg\"},\"sameAs\":[\"http:\\\/\\\/madalenavidigal.pt\",\"https:\\\/\\\/www.facebook.com\\\/madalena.v.vieira\\\/\",\"https:\\\/\\\/www.instagram.com\\\/mvidigalvieira\\\/\",\"https:\\\/\\\/www.linkedin.com\\\/in\\\/madalena-vidigal\\\/\"],\"url\":\"http:\\\/\\\/madalenavidigal.pt\\\/en\\\/author\\\/admin8128\\\/\"}]}<\/script>\n<!-- \/ Yoast SEO plugin. -->","yoast_head_json":{"title":"Porto Santo School &#8212; Madalena Vidigal","description":"Porto Santo School was based on the research carried out, with the aim was to restore the original design wherever possible. The inaugural exhibition Escola da Vila \u2013 Constru\u00e7\u00e3o de um lugar comum [Construction of a common place], had Ra\u00fal Chor\u00e3o Ramalho\u2019s project as the subject of analysis and reflection, exhibiting his original drawings and writings, as it is believed that this laboratory building or case study should continue to be a source of inspiration and research for new forms of architectural and artistic production.","robots":{"index":"index","follow":"follow","max-snippet":"max-snippet:-1","max-image-preview":"max-image-preview:large","max-video-preview":"max-video-preview:-1"},"canonical":"http:\/\/madalenavidigal.pt\/en\/escola-porto-santo\/","og_locale":"en_US","og_type":"article","og_title":"Porto Santo School &#8212; Madalena Vidigal","og_description":"Porto Santo School was based on the research carried out, with the aim was to restore the original design wherever possible. The inaugural exhibition Escola da Vila \u2013 Constru\u00e7\u00e3o de um lugar comum [Construction of a common place], had Ra\u00fal Chor\u00e3o Ramalho\u2019s project as the subject of analysis and reflection, exhibiting his original drawings and writings, as it is believed that this laboratory building or case study should continue to be a source of inspiration and research for new forms of architectural and artistic production.","og_url":"http:\/\/madalenavidigal.pt\/en\/escola-porto-santo\/","og_site_name":"Madalena Vidigal","article_publisher":"https:\/\/www.facebook.com\/madalena.v.vieira\/","article_author":"https:\/\/www.facebook.com\/madalena.v.vieira\/","article_published_time":"2025-07-14T22:19:26+00:00","article_modified_time":"2026-03-08T19:32:55+00:00","og_image":[{"width":1500,"height":1000,"url":"http:\/\/madalenavidigal.pt\/wp-content\/uploads\/2025\/07\/dg1176009.jpg","type":"image\/jpeg"}],"author":"admin8128","twitter_card":"summary_large_image","twitter_misc":{"Written by":"admin8128","Est. reading time":"17 minutes"},"schema":{"@context":"https:\/\/schema.org","@graph":[{"@type":"Article","@id":"http:\/\/madalenavidigal.pt\/en\/escola-porto-santo\/#article","isPartOf":{"@id":"http:\/\/madalenavidigal.pt\/en\/escola-porto-santo\/"},"author":{"name":"admin8128","@id":"http:\/\/madalenavidigal.pt\/en\/#\/schema\/person\/9a2f0ddf8d19d3e08eefd815a1444fdb"},"headline":"Porto Santo School","datePublished":"2025-07-14T22:19:26+00:00","dateModified":"2026-03-08T19:32:55+00:00","mainEntityOfPage":{"@id":"http:\/\/madalenavidigal.pt\/en\/escola-porto-santo\/"},"wordCount":24,"publisher":{"@id":"http:\/\/madalenavidigal.pt\/en\/#\/schema\/person\/9a2f0ddf8d19d3e08eefd815a1444fdb"},"image":{"@id":"http:\/\/madalenavidigal.pt\/en\/escola-porto-santo\/#primaryimage"},"thumbnailUrl":"http:\/\/madalenavidigal.pt\/wp-content\/uploads\/2025\/07\/dg1176009.jpg","keywords":["Communal","Cultural","Curation","Educational","Studies"],"articleSection":["Work"],"inLanguage":"en-US"},{"@type":"WebPage","@id":"http:\/\/madalenavidigal.pt\/en\/escola-porto-santo\/","url":"http:\/\/madalenavidigal.pt\/en\/escola-porto-santo\/","name":"Porto Santo School &#8212; Madalena Vidigal","isPartOf":{"@id":"http:\/\/madalenavidigal.pt\/en\/#website"},"primaryImageOfPage":{"@id":"http:\/\/madalenavidigal.pt\/en\/escola-porto-santo\/#primaryimage"},"image":{"@id":"http:\/\/madalenavidigal.pt\/en\/escola-porto-santo\/#primaryimage"},"thumbnailUrl":"http:\/\/madalenavidigal.pt\/wp-content\/uploads\/2025\/07\/dg1176009.jpg","datePublished":"2025-07-14T22:19:26+00:00","dateModified":"2026-03-08T19:32:55+00:00","description":"Porto Santo School was based on the research carried out, with the aim was to restore the original design wherever possible. The inaugural exhibition Escola da Vila \u2013 Constru\u00e7\u00e3o de um lugar comum [Construction of a common place], had Ra\u00fal Chor\u00e3o Ramalho\u2019s project as the subject of analysis and reflection, exhibiting his original drawings and writings, as it is believed that this laboratory building or case study should continue to be a source of inspiration and research for new forms of architectural and artistic production.","breadcrumb":{"@id":"http:\/\/madalenavidigal.pt\/en\/escola-porto-santo\/#breadcrumb"},"inLanguage":"en-US","potentialAction":[{"@type":"ReadAction","target":[["http:\/\/madalenavidigal.pt\/en\/escola-porto-santo\/"]]}]},{"@type":"ImageObject","inLanguage":"en-US","@id":"http:\/\/madalenavidigal.pt\/en\/escola-porto-santo\/#primaryimage","url":"http:\/\/madalenavidigal.pt\/wp-content\/uploads\/2025\/07\/dg1176009.jpg","contentUrl":"http:\/\/madalenavidigal.pt\/wp-content\/uploads\/2025\/07\/dg1176009.jpg","width":1500,"height":1000},{"@type":"BreadcrumbList","@id":"http:\/\/madalenavidigal.pt\/en\/escola-porto-santo\/#breadcrumb","itemListElement":[{"@type":"ListItem","position":1,"name":"In\u00edcio","item":"http:\/\/madalenavidigal.pt\/en\/"},{"@type":"ListItem","position":2,"name":"Porto Santo School"}]},{"@type":"WebSite","@id":"http:\/\/madalenavidigal.pt\/en\/#website","url":"http:\/\/madalenavidigal.pt\/en\/","name":"Madalena Vidigal | Architect & Independent Researcher","description":"Architect and independent researcher based in Portugal. Exploring legacy, communality &amp; sufficiency through collaborative projects, exhibitions &amp; ecological building.","publisher":{"@id":"http:\/\/madalenavidigal.pt\/en\/#\/schema\/person\/9a2f0ddf8d19d3e08eefd815a1444fdb"},"potentialAction":[{"@type":"SearchAction","target":{"@type":"EntryPoint","urlTemplate":"http:\/\/madalenavidigal.pt\/en\/?s={search_term_string}"},"query-input":{"@type":"PropertyValueSpecification","valueRequired":true,"valueName":"search_term_string"}}],"inLanguage":"en-US"},{"@type":["Person","Organization"],"@id":"http:\/\/madalenavidigal.pt\/en\/#\/schema\/person\/9a2f0ddf8d19d3e08eefd815a1444fdb","name":"admin8128","image":{"@type":"ImageObject","inLanguage":"en-US","@id":"http:\/\/madalenavidigal.pt\/wp-content\/uploads\/2025\/06\/Madalena-Vidigal-Portrait.jpg","url":"http:\/\/madalenavidigal.pt\/wp-content\/uploads\/2025\/06\/Madalena-Vidigal-Portrait.jpg","contentUrl":"http:\/\/madalenavidigal.pt\/wp-content\/uploads\/2025\/06\/Madalena-Vidigal-Portrait.jpg","width":1228,"height":1818,"caption":"admin8128"},"logo":{"@id":"http:\/\/madalenavidigal.pt\/wp-content\/uploads\/2025\/06\/Madalena-Vidigal-Portrait.jpg"},"sameAs":["http:\/\/madalenavidigal.pt","https:\/\/www.facebook.com\/madalena.v.vieira\/","https:\/\/www.instagram.com\/mvidigalvieira\/","https:\/\/www.linkedin.com\/in\/madalena-vidigal\/"],"url":"http:\/\/madalenavidigal.pt\/en\/author\/admin8128\/"}]}},"grid":"{\"colCount\":10,\"colGutter\":0,\"rowGutters\":[0,125,125,125,125,125,125,125,125,125,125,125,125,125,125],\"frameMargin\":5,\"leftFrameMargin\":25,\"rightFrameMargin\":25,\"topFrameMargin\":25,\"horizontalGrid\":{\"show\":false,\"space\":1,\"mu\":\"%\"},\"mus\":{\"colGutterMu\":\"px\",\"rowGutterMu\":\"px\",\"topFrameMu\":\"px\",\"bottomFrameMu\":\"px\",\"frameMu\":\"px\"},\"bottomFrameMargin\":50,\"rowAttrs\":[{\"relid\":4},{\"relid\":1},{\"relid\":31},{\"relid\":9},{\"relid\":20},{\"relid\":16},{\"relid\":38},{\"relid\":51},{\"relid\":41},{\"relid\":26},{\"relid\":48},{\"relid\":53},{\"relid\":55},{\"relid\":47},{\"relid\":23},{\"relid\":11}],\"bgColor\":null,\"bgImage\":null,\"cont\":[{\"type\":\"text\",\"cont\":\"<p style=\\\"text-align: center;\\\">Studies<\/p>\",\"align\":\"top\",\"row\":0,\"col\":3,\"colspan\":1,\"offsetx\":0,\"offsety\":0,\"spaceabove\":0,\"spacebelow\":0,\"yvel\":1,\"push\":3,\"relid\":5,\"absolute_position\":false,\"textAnimation\":{\"enableTextAnimation\":false},\"bgColor\":{\"enableBgColor\":true,\"bgColor\":\"#FFBC44\",\"bgOpacity\":100}},{\"type\":\"text\",\"cont\":\"<p style=\\\"text-align: center;\\\">Curation<\/p>\",\"align\":\"top\",\"row\":0,\"col\":4,\"colspan\":1,\"offsetx\":0,\"offsety\":0,\"spaceabove\":0,\"spacebelow\":0,\"yvel\":1,\"push\":0,\"relid\":6,\"absolute_position\":false,\"textAnimation\":{\"enableTextAnimation\":false},\"bgColor\":{\"enableBgColor\":true,\"bgColor\":\"#F19E8E\",\"bgOpacity\":100}},{\"type\":\"text\",\"cont\":\"<p style=\\\"text-align: center;\\\">Educational<\/p>\",\"align\":\"top\",\"row\":0,\"col\":5,\"colspan\":1,\"offsetx\":0,\"offsety\":0,\"spaceabove\":0,\"spacebelow\":0,\"yvel\":1,\"push\":0,\"relid\":12,\"absolute_position\":false,\"textAnimation\":{\"enableTextAnimation\":false},\"bgColor\":{\"enableBgColor\":true,\"bgColor\":\"#A33F3F\",\"bgOpacity\":100}},{\"type\":\"text\",\"cont\":\"<p style=\\\"text-align: center;\\\">Cultural<\/p>\",\"align\":\"top\",\"row\":0,\"col\":6,\"colspan\":1,\"offsetx\":0,\"offsety\":0,\"spaceabove\":0,\"spacebelow\":0,\"yvel\":1,\"push\":0,\"relid\":49,\"absolute_position\":false,\"textAnimation\":{\"enableTextAnimation\":false},\"bgColor\":{\"enableBgColor\":true,\"bgColor\":\"#82BDA1\",\"bgOpacity\":100}},{\"type\":\"text\",\"cont\":\"<p style=\\\"text-align: center;\\\">Communal<\/p>\",\"align\":\"top\",\"row\":0,\"col\":7,\"colspan\":1,\"offsetx\":0,\"offsety\":0,\"spaceabove\":0,\"spacebelow\":0,\"yvel\":1,\"push\":0,\"relid\":50,\"absolute_position\":false,\"textAnimation\":{\"enableTextAnimation\":false},\"bgColor\":{\"enableBgColor\":true,\"bgColor\":\"#5B8F95\",\"bgOpacity\":100}},{\"type\":\"text\",\"cont\":\"<p class=\\\"_Big\\\">Porto Santo School<\/p>\\n<p class=\\\"_Default\\\">with Porta33 and Diogo Amaro<\/p>\",\"align\":\"top\",\"row\":1,\"col\":0,\"colspan\":5,\"offsetx\":0,\"offsety\":0,\"spaceabove\":0,\"spacebelow\":0,\"yvel\":1,\"push\":0,\"relid\":2,\"absolute_position\":false},{\"type\":\"text\",\"cont\":\"<div data-collapsed=\\\"false\\\">\\n<div>\\n<div>\\n<div data-type=\\\"text\\\" data-yvel=\\\"1\\\">\\n<div>\\n<p class=\\\"_Small\\\" style=\\\"text-align: right;\\\"><span>November 2019 - June 2021<\/span><\/p>\\n<\/div>\\n<\/div>\\n<\/div>\\n<\/div>\\n<\/div>\",\"align\":\"top\",\"row\":1,\"col\":5,\"colspan\":5,\"offsetx\":0,\"offsety\":0,\"spaceabove\":0,\"spacebelow\":0,\"yvel\":1,\"push\":0,\"relid\":3,\"absolute_position\":false,\"textAnimation\":{\"enableTextAnimation\":false}},{\"type\":\"carousel\",\"cont\":\"\",\"align\":\"top\",\"row\":2,\"col\":1,\"colspan\":8,\"offsetx\":0,\"offsety\":0,\"spaceabove\":0,\"spacebelow\":0,\"yvel\":1,\"push\":1,\"relid\":32,\"carousel_options\":{\"random\":false,\"autoplay\":false,\"showMultipleSlides\":false,\"freeScroll\":false,\"mousewheelScroll\":false,\"size\":\"aspectRatioOfFirstElement\",\"slidesWidth\":\"null\",\"transition\":\"sliding\",\"loop\":\"1\",\"spaceBetween\":0,\"captionsUnderSlides\":false,\"autoplaySpeed\":3000,\"autoplayDelay\":0,\"transitionSpeed\":300},\"carousel\":[{\"type\":\"img\",\"attid\":159,\"cont\":\"\/wp-content\/uploads\/2025\/07\/dg1176009.jpg\",\"sizes\":{\"full\":\"\/wp-content\/uploads\/2025\/07\/dg1176009.jpg\",\"_1280\":\"\/wp-content\/uploads\/2025\/07\/dg1176009-1280x853.jpg\",\"_1024\":\"\/wp-content\/uploads\/2025\/07\/dg1176009-1024x683.jpg\",\"_768\":\"\/wp-content\/uploads\/2025\/07\/dg1176009-768x512.jpg\",\"_512\":\"\/wp-content\/uploads\/2025\/07\/dg1176009-512x341.jpg\",\"_265\":\"\/wp-content\/uploads\/2025\/07\/dg1176009-265x177.jpg\"},\"w\":1500,\"h\":1000,\"ar\":0.6666666666666666,\"alt\":\"\",\"caption\":\"\"},{\"type\":\"img\",\"attid\":158,\"cont\":\"\/wp-content\/uploads\/2025\/07\/dg1177290.jpg\",\"sizes\":{\"full\":\"\/wp-content\/uploads\/2025\/07\/dg1177290.jpg\",\"_1280\":\"\/wp-content\/uploads\/2025\/07\/dg1177290-1280x853.jpg\",\"_1024\":\"\/wp-content\/uploads\/2025\/07\/dg1177290-1024x683.jpg\",\"_768\":\"\/wp-content\/uploads\/2025\/07\/dg1177290-768x512.jpg\",\"_512\":\"\/wp-content\/uploads\/2025\/07\/dg1177290-512x341.jpg\",\"_265\":\"\/wp-content\/uploads\/2025\/07\/dg1177290-265x177.jpg\"},\"w\":1500,\"h\":1000,\"ar\":0.6666666666666666,\"alt\":\"\",\"caption\":\"<p class=\\\"_Small\\\"><span>\\u00a9 <\/span>Duarte Belo<\/p>\"},{\"type\":\"img\",\"attid\":153,\"cont\":\"\/wp-content\/uploads\/2025\/07\/251712395_4354658917980316_6063376651887387492_n.jpg\",\"sizes\":{\"full\":\"\/wp-content\/uploads\/2025\/07\/251712395_4354658917980316_6063376651887387492_n.jpg\",\"_1920\":\"\/wp-content\/uploads\/2025\/07\/251712395_4354658917980316_6063376651887387492_n-1920x1280.jpg\",\"_1280\":\"\/wp-content\/uploads\/2025\/07\/251712395_4354658917980316_6063376651887387492_n-1280x853.jpg\",\"_1024\":\"\/wp-content\/uploads\/2025\/07\/251712395_4354658917980316_6063376651887387492_n-1024x683.jpg\",\"_768\":\"\/wp-content\/uploads\/2025\/07\/251712395_4354658917980316_6063376651887387492_n-768x512.jpg\",\"_512\":\"\/wp-content\/uploads\/2025\/07\/251712395_4354658917980316_6063376651887387492_n-512x341.jpg\",\"_265\":\"\/wp-content\/uploads\/2025\/07\/251712395_4354658917980316_6063376651887387492_n-265x177.jpg\"},\"w\":2048,\"h\":1365,\"ar\":0.66650390625,\"alt\":\"\",\"caption\":\"<p class=\\\"_Small\\\"><span>\\u00a9 <\/span>Carolina Vieira \/ Porta 33<\/p>\"},{\"type\":\"img\",\"attid\":152,\"cont\":\"\/wp-content\/uploads\/2025\/07\/243161812_4241201022659440_5277120662651620250_n.jpg\",\"sizes\":{\"full\":\"\/wp-content\/uploads\/2025\/07\/243161812_4241201022659440_5277120662651620250_n.jpg\",\"_1920\":\"\/wp-content\/uploads\/2025\/07\/243161812_4241201022659440_5277120662651620250_n-1920x1280.jpg\",\"_1280\":\"\/wp-content\/uploads\/2025\/07\/243161812_4241201022659440_5277120662651620250_n-1280x853.jpg\",\"_1024\":\"\/wp-content\/uploads\/2025\/07\/243161812_4241201022659440_5277120662651620250_n-1024x683.jpg\",\"_768\":\"\/wp-content\/uploads\/2025\/07\/243161812_4241201022659440_5277120662651620250_n-768x512.jpg\",\"_512\":\"\/wp-content\/uploads\/2025\/07\/243161812_4241201022659440_5277120662651620250_n-512x341.jpg\",\"_265\":\"\/wp-content\/uploads\/2025\/07\/243161812_4241201022659440_5277120662651620250_n-265x177.jpg\"},\"w\":2048,\"h\":1365,\"ar\":0.66650390625,\"alt\":\"\",\"caption\":\"<p class=\\\"_Small\\\"><span>\\u00a9 <\/span>Carolina Vieira \/ Porta 33<\/p>\"},{\"type\":\"img\",\"attid\":157,\"cont\":\"\/wp-content\/uploads\/2025\/07\/ed_RCR-EPPS_sel-10.jpg\",\"sizes\":{\"full\":\"\/wp-content\/uploads\/2025\/07\/ed_RCR-EPPS_sel-10.jpg\",\"_1280\":\"\/wp-content\/uploads\/2025\/07\/ed_RCR-EPPS_sel-10-1280x960.jpg\",\"_1024\":\"\/wp-content\/uploads\/2025\/07\/ed_RCR-EPPS_sel-10-1024x768.jpg\",\"_768\":\"\/wp-content\/uploads\/2025\/07\/ed_RCR-EPPS_sel-10-768x576.jpg\",\"_512\":\"\/wp-content\/uploads\/2025\/07\/ed_RCR-EPPS_sel-10-512x384.jpg\",\"_265\":\"\/wp-content\/uploads\/2025\/07\/ed_RCR-EPPS_sel-10-265x199.jpg\"},\"w\":1500,\"h\":1125,\"ar\":0.75,\"alt\":\"\",\"caption\":\"<p class=\\\"_Small\\\"><span>\\u00a9 <\/span>Madalena Vidigal<\/p>\"},{\"type\":\"img\",\"attid\":160,\"cont\":\"\/wp-content\/uploads\/2025\/07\/ed_RCR-EPPS_sel-5.jpg\",\"sizes\":{\"full\":\"\/wp-content\/uploads\/2025\/07\/ed_RCR-EPPS_sel-5.jpg\",\"_768\":\"\/wp-content\/uploads\/2025\/07\/ed_RCR-EPPS_sel-5-768x1024.jpg\",\"_512\":\"\/wp-content\/uploads\/2025\/07\/ed_RCR-EPPS_sel-5-512x682.jpg\",\"_265\":\"\/wp-content\/uploads\/2025\/07\/ed_RCR-EPPS_sel-5-265x353.jpg\"},\"w\":1000,\"h\":1333,\"ar\":1.333,\"alt\":\"\",\"caption\":\"<p class=\\\"_Small\\\"><span>\\u00a9 <\/span>Madalena Vidigal<\/p>\"}],\"absolute_position\":false,\"textAnimation\":{\"enableTextAnimation\":false},\"caption\":\"<p class=\\\"_Small\\\"><span>\\u00a9 <\/span>Duarte Belo<\/p>\"},{\"type\":\"text\",\"cont\":\"<div data-collapsed=\\\"false\\\">\\n<div data-type=\\\"text\\\" data-yvel=\\\"1\\\">\\n<p class=\\\"_Default\\\">For several decades and until 2018, the Old Primary School of Porto Santo, was the only school in this small Island and today makes an integral part of the memory and identity of all generations of inhabitants. It is exemplar in the relationship between the architectural and teaching space, as a place where the encounter with learning is activated. Following the abandonment of the school community from the building, Porto Santo Municipality established a protocol with <a rel=\\\"noopener\\\" href=\\\"https:\/\/www.porta33.com\/index.html\\\" target=\\\"_blank\\\">Porta33<\/a> Cultural Association, with the aim of transforming the Old School space into a place of residences and artistic activities, in proximity to the local community.<\/p>\\n<p class=\\\"_Default\\\">The School was designed in the late 1950s by the architect Ra\\u00fal Chor\\u00e3o Ramalho, and is a remarkable example of modernity and typological innovation in Portuguese architecture.<\/p>\\n<\/div>\\n<\/div>\",\"align\":\"top\",\"row\":3,\"col\":1,\"colspan\":4,\"offsetx\":0,\"offsety\":0,\"spaceabove\":0,\"spacebelow\":0,\"yvel\":1,\"push\":1,\"relid\":10,\"absolute_position\":false,\"textAnimation\":{\"enableTextAnimation\":false}},{\"type\":\"text\",\"cont\":\"<div data-collapsed=\\\"false\\\">\\n<div data-type=\\\"text\\\" data-yvel=\\\"1\\\">\\n<p class=\\\"_Default\\\"><span style=\\\"letter-spacing: 0em; text-indent: 0em;\\\">The project\\u2019s kick-start was facilitated by the first seminar <a rel=\\\"noopener\\\" href=\\\"https:\/\/www.porta33.com\/porta33_porto_santo\/eventos\/content_eventos\/redesenhar_escola\/redesenhar_escola_vila_1m_entrada.html\\\" target=\\\"_blank\\\">Redesenhar a Antiga Escola da Vila do Porto Santo <span>\\u2014 <\/span>encontros com o territ\\u00f3rio e a sua comunidade atrav\\u00e9s da Arte<\/a> [Redesigning the Old School of Porto Santo Village <span>\\u2014 <\/span>meetings with the territory and its community through Art], in November 2019, where the first bonds with the community were established and the work axes were outlined.<\/span><\/p>\\n<\/div>\\n<p class=\\\"_Default\\\">There were three axes that were fundamental and orienting for the development of the project in Porto Santo School: the Architecture Axis, the Thought Axis and the Visual Arts Axis. In March 2020, the second part of the Seminar took place, time when I integrated the team in the<br \/>implementation of the Architecture Axis, the programme and the project on site.<\/p>\\n<\/div>\",\"align\":\"top\",\"row\":4,\"col\":1,\"colspan\":4,\"offsetx\":0,\"offsety\":0,\"spaceabove\":0,\"spacebelow\":0,\"yvel\":1,\"push\":1,\"relid\":21,\"absolute_position\":false,\"textAnimation\":{\"enableTextAnimation\":false}},{\"type\":\"img\",\"cont\":\"\/wp-content\/uploads\/2025\/07\/01_EPPS-01.jpg\",\"align\":\"top\",\"row\":5,\"col\":5,\"colspan\":4,\"offsetx\":0,\"offsety\":0,\"spaceabove\":0,\"spacebelow\":0,\"yvel\":1,\"push\":5,\"relid\":27,\"attid\":165,\"sizes\":{\"full\":\"\/wp-content\/uploads\/2025\/07\/01_EPPS-01.jpg\",\"_1280\":\"\/wp-content\/uploads\/2025\/07\/01_EPPS-01-1280x422.jpg\",\"_1024\":\"\/wp-content\/uploads\/2025\/07\/01_EPPS-01-1024x337.jpg\",\"_768\":\"\/wp-content\/uploads\/2025\/07\/01_EPPS-01-768x253.jpg\",\"_512\":\"\/wp-content\/uploads\/2025\/07\/01_EPPS-01-512x169.jpg\",\"_265\":\"\/wp-content\/uploads\/2025\/07\/01_EPPS-01-265x87.jpg\"},\"w\":1500,\"h\":494,\"ar\":0.3293333333333333,\"alt\":\"\",\"absolute_position\":false,\"textAnimation\":{\"enableTextAnimation\":false},\"lightbox_caption\":\"<p class=\\\"_Small\\\">Perspective \\u00a9 Ra\\u00fal Chor\\u00e3o Ramalho Architect<br \/>Courtesy: Madeira Archives and Library<\/p>\"},{\"type\":\"img\",\"cont\":\"\/wp-content\/uploads\/2025\/07\/02_EPPS-04.jpg\",\"align\":\"top\",\"row\":6,\"col\":5,\"colspan\":4,\"offsetx\":0,\"offsety\":0,\"spaceabove\":0,\"spacebelow\":0,\"yvel\":1,\"push\":5,\"relid\":28,\"attid\":166,\"sizes\":{\"full\":\"\/wp-content\/uploads\/2025\/07\/02_EPPS-04.jpg\",\"_1280\":\"\/wp-content\/uploads\/2025\/07\/02_EPPS-04-1280x526.jpg\",\"_1024\":\"\/wp-content\/uploads\/2025\/07\/02_EPPS-04-1024x421.jpg\",\"_768\":\"\/wp-content\/uploads\/2025\/07\/02_EPPS-04-768x315.jpg\",\"_512\":\"\/wp-content\/uploads\/2025\/07\/02_EPPS-04-512x210.jpg\",\"_265\":\"\/wp-content\/uploads\/2025\/07\/02_EPPS-04-265x109.jpg\"},\"w\":1500,\"h\":616,\"ar\":0.4106666666666667,\"alt\":\"\",\"absolute_position\":false,\"textAnimation\":{\"enableTextAnimation\":false},\"lightbox_caption\":\"<p class=\\\"_Small\\\">Ground floor plan \\u00a9 Ra\\u00fal Chor\\u00e3o Ramalho Architect<br \/>Courtesy: Madeira Archive and Library<\/p>\"},{\"type\":\"text\",\"cont\":\"<p>My integration in the team was defined in two work fronts:<\/p>\\n<p><span>\\u2014<\/span> on one hand the conducting the landscape, territory and architectural survey, the architectural heritage protection procedure of the school building through the <a rel=\\\"noopener\\\" href=\\\"https:\/\/cultura.madeira.gov.pt\/not%C3%ADcias1\/636-classifica%C3%A7%C3%A3o-da-escola-prim%C3%A1ria-do-porto-santo.html\\\" target=\\\"_blank\\\">Classification of Built Heritage,<\/a> and the building intervention to be performed;<\/p>\\n<p><span>\\u2014 <\/span>on the other hand a close collaboration with Porta33 in the structuring of the artistic and social programming of the project, development of local partnerships and submission of the application to the European Fund EEAGrants, Connecting Dots \\u2013 Artistic Mobility and Audience Development, submitted in October 2020.<\/p>\\n<p>\\u00a0<\/p>\\n<p>From January 2021, a new bond was established, including the collaboration of <a rel=\\\"noopener\\\" href=\\\"https:\/\/diogoamaro.com\/\\\" target=\\\"_blank\\\">Diogo Amaro<\/a> in the Porto Santo School operation, for co-monitoring the adaptation and maintenance of the construction works carried out in the building, which had the support of the Regional Government of Madeira, as well as for the coconception of the inaugural exhibition<\/p>\",\"align\":\"top\",\"row\":7,\"col\":1,\"colspan\":4,\"offsetx\":0,\"offsety\":0,\"spaceabove\":0,\"spacebelow\":0,\"yvel\":1,\"push\":1,\"relid\":52,\"absolute_position\":false,\"textAnimation\":{\"enableTextAnimation\":false}},{\"type\":\"img\",\"cont\":\"\/wp-content\/uploads\/2025\/07\/desenhos-gerais_220903-PS.EX_.A.png\",\"align\":\"middle\",\"row\":8,\"col\":1,\"colspan\":4,\"offsetx\":0,\"offsety\":0,\"spaceabove\":0,\"spacebelow\":0,\"yvel\":1,\"push\":1,\"relid\":42,\"attid\":243,\"sizes\":{\"full\":\"\/wp-content\/uploads\/2025\/07\/desenhos-gerais_220903-PS.EX_.A.png\",\"_1280\":\"\/wp-content\/uploads\/2025\/07\/desenhos-gerais_220903-PS.EX_.A-1280x899.png\",\"_1024\":\"\/wp-content\/uploads\/2025\/07\/desenhos-gerais_220903-PS.EX_.A-1024x720.png\",\"_768\":\"\/wp-content\/uploads\/2025\/07\/desenhos-gerais_220903-PS.EX_.A-768x540.png\",\"_512\":\"\/wp-content\/uploads\/2025\/07\/desenhos-gerais_220903-PS.EX_.A-512x360.png\",\"_265\":\"\/wp-content\/uploads\/2025\/07\/desenhos-gerais_220903-PS.EX_.A-265x186.png\"},\"w\":1500,\"h\":1054,\"ar\":0.7026666666666667,\"alt\":\"\",\"absolute_position\":false,\"textAnimation\":{\"enableTextAnimation\":false},\"lightbox_caption\":\"<p class=\\\"_Small\\\">Ground floor plan and section \\u00a9 Madalena Vidigal<br \/><br \/><\/p>\\n<p>\\u00a0<\/p>\",\"frameOverflow\":\"\"},{\"type\":\"img\",\"cont\":\"\/wp-content\/uploads\/2025\/07\/IMG_3443-rotated.jpg\",\"align\":\"top\",\"row\":9,\"col\":5,\"colspan\":2,\"offsetx\":0,\"offsety\":0,\"spaceabove\":0,\"spacebelow\":0,\"yvel\":1,\"push\":5,\"relid\":22,\"attid\":163,\"sizes\":{\"full\":\"\/wp-content\/uploads\/2025\/07\/IMG_3443-rotated.jpg\",\"_2560\":\"\/wp-content\/uploads\/2025\/07\/IMG_3443-2560x3413.jpg\",\"_1920\":\"\/wp-content\/uploads\/2025\/07\/IMG_3443-1920x2560.jpg\",\"_1280\":\"\/wp-content\/uploads\/2025\/07\/IMG_3443-1280x1707.jpg\",\"_1024\":\"\/wp-content\/uploads\/2025\/07\/IMG_3443-1024x1365.jpg\",\"_768\":\"\/wp-content\/uploads\/2025\/07\/IMG_3443-768x1024.jpg\",\"_512\":\"\/wp-content\/uploads\/2025\/07\/IMG_3443-512x683.jpg\",\"_265\":\"\/wp-content\/uploads\/2025\/07\/IMG_3443-265x353.jpg\"},\"w\":3024,\"h\":4032,\"ar\":1.3333333333333333,\"alt\":\"\",\"absolute_position\":false,\"textAnimation\":{\"enableTextAnimation\":false},\"lightbox_caption\":\"<p class=\\\"_Small\\\">Conservation works \\u00a9 Madalena Vidigal<br \/><br \/><\/p>\\n<p>\\u00a0<\/p>\",\"frameOverflow\":\"\"},{\"type\":\"img\",\"cont\":\"\/wp-content\/uploads\/2025\/07\/IMG_1764.jpg\",\"align\":\"bottom\",\"row\":9,\"col\":8,\"colspan\":1,\"offsetx\":0,\"offsety\":0,\"spaceabove\":0,\"spacebelow\":0,\"yvel\":1,\"push\":1,\"relid\":25,\"attid\":161,\"sizes\":{\"full\":\"\/wp-content\/uploads\/2025\/07\/IMG_1764.jpg\",\"_2560\":\"\/wp-content\/uploads\/2025\/07\/IMG_1764-2560x3413.jpg\",\"_1920\":\"\/wp-content\/uploads\/2025\/07\/IMG_1764-1920x2560.jpg\",\"_1280\":\"\/wp-content\/uploads\/2025\/07\/IMG_1764-1280x1707.jpg\",\"_1024\":\"\/wp-content\/uploads\/2025\/07\/IMG_1764-1024x1365.jpg\",\"_768\":\"\/wp-content\/uploads\/2025\/07\/IMG_1764-768x1024.jpg\",\"_512\":\"\/wp-content\/uploads\/2025\/07\/IMG_1764-512x683.jpg\",\"_265\":\"\/wp-content\/uploads\/2025\/07\/IMG_1764-265x353.jpg\"},\"w\":3024,\"h\":4032,\"ar\":1.3333333333333333,\"alt\":\"\",\"absolute_position\":false,\"textAnimation\":{\"enableTextAnimation\":false},\"lightbox_caption\":\"<p class=\\\"_Small\\\">Identifying original fa\\u00e7ade colour during conservation work \\u00a9 Madalena Vidigal<\/p>\"},{\"type\":\"img\",\"cont\":\"\/wp-content\/uploads\/2025\/07\/IMG_3110.jpg\",\"align\":\"top\",\"row\":10,\"col\":7,\"colspan\":2,\"offsetx\":0,\"offsety\":0,\"spaceabove\":0,\"spacebelow\":0,\"yvel\":1,\"push\":7,\"relid\":24,\"attid\":162,\"sizes\":{\"full\":\"\/wp-content\/uploads\/2025\/07\/IMG_3110.jpg\",\"_3840\":\"\/wp-content\/uploads\/2025\/07\/IMG_3110-3840x2880.jpg\",\"_3200\":\"\/wp-content\/uploads\/2025\/07\/IMG_3110-3200x2400.jpg\",\"_2560\":\"\/wp-content\/uploads\/2025\/07\/IMG_3110-2560x1920.jpg\",\"_1920\":\"\/wp-content\/uploads\/2025\/07\/IMG_3110-1920x1440.jpg\",\"_1280\":\"\/wp-content\/uploads\/2025\/07\/IMG_3110-1280x960.jpg\",\"_1024\":\"\/wp-content\/uploads\/2025\/07\/IMG_3110-1024x768.jpg\",\"_768\":\"\/wp-content\/uploads\/2025\/07\/IMG_3110-768x576.jpg\",\"_512\":\"\/wp-content\/uploads\/2025\/07\/IMG_3110-512x384.jpg\",\"_265\":\"\/wp-content\/uploads\/2025\/07\/IMG_3110-265x199.jpg\"},\"w\":4032,\"h\":3024,\"ar\":0.75,\"alt\":\"\",\"absolute_position\":false,\"textAnimation\":{\"enableTextAnimation\":false},\"lightbox_caption\":\"<p class=\\\"_Small\\\">Identifying original fa\\u00e7ade colour during conservation work \\u00a9 Madalena Vidigal<\/p>\"},{\"type\":\"text\",\"cont\":\"<p>The architetural intervention was based on the research carried out, with the aim was to restore the original design wherever possible, namely by identifying and restoring the original colours and removing additions, in an attempt to restore the building\\u2019s original clarity.<\/p>\\n<p>The limited budget required a rigorous prioritisation exercise, assuming an intervention that was sometimes anonymous and invisible, but conscious and necessary. All the work was carried out with a view to enabling and facilitating the full restoration of the original project.<\/p>\\n<p>\\u00a0<\/p>\\n<p>The inaugural exhibition <a rel=\\\"noopener\\\" href=\\\"https:\/\/www.porta33.com\/porta33_porto_santo\/exposicoes\/content_exposicoes\/construcao-de-um-espaco-comum\/exposicao-escola-da-vila-construcao-de-um-espaco.html\\\" target=\\\"_blank\\\">Escola da Vila \\u2013 Constru\\u00e7\\u00e3o de um lugar comum<\/a> [Construction of a common place], had Ra\\u00fal Chor\\u00e3o Ramalho\\u2019s project as the subject of analysis and reflection, exhibiting his original drawings and writings, as it is believed that this laboratory building or case study should continue to be a source of inspiration and research for new forms of architectural and artistic production.<\/p>\",\"align\":\"top\",\"row\":11,\"col\":1,\"colspan\":4,\"offsetx\":0,\"offsety\":0,\"spaceabove\":0,\"spacebelow\":0,\"yvel\":1,\"push\":1,\"relid\":54,\"absolute_position\":false,\"textAnimation\":{\"enableTextAnimation\":false}},{\"type\":\"img\",\"cont\":\"\/wp-content\/uploads\/2025\/07\/dg1194926.jpg\",\"align\":\"top\",\"row\":12,\"col\":0,\"colspan\":2,\"offsetx\":0,\"offsety\":0,\"spaceabove\":0,\"spacebelow\":0,\"yvel\":1,\"push\":0,\"relid\":56,\"attid\":169,\"sizes\":{\"full\":\"\/wp-content\/uploads\/2025\/07\/dg1194926.jpg\",\"_768\":\"\/wp-content\/uploads\/2025\/07\/dg1194926-768x576.jpg\",\"_512\":\"\/wp-content\/uploads\/2025\/07\/dg1194926-512x384.jpg\",\"_265\":\"\/wp-content\/uploads\/2025\/07\/dg1194926-265x199.jpg\"},\"w\":854,\"h\":640,\"ar\":0.7494145199063232,\"alt\":\"\",\"absolute_position\":false,\"textAnimation\":{\"enableTextAnimation\":false},\"lightbox_caption\":\"<p class=\\\"_Small\\\">Exhibition Escola da Vila: construction of a common place \\u00a9 Duarte Belo<\/p>\"},{\"type\":\"img\",\"cont\":\"\/wp-content\/uploads\/2025\/07\/dg1195016.jpg\",\"align\":\"top\",\"row\":12,\"col\":8,\"colspan\":2,\"offsetx\":0,\"offsety\":0,\"spaceabove\":0,\"spacebelow\":0,\"yvel\":1,\"push\":6,\"relid\":57,\"attid\":170,\"sizes\":{\"full\":\"\/wp-content\/uploads\/2025\/07\/dg1195016.jpg\",\"_768\":\"\/wp-content\/uploads\/2025\/07\/dg1195016-768x576.jpg\",\"_512\":\"\/wp-content\/uploads\/2025\/07\/dg1195016-512x384.jpg\",\"_265\":\"\/wp-content\/uploads\/2025\/07\/dg1195016-265x199.jpg\"},\"w\":854,\"h\":640,\"ar\":0.7494145199063232,\"alt\":\"\",\"absolute_position\":false,\"lightbox_caption\":\"<p class=\\\"_Small\\\">Exhibition Escola da Vila: construction of a common place\\u00a0\\u00a9 Duarte Belo<\/p>\",\"textAnimation\":{\"enableTextAnimation\":false}},{\"type\":\"img\",\"cont\":\"\/wp-content\/uploads\/2025\/07\/XKXN6216.jpg\",\"align\":\"top\",\"row\":13,\"col\":2,\"colspan\":2,\"offsetx\":0,\"offsety\":0,\"spaceabove\":0,\"spacebelow\":0,\"yvel\":1,\"push\":2,\"relid\":19,\"attid\":164,\"sizes\":{\"full\":\"\/wp-content\/uploads\/2025\/07\/XKXN6216.jpg\",\"_768\":\"\/wp-content\/uploads\/2025\/07\/XKXN6216-768x512.jpg\",\"_512\":\"\/wp-content\/uploads\/2025\/07\/XKXN6216-512x341.jpg\",\"_265\":\"\/wp-content\/uploads\/2025\/07\/XKXN6216-265x177.jpg\"},\"w\":960,\"h\":640,\"ar\":0.6666666666666666,\"alt\":\"\",\"absolute_position\":false,\"textAnimation\":{\"enableTextAnimation\":false},\"lightbox_caption\":\"<p class=\\\"_Small\\\">Exhibition Escola da Vila: construction of a common place\\u00a0\\u00a9 Carolina Vieira \/ Porta 33<\/p>\"},{\"type\":\"img\",\"cont\":\"\/wp-content\/uploads\/2025\/07\/dg1195022-1.jpg\",\"align\":\"top\",\"row\":13,\"col\":5,\"colspan\":3,\"offsetx\":0,\"offsety\":0,\"spaceabove\":0,\"spacebelow\":0,\"yvel\":1,\"push\":1,\"relid\":8,\"attid\":168,\"sizes\":{\"full\":\"\/wp-content\/uploads\/2025\/07\/dg1195022-1.jpg\",\"_768\":\"\/wp-content\/uploads\/2025\/07\/dg1195022-1-768x576.jpg\",\"_512\":\"\/wp-content\/uploads\/2025\/07\/dg1195022-1-512x384.jpg\",\"_265\":\"\/wp-content\/uploads\/2025\/07\/dg1195022-1-265x199.jpg\"},\"w\":854,\"h\":640,\"ar\":0.7494145199063232,\"alt\":\"\",\"absolute_position\":false,\"textAnimation\":{\"enableTextAnimation\":false},\"lightbox_caption\":\"<p class=\\\"_Small\\\">Exhibition Escola da Vila: construction of a common place \\u00a9 Duarte Belo<\/p>\"},{\"type\":\"text\",\"cont\":\"<p class=\\\"_Small\\\">Construction<\/p>\\n<p class=\\\"_Small\\\">Client: C\\u00e2mara Municipal do Porto Santo e Porta33<br \/>Architecture: Madalena Vidigal (responsible) e Diogo Amaro<br \/>Site coordination: Eng. Ant\\u00f3nio Salvador<br \/>Carpentry: Hil\\u00e1rio Dias<br \/>Eectricity: Nuno Robinson<br \/>Paintwork: liderada por Paulo Garrafa<br \/>Contractor: Constru\\u00e7\\u00f5es Melim &amp; Melim<br \/>Logistics: Jorge Baptista<br \/>Support: Regi\\u00e3o Aut\\u00f3noma da Madeira Governo Regional | Vice-Presid\\u00eancia no Porto Santo; Munic\\u00edpio do Porto Santo; Alfilux; e Tintas CIN<br \/><br \/><\/p>\\n<p class=\\\"_Small\\\">Exhibition<\/p>\\n<p class=\\\"_Small\\\">Organization, production and coordination: Porta33<br \/>Curation: Madalena Vidigal e Diogo Amaro<br \/>Graphic Design: Dayana Lucas<br \/>Inventory: Madalena Vidigal<br \/>Texts: Madalena Vidigal, with a special contribution from Victor Mestre and Pedro Ravara, and based on the testimonies of Porto Santo's community<br \/>Support: R\\u00e9publica Portuguesa, Cultura; DGArtes; Dire\\u00e7\\u00e3o-Geral do Patrim\\u00f3nio Cultural; SIPA - Forte de Sacav\\u00e9m; Secretaria Regional de Turismo e Cultura; Secretaria Regional de Educa\\u00e7\\u00e3o, Ci\\u00eancia e Tecnologia; Vice-Presid\\u00eancia do Porto Santo; C\\u00e2mara Municipal do Funchal; C\\u00e2mara Municipal do Porto Santo; Sociedade de Desenvolvimento do Porto Santo, SA; Centro Cultural e de Congressos do Porto Santo; Tintas CIN; Mil Folhas Art &amp; Design; Plano Nacional das Artes.<br \/>Production support: Regi\\u00e3o Aut\\u00f3noma da Madeira Governo Regional | Vice-Presid\\u00eancia no Porto Santo; Munic\\u00edpio do Porto Santo; Tintas CIN; Alfilux; Constru\\u00e7\\u00f5es Melim &amp; Melim<br \/>Acknowledgements from the curators: Ana Goes Ferreira<br \/><br \/><\/p>\\n<p class=\\\"_Small\\\">Imprensa<\/p>\\n<p class=\\\"_Small\\\"><span><a rel=\\\"noopener\\\" href=\\\"https:\/\/umbigomagazine.com\/pt\/blog\/2023\/05\/23\/uma-visita-a-escola-do-porto-santo-uma-obra-de-raul-chorao-ramalho\/\\\" target=\\\"_blank\\\">Umbigo \\u2014 <em>Uma visita \\u00e0 \\u201cEscola do Porto Santo: uma obra de Ra\\u00fal Chor\\u00e3o Ramalho\\u201d<\/em><\/a><br \/><a rel=\\\"noopener\\\" href=\\\"https:\/\/umbigomagazine.com\/pt\/blog\/2021\/07\/22\/escola-da-vila-construcao-de-um-espaco-comum\/\\\" target=\\\"_blank\\\">Umbigo \\u2014 <em>Escola da Vila \\u2013 Constru\\u00e7\\u00e3o de um espa\\u00e7o comum<\/em><\/a><br \/><a rel=\\\"noopener\\\" href=\\\"https:\/\/www.publico.pt\/2021\/06\/26\/culturaipsilon\/noticia\/ilha-porto-santo-antiga-escola-laboratorio-artes-pensamento-1968091\\\" target=\\\"_blank\\\">P\\u00fablico \\u2014 <em>Na ilha de Porto Santo, uma antiga escola \\u00e9 agora um laborat\\u00f3rio de artes e pensamento<\/em><\/a><\/span><\/p>\",\"align\":\"top\",\"row\":14,\"col\":5,\"colspan\":4,\"offsetx\":0,\"offsety\":0,\"spaceabove\":0,\"spacebelow\":0,\"yvel\":1,\"push\":5,\"relid\":15,\"absolute_position\":false,\"textAnimation\":{\"enableTextAnimation\":false},\"frameOverflow\":\"\"},{\"type\":\"text\",\"cont\":\"<p class=\\\"_Small\\\" style=\\\"text-align: left;\\\"><a class=\\\"layprevproject\\\" href=\\\"#layprevproject\\\">Previous project<\/a><\/p>\",\"align\":\"bottom\",\"row\":15,\"col\":0,\"colspan\":2,\"offsetx\":0,\"offsety\":0,\"spaceabove\":0,\"spacebelow\":0,\"yvel\":1,\"push\":0,\"relid\":18,\"absolute_position\":false,\"textAnimation\":{\"enableTextAnimation\":false}},{\"type\":\"text\",\"cont\":\"<p class=\\\"_Small\\\" style=\\\"text-align: right;\\\"><a class=\\\"laynextproject\\\" href=\\\"#laynextproject\\\">Next project<\/a><\/p>\",\"align\":\"bottom\",\"row\":15,\"col\":7,\"colspan\":3,\"offsetx\":0,\"offsety\":0,\"spaceabove\":0,\"spacebelow\":0,\"yvel\":1,\"push\":5,\"relid\":17,\"absolute_position\":false,\"textAnimation\":{\"enableTextAnimation\":false},\"frameOverflow\":\"\"}]}","phonegrid":"{\"colCount\":12,\"colGutter\":\"0\",\"rowGutters\":[\"0\",\"0\",75,75,75,75,75,75,75,75,75,75,75,75,75,75,75,75,75],\"frameMargin\":5,\"topFrameMargin\":55,\"rightFrameMargin\":25,\"bottomFrameMargin\":25,\"leftFrameMargin\":25,\"mus\":{\"colGutterMu\":\"px\",\"rowGutterMu\":\"px\",\"topFrameMu\":\"px\",\"bottomFrameMu\":\"px\",\"frameMu\":\"px\"},\"rowAttrs\":[{\"relid\":7},{\"relid\":13},{\"relid\":59},{\"relid\":29},{\"relid\":30},{\"relid\":33},{\"relid\":34},{\"relid\":35},{\"relid\":58},{\"relid\":62},{\"relid\":61},{\"relid\":36},{\"relid\":46},{\"relid\":60},{\"relid\":63},{\"relid\":39},{\"relid\":37},{\"relid\":40},{\"relid\":44},{\"relid\":45}],\"bgColor\":null,\"bgImage\":null,\"cont\":[{\"type\":\"text\",\"cont\":\"<p style=\\\"text-align: center;\\\">Studies<\/p>\",\"align\":\"bottom\",\"row\":0,\"col\":0,\"colspan\":6,\"offsetx\":0,\"offsety\":0,\"spaceabove\":0,\"spacebelow\":0,\"yvel\":1,\"push\":0,\"relid\":5,\"absolute_position\":false,\"textAnimation\":{\"enableTextAnimation\":false},\"bgColor\":{\"enableBgColor\":true,\"bgColor\":\"#FFBC44\",\"bgOpacity\":100},\"frameOverflow\":\"\"},{\"type\":\"text\",\"cont\":\"<p style=\\\"text-align: center;\\\">Curation<\/p>\",\"align\":\"top\",\"row\":0,\"col\":6,\"colspan\":6,\"offsetx\":0,\"offsety\":0,\"spaceabove\":0,\"spacebelow\":0,\"yvel\":1,\"push\":0,\"relid\":6,\"absolute_position\":false,\"textAnimation\":{\"enableTextAnimation\":false},\"bgColor\":{\"enableBgColor\":true,\"bgColor\":\"#F19E8E\",\"bgOpacity\":100}},{\"type\":\"text\",\"cont\":\"<p style=\\\"text-align: center;\\\">Educational<\/p>\",\"align\":\"top\",\"row\":1,\"col\":0,\"colspan\":6,\"offsetx\":0,\"offsety\":0,\"spaceabove\":0,\"spacebelow\":0,\"yvel\":1,\"push\":0,\"relid\":12,\"absolute_position\":false,\"textAnimation\":{\"enableTextAnimation\":false},\"bgColor\":{\"enableBgColor\":true,\"bgColor\":\"#A33F3F\",\"bgOpacity\":100}},{\"type\":\"text\",\"cont\":\"<p style=\\\"text-align: center;\\\">Cultural<\/p>\",\"align\":\"top\",\"row\":1,\"col\":6,\"colspan\":6,\"offsetx\":0,\"offsety\":0,\"spaceabove\":0,\"spacebelow\":0,\"yvel\":1,\"push\":0,\"relid\":49,\"absolute_position\":false,\"textAnimation\":{\"enableTextAnimation\":false},\"bgColor\":{\"enableBgColor\":true,\"bgColor\":\"#82BDA1\",\"bgOpacity\":100}},{\"type\":\"text\",\"cont\":\"<p style=\\\"text-align: center;\\\">Communal<\/p>\",\"align\":\"top\",\"row\":2,\"col\":6,\"colspan\":6,\"offsetx\":0,\"offsety\":0,\"spaceabove\":0,\"spacebelow\":0,\"yvel\":1,\"push\":6,\"relid\":50,\"absolute_position\":false,\"textAnimation\":{\"enableTextAnimation\":false},\"bgColor\":{\"enableBgColor\":true,\"bgColor\":\"#5B8F95\",\"bgOpacity\":100},\"frameOverflow\":\"\"},{\"type\":\"text\",\"cont\":\"<p class=\\\"_Big\\\">Porto Santo School<\/p>\\n<p class=\\\"_Default\\\">with Porta33 and Diogo Amaro<\/p>\",\"align\":\"top\",\"row\":3,\"col\":0,\"colspan\":12,\"offsetx\":0,\"offsety\":0,\"spaceabove\":0,\"spacebelow\":0,\"yvel\":1,\"push\":0,\"relid\":2,\"absolute_position\":false},{\"type\":\"text\",\"cont\":\"<div data-collapsed=\\\"false\\\">\\n<div>\\n<div>\\n<div data-type=\\\"text\\\" data-yvel=\\\"1\\\">\\n<div>\\n<p class=\\\"_Small\\\" style=\\\"text-align: right;\\\"><span>November 2019 - June 2021<\/span><\/p>\\n<\/div>\\n<\/div>\\n<\/div>\\n<\/div>\\n<\/div>\",\"align\":\"bottom\",\"row\":4,\"col\":0,\"colspan\":12,\"offsetx\":0,\"offsety\":0,\"spaceabove\":0,\"spacebelow\":0,\"yvel\":1,\"push\":0,\"relid\":3,\"absolute_position\":false,\"textAnimation\":{\"enableTextAnimation\":false}},{\"type\":\"carousel\",\"cont\":\"\",\"align\":\"bottom\",\"row\":5,\"col\":0,\"colspan\":12,\"offsetx\":0,\"offsety\":0,\"spaceabove\":0,\"spacebelow\":0,\"yvel\":1,\"push\":0,\"relid\":32,\"carousel_options\":{\"random\":false,\"autoplay\":false,\"showMultipleSlides\":false,\"freeScroll\":false,\"mousewheelScroll\":false,\"size\":\"aspectRatioOfFirstElement\",\"slidesWidth\":\"null\",\"transition\":\"sliding\",\"loop\":\"1\",\"spaceBetween\":0,\"captionsUnderSlides\":false,\"autoplaySpeed\":3000,\"autoplayDelay\":0,\"transitionSpeed\":300},\"carousel\":[{\"type\":\"img\",\"attid\":159,\"cont\":\"\/wp-content\/uploads\/2025\/07\/dg1176009.jpg\",\"sizes\":{\"full\":\"\/wp-content\/uploads\/2025\/07\/dg1176009.jpg\",\"_1280\":\"\/wp-content\/uploads\/2025\/07\/dg1176009-1280x853.jpg\",\"_1024\":\"\/wp-content\/uploads\/2025\/07\/dg1176009-1024x683.jpg\",\"_768\":\"\/wp-content\/uploads\/2025\/07\/dg1176009-768x512.jpg\",\"_512\":\"\/wp-content\/uploads\/2025\/07\/dg1176009-512x341.jpg\",\"_265\":\"\/wp-content\/uploads\/2025\/07\/dg1176009-265x177.jpg\"},\"w\":1500,\"h\":1000,\"ar\":0.6666666666666666,\"alt\":\"\",\"caption\":\"\"},{\"type\":\"img\",\"attid\":158,\"cont\":\"\/wp-content\/uploads\/2025\/07\/dg1177290.jpg\",\"sizes\":{\"full\":\"\/wp-content\/uploads\/2025\/07\/dg1177290.jpg\",\"_1280\":\"\/wp-content\/uploads\/2025\/07\/dg1177290-1280x853.jpg\",\"_1024\":\"\/wp-content\/uploads\/2025\/07\/dg1177290-1024x683.jpg\",\"_768\":\"\/wp-content\/uploads\/2025\/07\/dg1177290-768x512.jpg\",\"_512\":\"\/wp-content\/uploads\/2025\/07\/dg1177290-512x341.jpg\",\"_265\":\"\/wp-content\/uploads\/2025\/07\/dg1177290-265x177.jpg\"},\"w\":1500,\"h\":1000,\"ar\":0.6666666666666666,\"alt\":\"\",\"caption\":\"<p class=\\\"_Small\\\"><span>\\u00a9 <\/span>Duarte Belo<\/p>\"},{\"type\":\"img\",\"attid\":153,\"cont\":\"\/wp-content\/uploads\/2025\/07\/251712395_4354658917980316_6063376651887387492_n.jpg\",\"sizes\":{\"full\":\"\/wp-content\/uploads\/2025\/07\/251712395_4354658917980316_6063376651887387492_n.jpg\",\"_1920\":\"\/wp-content\/uploads\/2025\/07\/251712395_4354658917980316_6063376651887387492_n-1920x1280.jpg\",\"_1280\":\"\/wp-content\/uploads\/2025\/07\/251712395_4354658917980316_6063376651887387492_n-1280x853.jpg\",\"_1024\":\"\/wp-content\/uploads\/2025\/07\/251712395_4354658917980316_6063376651887387492_n-1024x683.jpg\",\"_768\":\"\/wp-content\/uploads\/2025\/07\/251712395_4354658917980316_6063376651887387492_n-768x512.jpg\",\"_512\":\"\/wp-content\/uploads\/2025\/07\/251712395_4354658917980316_6063376651887387492_n-512x341.jpg\",\"_265\":\"\/wp-content\/uploads\/2025\/07\/251712395_4354658917980316_6063376651887387492_n-265x177.jpg\"},\"w\":2048,\"h\":1365,\"ar\":0.66650390625,\"alt\":\"\",\"caption\":\"<p class=\\\"_Small\\\"><span>\\u00a9 <\/span>Carolina Vieira \/ Porta 33<\/p>\"},{\"type\":\"img\",\"attid\":152,\"cont\":\"\/wp-content\/uploads\/2025\/07\/243161812_4241201022659440_5277120662651620250_n.jpg\",\"sizes\":{\"full\":\"\/wp-content\/uploads\/2025\/07\/243161812_4241201022659440_5277120662651620250_n.jpg\",\"_1920\":\"\/wp-content\/uploads\/2025\/07\/243161812_4241201022659440_5277120662651620250_n-1920x1280.jpg\",\"_1280\":\"\/wp-content\/uploads\/2025\/07\/243161812_4241201022659440_5277120662651620250_n-1280x853.jpg\",\"_1024\":\"\/wp-content\/uploads\/2025\/07\/243161812_4241201022659440_5277120662651620250_n-1024x683.jpg\",\"_768\":\"\/wp-content\/uploads\/2025\/07\/243161812_4241201022659440_5277120662651620250_n-768x512.jpg\",\"_512\":\"\/wp-content\/uploads\/2025\/07\/243161812_4241201022659440_5277120662651620250_n-512x341.jpg\",\"_265\":\"\/wp-content\/uploads\/2025\/07\/243161812_4241201022659440_5277120662651620250_n-265x177.jpg\"},\"w\":2048,\"h\":1365,\"ar\":0.66650390625,\"alt\":\"\",\"caption\":\"<p class=\\\"_Small\\\"><span>\\u00a9 <\/span>Carolina Vieira \/ Porta 33<\/p>\"},{\"type\":\"img\",\"attid\":157,\"cont\":\"\/wp-content\/uploads\/2025\/07\/ed_RCR-EPPS_sel-10.jpg\",\"sizes\":{\"full\":\"\/wp-content\/uploads\/2025\/07\/ed_RCR-EPPS_sel-10.jpg\",\"_1280\":\"\/wp-content\/uploads\/2025\/07\/ed_RCR-EPPS_sel-10-1280x960.jpg\",\"_1024\":\"\/wp-content\/uploads\/2025\/07\/ed_RCR-EPPS_sel-10-1024x768.jpg\",\"_768\":\"\/wp-content\/uploads\/2025\/07\/ed_RCR-EPPS_sel-10-768x576.jpg\",\"_512\":\"\/wp-content\/uploads\/2025\/07\/ed_RCR-EPPS_sel-10-512x384.jpg\",\"_265\":\"\/wp-content\/uploads\/2025\/07\/ed_RCR-EPPS_sel-10-265x199.jpg\"},\"w\":1500,\"h\":1125,\"ar\":0.75,\"alt\":\"\",\"caption\":\"<p class=\\\"_Small\\\"><span>\\u00a9 <\/span>Madalena Vidigal<\/p>\"},{\"type\":\"img\",\"attid\":160,\"cont\":\"\/wp-content\/uploads\/2025\/07\/ed_RCR-EPPS_sel-5.jpg\",\"sizes\":{\"full\":\"\/wp-content\/uploads\/2025\/07\/ed_RCR-EPPS_sel-5.jpg\",\"_768\":\"\/wp-content\/uploads\/2025\/07\/ed_RCR-EPPS_sel-5-768x1024.jpg\",\"_512\":\"\/wp-content\/uploads\/2025\/07\/ed_RCR-EPPS_sel-5-512x682.jpg\",\"_265\":\"\/wp-content\/uploads\/2025\/07\/ed_RCR-EPPS_sel-5-265x353.jpg\"},\"w\":1000,\"h\":1333,\"ar\":1.333,\"alt\":\"\",\"caption\":\"<p class=\\\"_Small\\\"><span>\\u00a9 <\/span>Madalena Vidigal<\/p>\"}],\"absolute_position\":false,\"textAnimation\":{\"enableTextAnimation\":false},\"caption\":\"<p class=\\\"_Small\\\"><span>\\u00a9 <\/span>Duarte Belo<\/p>\"},{\"type\":\"text\",\"cont\":\"<div data-collapsed=\\\"false\\\">\\n<div data-type=\\\"text\\\" data-yvel=\\\"1\\\">\\n<p class=\\\"_Default\\\">For several decades and until 2018, the Old Primary School of Porto Santo, was the only school in this small Island and today makes an integral part of the memory and identity of all generations of inhabitants. It is exemplar in the relationship between the architectural and teaching space, as a place where the encounter with learning is activated. Following the abandonment of the school community from the building, Porto Santo Municipality established a protocol with <a rel=\\\"noopener\\\" href=\\\"https:\/\/www.porta33.com\/index.html\\\" target=\\\"_blank\\\">Porta33<\/a> Cultural Association, with the aim of transforming the Old School space into a place of residences and artistic activities, in proximity to the local community.<\/p>\\n<p class=\\\"_Default\\\">The School was designed in the late 1950s by the architect Ra\\u00fal Chor\\u00e3o Ramalho, and is a remarkable example of modernity and typological innovation in Portuguese architecture.<\/p>\\n<\/div>\\n<\/div>\",\"align\":\"bottom\",\"row\":6,\"col\":0,\"colspan\":12,\"offsetx\":0,\"offsety\":0,\"spaceabove\":0,\"spacebelow\":0,\"yvel\":1,\"push\":0,\"relid\":10,\"absolute_position\":false,\"textAnimation\":{\"enableTextAnimation\":false}},{\"type\":\"img\",\"cont\":\"\/wp-content\/uploads\/2025\/07\/01_EPPS-01.jpg\",\"align\":\"top\",\"row\":7,\"col\":0,\"colspan\":12,\"offsetx\":0,\"offsety\":0,\"spaceabove\":0,\"spacebelow\":0,\"yvel\":1,\"push\":0,\"relid\":27,\"attid\":165,\"sizes\":{\"full\":\"\/wp-content\/uploads\/2025\/07\/01_EPPS-01.jpg\",\"_1280\":\"\/wp-content\/uploads\/2025\/07\/01_EPPS-01-1280x422.jpg\",\"_1024\":\"\/wp-content\/uploads\/2025\/07\/01_EPPS-01-1024x337.jpg\",\"_768\":\"\/wp-content\/uploads\/2025\/07\/01_EPPS-01-768x253.jpg\",\"_512\":\"\/wp-content\/uploads\/2025\/07\/01_EPPS-01-512x169.jpg\",\"_265\":\"\/wp-content\/uploads\/2025\/07\/01_EPPS-01-265x87.jpg\"},\"w\":1500,\"h\":494,\"ar\":0.3293333333333333,\"alt\":\"\",\"absolute_position\":false,\"textAnimation\":{\"enableTextAnimation\":false},\"lightbox_caption\":\"<p class=\\\"_Small\\\">Perspective \\u00a9 Ra\\u00fal Chor\\u00e3o Ramalho Architect<br \/>Courtesy: Madeira Archives and Library<\/p>\"},{\"type\":\"img\",\"cont\":\"\/wp-content\/uploads\/2025\/07\/02_EPPS-04.jpg\",\"align\":\"top\",\"row\":8,\"col\":0,\"colspan\":12,\"offsetx\":0,\"offsety\":0,\"spaceabove\":0,\"spacebelow\":0,\"yvel\":1,\"push\":0,\"relid\":28,\"attid\":166,\"sizes\":{\"full\":\"\/wp-content\/uploads\/2025\/07\/02_EPPS-04.jpg\",\"_1280\":\"\/wp-content\/uploads\/2025\/07\/02_EPPS-04-1280x526.jpg\",\"_1024\":\"\/wp-content\/uploads\/2025\/07\/02_EPPS-04-1024x421.jpg\",\"_768\":\"\/wp-content\/uploads\/2025\/07\/02_EPPS-04-768x315.jpg\",\"_512\":\"\/wp-content\/uploads\/2025\/07\/02_EPPS-04-512x210.jpg\",\"_265\":\"\/wp-content\/uploads\/2025\/07\/02_EPPS-04-265x109.jpg\"},\"w\":1500,\"h\":616,\"ar\":0.4106666666666667,\"alt\":\"\",\"absolute_position\":false,\"textAnimation\":{\"enableTextAnimation\":false},\"lightbox_caption\":\"<p class=\\\"_Small\\\">Ground floor plan \\u00a9 Ra\\u00fal Chor\\u00e3o Ramalho Architect<br \/>Courtesy: Madeira Archive and Library<\/p>\",\"frameOverflow\":\"\"},{\"type\":\"text\",\"cont\":\"<p>My integration in the team was defined in two work fronts:<\/p>\\n<p><span>\\u2014<\/span> on one hand the conducting the landscape, territory and architectural survey, the architectural heritage protection procedure of the school building through the <a rel=\\\"noopener\\\" href=\\\"https:\/\/cultura.madeira.gov.pt\/not%C3%ADcias1\/636-classifica%C3%A7%C3%A3o-da-escola-prim%C3%A1ria-do-porto-santo.html\\\" target=\\\"_blank\\\">Classification of Built Heritage,<\/a> and the building intervention to be performed;<\/p>\\n<p><span>\\u2014 <\/span>on the other hand a close collaboration with Porta33 in the structuring of the artistic and social programming of the project, development of local partnerships and submission of the application to the European Fund EEAGrants, Connecting Dots \\u2013 Artistic Mobility and Audience Development, submitted in October 2020.<\/p>\\n<p>\\u00a0<\/p>\\n<p>From January 2021, a new bond was established, including the collaboration of <a rel=\\\"noopener\\\" href=\\\"https:\/\/diogoamaro.com\/\\\" target=\\\"_blank\\\">Diogo Amaro<\/a> in the Porto Santo School operation, for co-monitoring the adaptation and maintenance of the construction works carried out in the building, which had the support of the Regional Government of Madeira, as well as for the coconception of the inaugural exhibition<\/p>\",\"align\":\"middle\",\"row\":9,\"col\":0,\"colspan\":12,\"offsetx\":0,\"offsety\":0,\"spaceabove\":0,\"spacebelow\":0,\"yvel\":1,\"push\":0,\"relid\":52,\"absolute_position\":false,\"textAnimation\":{\"enableTextAnimation\":false},\"frameOverflow\":\"\"},{\"type\":\"img\",\"cont\":\"\/wp-content\/uploads\/2025\/07\/desenhos-gerais_220903-PS.EX_.A.png\",\"align\":\"middle\",\"row\":10,\"col\":0,\"colspan\":12,\"offsetx\":0,\"offsety\":0,\"spaceabove\":0,\"spacebelow\":0,\"yvel\":1,\"push\":0,\"relid\":42,\"attid\":243,\"sizes\":{\"full\":\"\/wp-content\/uploads\/2025\/07\/desenhos-gerais_220903-PS.EX_.A.png\",\"_1280\":\"\/wp-content\/uploads\/2025\/07\/desenhos-gerais_220903-PS.EX_.A-1280x899.png\",\"_1024\":\"\/wp-content\/uploads\/2025\/07\/desenhos-gerais_220903-PS.EX_.A-1024x720.png\",\"_768\":\"\/wp-content\/uploads\/2025\/07\/desenhos-gerais_220903-PS.EX_.A-768x540.png\",\"_512\":\"\/wp-content\/uploads\/2025\/07\/desenhos-gerais_220903-PS.EX_.A-512x360.png\",\"_265\":\"\/wp-content\/uploads\/2025\/07\/desenhos-gerais_220903-PS.EX_.A-265x186.png\"},\"w\":1500,\"h\":1054,\"ar\":0.7026666666666667,\"alt\":\"\",\"absolute_position\":false,\"textAnimation\":{\"enableTextAnimation\":false},\"lightbox_caption\":\"<p class=\\\"_Small\\\">Conservation works \\u00a9 Madalena Vidigal<br \/><br \/><\/p>\\n<p>\\u00a0<\/p>\",\"frameOverflow\":\"\"},{\"type\":\"img\",\"cont\":\"\/wp-content\/uploads\/2025\/07\/IMG_3443-rotated.jpg\",\"align\":\"top\",\"row\":11,\"col\":6,\"colspan\":6,\"offsetx\":0,\"offsety\":0,\"spaceabove\":0,\"spacebelow\":0,\"yvel\":1,\"push\":6,\"relid\":22,\"attid\":163,\"sizes\":{\"full\":\"\/wp-content\/uploads\/2025\/07\/IMG_3443-rotated.jpg\",\"_2560\":\"\/wp-content\/uploads\/2025\/07\/IMG_3443-2560x3413.jpg\",\"_1920\":\"\/wp-content\/uploads\/2025\/07\/IMG_3443-1920x2560.jpg\",\"_1280\":\"\/wp-content\/uploads\/2025\/07\/IMG_3443-1280x1707.jpg\",\"_1024\":\"\/wp-content\/uploads\/2025\/07\/IMG_3443-1024x1365.jpg\",\"_768\":\"\/wp-content\/uploads\/2025\/07\/IMG_3443-768x1024.jpg\",\"_512\":\"\/wp-content\/uploads\/2025\/07\/IMG_3443-512x683.jpg\",\"_265\":\"\/wp-content\/uploads\/2025\/07\/IMG_3443-265x353.jpg\"},\"w\":3024,\"h\":4032,\"ar\":1.3333333333333333,\"alt\":\"\",\"absolute_position\":false,\"textAnimation\":{\"enableTextAnimation\":false},\"lightbox_caption\":\"<p class=\\\"_Small\\\">Conservation works \\u00a9 Madalena Vidigal<\/p>\",\"frameOverflow\":\"\"},{\"type\":\"img\",\"cont\":\"\/wp-content\/uploads\/2025\/07\/IMG_3110.jpg\",\"align\":\"top\",\"row\":12,\"col\":0,\"colspan\":6,\"offsetx\":0,\"offsety\":0,\"spaceabove\":0,\"spacebelow\":0,\"yvel\":1,\"push\":0,\"relid\":24,\"attid\":162,\"sizes\":{\"full\":\"\/wp-content\/uploads\/2025\/07\/IMG_3110.jpg\",\"_3840\":\"\/wp-content\/uploads\/2025\/07\/IMG_3110-3840x2880.jpg\",\"_3200\":\"\/wp-content\/uploads\/2025\/07\/IMG_3110-3200x2400.jpg\",\"_2560\":\"\/wp-content\/uploads\/2025\/07\/IMG_3110-2560x1920.jpg\",\"_1920\":\"\/wp-content\/uploads\/2025\/07\/IMG_3110-1920x1440.jpg\",\"_1280\":\"\/wp-content\/uploads\/2025\/07\/IMG_3110-1280x960.jpg\",\"_1024\":\"\/wp-content\/uploads\/2025\/07\/IMG_3110-1024x768.jpg\",\"_768\":\"\/wp-content\/uploads\/2025\/07\/IMG_3110-768x576.jpg\",\"_512\":\"\/wp-content\/uploads\/2025\/07\/IMG_3110-512x384.jpg\",\"_265\":\"\/wp-content\/uploads\/2025\/07\/IMG_3110-265x199.jpg\"},\"w\":4032,\"h\":3024,\"ar\":0.75,\"alt\":\"\",\"absolute_position\":false,\"textAnimation\":{\"enableTextAnimation\":false},\"lightbox_caption\":\"<p class=\\\"_Small\\\">Identifying original fa\\u00e7ade colour during conservation work \\u00a9 Madalena Vidigal<\/p>\"},{\"type\":\"img\",\"cont\":\"\/wp-content\/uploads\/2025\/07\/IMG_1764.jpg\",\"align\":\"top\",\"row\":13,\"col\":6,\"colspan\":4,\"offsetx\":0,\"offsety\":0,\"spaceabove\":0,\"spacebelow\":0,\"yvel\":1,\"push\":6,\"relid\":25,\"attid\":161,\"sizes\":{\"full\":\"\/wp-content\/uploads\/2025\/07\/IMG_1764.jpg\",\"_2560\":\"\/wp-content\/uploads\/2025\/07\/IMG_1764-2560x3413.jpg\",\"_1920\":\"\/wp-content\/uploads\/2025\/07\/IMG_1764-1920x2560.jpg\",\"_1280\":\"\/wp-content\/uploads\/2025\/07\/IMG_1764-1280x1707.jpg\",\"_1024\":\"\/wp-content\/uploads\/2025\/07\/IMG_1764-1024x1365.jpg\",\"_768\":\"\/wp-content\/uploads\/2025\/07\/IMG_1764-768x1024.jpg\",\"_512\":\"\/wp-content\/uploads\/2025\/07\/IMG_1764-512x683.jpg\",\"_265\":\"\/wp-content\/uploads\/2025\/07\/IMG_1764-265x353.jpg\"},\"w\":3024,\"h\":4032,\"ar\":1.3333333333333333,\"alt\":\"\",\"absolute_position\":false,\"textAnimation\":{\"enableTextAnimation\":false},\"lightbox_caption\":\"<p class=\\\"_Small\\\">Identifying original fa\\u00e7ade colour during conservation work \\u00a9 Madalena Vidigal<\/p>\"},{\"type\":\"text\",\"cont\":\"<p>The architetural intervention was based on the research carried out, with the aim was to restore the original design wherever possible, namely by identifying and restoring the original colours and removing additions, in an attempt to restore the building\\u2019s original clarity.<\/p>\\n<p>The limited budget required a rigorous prioritisation exercise, assuming an intervention that was sometimes anonymous and invisible, but conscious and necessary. All the work was carried out with a view to enabling and facilitating the full restoration of the original project.<\/p>\\n<p>\\u00a0<\/p>\\n<p>The inaugural exhibition <a rel=\\\"noopener\\\" href=\\\"https:\/\/www.porta33.com\/porta33_porto_santo\/exposicoes\/content_exposicoes\/construcao-de-um-espaco-comum\/exposicao-escola-da-vila-construcao-de-um-espaco.html\\\" target=\\\"_blank\\\">Escola da Vila \\u2013 Constru\\u00e7\\u00e3o de um lugar comum<\/a> [Construction of a common place], had Ra\\u00fal Chor\\u00e3o Ramalho\\u2019s project as the subject of analysis and reflection, exhibiting his original drawings and writings, as it is believed that this laboratory building or case study should continue to be a source of inspiration and research for new forms of architectural and artistic production.<\/p>\",\"align\":\"middle\",\"row\":14,\"col\":0,\"colspan\":12,\"offsetx\":0,\"offsety\":0,\"spaceabove\":0,\"spacebelow\":0,\"yvel\":1,\"push\":0,\"relid\":54,\"absolute_position\":false,\"textAnimation\":{\"enableTextAnimation\":false},\"frameOverflow\":\"\"},{\"type\":\"img\",\"cont\":\"\/wp-content\/uploads\/2025\/07\/dg1194926.jpg\",\"align\":\"top\",\"row\":15,\"col\":0,\"colspan\":6,\"offsetx\":0,\"offsety\":0,\"spaceabove\":0,\"spacebelow\":0,\"yvel\":1,\"push\":0,\"relid\":56,\"attid\":169,\"sizes\":{\"full\":\"\/wp-content\/uploads\/2025\/07\/dg1194926.jpg\",\"_768\":\"\/wp-content\/uploads\/2025\/07\/dg1194926-768x576.jpg\",\"_512\":\"\/wp-content\/uploads\/2025\/07\/dg1194926-512x384.jpg\",\"_265\":\"\/wp-content\/uploads\/2025\/07\/dg1194926-265x199.jpg\"},\"w\":854,\"h\":640,\"ar\":0.7494145199063232,\"alt\":\"\",\"absolute_position\":false,\"textAnimation\":{\"enableTextAnimation\":false},\"lightbox_caption\":\"<p class=\\\"_Small\\\">Exhibition Escola da Vila: construction of a common place \\u00a9 Duarte Belo<\/p>\",\"frameOverflow\":\"\"},{\"type\":\"img\",\"cont\":\"\/wp-content\/uploads\/2025\/07\/dg1195016.jpg\",\"align\":\"top\",\"row\":15,\"col\":6,\"colspan\":6,\"offsetx\":0,\"offsety\":0,\"spaceabove\":0,\"spacebelow\":0,\"yvel\":1,\"push\":0,\"relid\":57,\"attid\":170,\"sizes\":{\"full\":\"\/wp-content\/uploads\/2025\/07\/dg1195016.jpg\",\"_768\":\"\/wp-content\/uploads\/2025\/07\/dg1195016-768x576.jpg\",\"_512\":\"\/wp-content\/uploads\/2025\/07\/dg1195016-512x384.jpg\",\"_265\":\"\/wp-content\/uploads\/2025\/07\/dg1195016-265x199.jpg\"},\"w\":854,\"h\":640,\"ar\":0.7494145199063232,\"alt\":\"\",\"absolute_position\":false,\"lightbox_caption\":\"<p class=\\\"_Small\\\">Exhibition Escola da Vila: construction of a common place \\u00a9 Duarte Belo<\/p>\",\"textAnimation\":{\"enableTextAnimation\":false},\"frameOverflow\":\"\"},{\"type\":\"img\",\"cont\":\"\/wp-content\/uploads\/2025\/07\/XKXN6216.jpg\",\"align\":\"top\",\"row\":16,\"col\":0,\"colspan\":6,\"offsetx\":0,\"offsety\":0,\"spaceabove\":0,\"spacebelow\":0,\"yvel\":1,\"push\":0,\"relid\":19,\"attid\":164,\"sizes\":{\"full\":\"\/wp-content\/uploads\/2025\/07\/XKXN6216.jpg\",\"_768\":\"\/wp-content\/uploads\/2025\/07\/XKXN6216-768x512.jpg\",\"_512\":\"\/wp-content\/uploads\/2025\/07\/XKXN6216-512x341.jpg\",\"_265\":\"\/wp-content\/uploads\/2025\/07\/XKXN6216-265x177.jpg\"},\"w\":960,\"h\":640,\"ar\":0.6666666666666666,\"alt\":\"\",\"absolute_position\":false,\"textAnimation\":{\"enableTextAnimation\":false},\"lightbox_caption\":\"<p class=\\\"_Small\\\">Exhibition Escola da Vila: construction of a common place \\u00a9 Carolina Vieira \/ Porta33<\/p>\",\"frameOverflow\":\"\"},{\"type\":\"img\",\"cont\":\"\/wp-content\/uploads\/2025\/07\/dg1195022-1.jpg\",\"align\":\"top\",\"row\":17,\"col\":6,\"colspan\":6,\"offsetx\":0,\"offsety\":0,\"spaceabove\":0,\"spacebelow\":0,\"yvel\":1,\"push\":6,\"relid\":8,\"attid\":168,\"sizes\":{\"full\":\"\/wp-content\/uploads\/2025\/07\/dg1195022-1.jpg\",\"_768\":\"\/wp-content\/uploads\/2025\/07\/dg1195022-1-768x576.jpg\",\"_512\":\"\/wp-content\/uploads\/2025\/07\/dg1195022-1-512x384.jpg\",\"_265\":\"\/wp-content\/uploads\/2025\/07\/dg1195022-1-265x199.jpg\"},\"w\":854,\"h\":640,\"ar\":0.7494145199063232,\"alt\":\"\",\"absolute_position\":false,\"textAnimation\":{\"enableTextAnimation\":false},\"lightbox_caption\":\"<p class=\\\"_Small\\\">Exhibition Escola da Vila: construction of a common place \\u00a9 Duarte Belo<\/p>\",\"frameOverflow\":\"\"},{\"type\":\"text\",\"cont\":\"<p class=\\\"_Small\\\">Construction<\/p>\\n<p class=\\\"_Small\\\">Client: C\\u00e2mara Municipal do Porto Santo e Porta33<br \/>Architecture: Madalena Vidigal (responsible) e Diogo Amaro<br \/>Site coordination: Eng. Ant\\u00f3nio Salvador<br \/>Carpentry: Hil\\u00e1rio Dias<br \/>Eectricity: Nuno Robinson<br \/>Paintwork: liderada por Paulo Garrafa<br \/>Contractor: Constru\\u00e7\\u00f5es Melim &amp; Melim<br \/>Logistics: Jorge Baptista<br \/>Support: Regi\\u00e3o Aut\\u00f3noma da Madeira Governo Regional | Vice-Presid\\u00eancia no Porto Santo; Munic\\u00edpio do Porto Santo; Alfilux; e Tintas CIN<br \/><br \/><\/p>\\n<p class=\\\"_Small\\\">Exhibition<\/p>\\n<p class=\\\"_Small\\\">Organization, production and coordination: Porta33<br \/>Curation: Madalena Vidigal e Diogo Amaro<br \/>Graphic Design: Dayana Lucas<br \/>Inventory: Madalena Vidigal<br \/>Texts: Madalena Vidigal, with a special contribution from Victor Mestre and Pedro Ravara, and based on the testimonies of Porto Santo's community<br \/>Support: R\\u00e9publica Portuguesa, Cultura; DGArtes; Dire\\u00e7\\u00e3o-Geral do Patrim\\u00f3nio Cultural; SIPA - Forte de Sacav\\u00e9m; Secretaria Regional de Turismo e Cultura; Secretaria Regional de Educa\\u00e7\\u00e3o, Ci\\u00eancia e Tecnologia; Vice-Presid\\u00eancia do Porto Santo; C\\u00e2mara Municipal do Funchal; C\\u00e2mara Municipal do Porto Santo; Sociedade de Desenvolvimento do Porto Santo, SA; Centro Cultural e de Congressos do Porto Santo; Tintas CIN; Mil Folhas Art &amp; Design; Plano Nacional das Artes.<br \/>Production support: Regi\\u00e3o Aut\\u00f3noma da Madeira Governo Regional | Vice-Presid\\u00eancia no Porto Santo; Munic\\u00edpio do Porto Santo; Tintas CIN; Alfilux; Constru\\u00e7\\u00f5es Melim &amp; Melim<br \/>Acknowledgements from the curators: Ana Goes Ferreira<br \/><br \/><\/p>\\n<p class=\\\"_Small\\\">Imprensa<\/p>\\n<p class=\\\"_Small\\\"><span><a rel=\\\"noopener\\\" href=\\\"https:\/\/umbigomagazine.com\/pt\/blog\/2023\/05\/23\/uma-visita-a-escola-do-porto-santo-uma-obra-de-raul-chorao-ramalho\/\\\" target=\\\"_blank\\\">Umbigo \\u2014 <em>Uma visita \\u00e0 \\u201cEscola do Porto Santo: uma obra de Ra\\u00fal Chor\\u00e3o Ramalho\\u201d<\/em><\/a><br \/><a rel=\\\"noopener\\\" href=\\\"https:\/\/umbigomagazine.com\/pt\/blog\/2021\/07\/22\/escola-da-vila-construcao-de-um-espaco-comum\/\\\" target=\\\"_blank\\\">Umbigo \\u2014 <em>Escola da Vila \\u2013 Constru\\u00e7\\u00e3o de um espa\\u00e7o comum<\/em><\/a><br \/><a rel=\\\"noopener\\\" href=\\\"https:\/\/www.publico.pt\/2021\/06\/26\/culturaipsilon\/noticia\/ilha-porto-santo-antiga-escola-laboratorio-artes-pensamento-1968091\\\" target=\\\"_blank\\\">P\\u00fablico \\u2014 <em>Na ilha de Porto Santo, uma antiga escola \\u00e9 agora um laborat\\u00f3rio de artes e pensamento<\/em><\/a><\/span><\/p>\",\"align\":\"bottom\",\"row\":18,\"col\":0,\"colspan\":12,\"offsetx\":0,\"offsety\":0,\"spaceabove\":0,\"spacebelow\":0,\"yvel\":1,\"push\":0,\"relid\":15,\"absolute_position\":false,\"textAnimation\":{\"enableTextAnimation\":false}},{\"type\":\"text\",\"cont\":\"<p class=\\\"_Small\\\" style=\\\"text-align: left;\\\"><a class=\\\"layprevproject\\\" href=\\\"#layprevproject\\\">Previous project<\/a><\/p>\",\"align\":\"bottom\",\"row\":19,\"col\":0,\"colspan\":6,\"offsetx\":0,\"offsety\":0,\"spaceabove\":0,\"spacebelow\":0,\"yvel\":1,\"push\":0,\"relid\":18,\"absolute_position\":false,\"textAnimation\":{\"enableTextAnimation\":false},\"frameOverflow\":\"\"},{\"type\":\"text\",\"cont\":\"<p class=\\\"_Small\\\" style=\\\"text-align: right;\\\"><a class=\\\"laynextproject\\\" href=\\\"#laynextproject\\\">Next project<\/a><\/p>\",\"align\":\"top\",\"row\":19,\"col\":6,\"colspan\":6,\"offsetx\":0,\"offsety\":0,\"spaceabove\":0,\"spacebelow\":0,\"yvel\":1,\"push\":0,\"relid\":17,\"absolute_position\":false,\"textAnimation\":{\"enableTextAnimation\":false}}]}","_links":{"self":[{"href":"http:\/\/madalenavidigal.pt\/en\/wp-json\/wp\/v2\/posts\/150","targetHints":{"allow":["GET"]}}],"collection":[{"href":"http:\/\/madalenavidigal.pt\/en\/wp-json\/wp\/v2\/posts"}],"about":[{"href":"http:\/\/madalenavidigal.pt\/en\/wp-json\/wp\/v2\/types\/post"}],"author":[{"embeddable":true,"href":"http:\/\/madalenavidigal.pt\/en\/wp-json\/wp\/v2\/users\/1"}],"replies":[{"embeddable":true,"href":"http:\/\/madalenavidigal.pt\/en\/wp-json\/wp\/v2\/comments?post=150"}],"version-history":[{"count":0,"href":"http:\/\/madalenavidigal.pt\/en\/wp-json\/wp\/v2\/posts\/150\/revisions"}],"wp:featuredmedia":[{"embeddable":true,"href":"http:\/\/madalenavidigal.pt\/en\/wp-json\/wp\/v2\/media\/159"}],"wp:attachment":[{"href":"http:\/\/madalenavidigal.pt\/en\/wp-json\/wp\/v2\/media?parent=150"}],"wp:term":[{"taxonomy":"category","embeddable":true,"href":"http:\/\/madalenavidigal.pt\/en\/wp-json\/wp\/v2\/categories?post=150"},{"taxonomy":"post_tag","embeddable":true,"href":"http:\/\/madalenavidigal.pt\/en\/wp-json\/wp\/v2\/tags?post=150"}],"curies":[{"name":"wp","href":"https:\/\/api.w.org\/{rel}","templated":true}]}}