{"id":171,"date":"2025-07-15T00:13:27","date_gmt":"2025-07-14T23:13:27","guid":{"rendered":"http:\/\/madalenavidigal.pt\/atlas-suzanne-daveu-copy\/"},"modified":"2025-09-06T12:39:57","modified_gmt":"2025-09-06T11:39:57","slug":"porto-santo-school-garagem-sul","status":"publish","type":"post","link":"http:\/\/madalenavidigal.pt\/en\/porto-santo-school-garagem-sul\/","title":{"rendered":"Porto Santo School: a work by Ra\u00fal Chor\u00e3o Ramalho"},"content":{"rendered":"\n<p>Welcome to WordPress. This is your first post. Edit or delete it, then start writing!<\/p>\n","protected":false},"excerpt":{"rendered":"<p>Welcome to WordPress. This is your first post. Edit or delete it, then start writing!<\/p>\n","protected":false},"author":1,"featured_media":177,"comment_status":"closed","ping_status":"closed","sticky":false,"template":"","format":"standard","meta":[],"categories":[1],"tags":[7,6],"class_list":["post-171","post","type-post","status-publish","has-post-thumbnail","hentry","category-work","tag-curation","tag-publication"],"yoast_head":"<!-- This site is optimized with the Yoast SEO plugin v27.5 - https:\/\/yoast.com\/product\/yoast-seo-wordpress\/ -->\n<title>Porto Santo School: a work by Ra\u00fal Chor\u00e3o Ramalho &#8212; Madalena Vidigal<\/title>\n<meta name=\"description\" content=\"From March to September 2023, the preservation and valorization operation of the Porto Santo School, which took place between 2019 and 2021, was presented at Garagem Sul | CCB - Centro Cultural de Bel\u00e9m, in Lisbon, under the motto Porto Santo School: a work by Ra\u00fal Chor\u00e3o Ramalho. The culmination of an immersive collaboration on the island of Porto Santo. The exhibition presented the environment, the material, the habitat and the architecture of this unique work.\" \/>\n<meta name=\"robots\" content=\"index, follow, max-snippet:-1, max-image-preview:large, max-video-preview:-1\" \/>\n<link rel=\"canonical\" href=\"http:\/\/madalenavidigal.pt\/en\/porto-santo-school-garagem-sul\/\" \/>\n<meta property=\"og:locale\" content=\"en_US\" \/>\n<meta property=\"og:type\" content=\"article\" \/>\n<meta property=\"og:title\" content=\"Porto Santo School: a work by Ra\u00fal Chor\u00e3o Ramalho &#8212; Madalena Vidigal\" \/>\n<meta property=\"og:description\" content=\"From March to September 2023, the preservation and valorization operation of the Porto Santo School, which took place between 2019 and 2021, was presented at Garagem Sul | CCB - Centro Cultural de Bel\u00e9m, in Lisbon, under the motto Porto Santo School: a work by Ra\u00fal Chor\u00e3o Ramalho. The culmination of an immersive collaboration on the island of Porto Santo. The exhibition presented the environment, the material, the habitat and the architecture of this unique work.\" \/>\n<meta property=\"og:url\" content=\"http:\/\/madalenavidigal.pt\/en\/porto-santo-school-garagem-sul\/\" \/>\n<meta property=\"og:site_name\" content=\"Madalena Vidigal\" \/>\n<meta property=\"article:publisher\" content=\"https:\/\/www.facebook.com\/madalena.v.vieira\/\" \/>\n<meta property=\"article:author\" content=\"https:\/\/www.facebook.com\/madalena.v.vieira\/\" \/>\n<meta property=\"article:published_time\" content=\"2025-07-14T23:13:27+00:00\" \/>\n<meta property=\"article:modified_time\" content=\"2025-09-06T11:39:57+00:00\" \/>\n<meta property=\"og:image\" content=\"http:\/\/madalenavidigal.pt\/wp-content\/uploads\/2025\/07\/MG_7894_X-Photo-Tiago-Casanova_final.jpg\" \/>\n\t<meta property=\"og:image:width\" content=\"1300\" \/>\n\t<meta property=\"og:image:height\" content=\"1040\" \/>\n\t<meta property=\"og:image:type\" content=\"image\/jpeg\" \/>\n<meta name=\"author\" content=\"admin8128\" \/>\n<meta name=\"twitter:card\" content=\"summary_large_image\" \/>\n<meta name=\"twitter:label1\" content=\"Written by\" \/>\n\t<meta name=\"twitter:data1\" content=\"admin8128\" \/>\n\t<meta name=\"twitter:label2\" content=\"Est. reading time\" \/>\n\t<meta name=\"twitter:data2\" content=\"6 minutes\" \/>\n<script type=\"application\/ld+json\" class=\"yoast-schema-graph\">{\"@context\":\"https:\\\/\\\/schema.org\",\"@graph\":[{\"@type\":\"Article\",\"@id\":\"http:\\\/\\\/madalenavidigal.pt\\\/en\\\/porto-santo-school-garagem-sul\\\/#article\",\"isPartOf\":{\"@id\":\"http:\\\/\\\/madalenavidigal.pt\\\/en\\\/porto-santo-school-garagem-sul\\\/\"},\"author\":{\"name\":\"admin8128\",\"@id\":\"http:\\\/\\\/madalenavidigal.pt\\\/en\\\/#\\\/schema\\\/person\\\/9a2f0ddf8d19d3e08eefd815a1444fdb\"},\"headline\":\"Porto Santo School: a work by Ra\u00fal Chor\u00e3o Ramalho\",\"datePublished\":\"2025-07-14T23:13:27+00:00\",\"dateModified\":\"2025-09-06T11:39:57+00:00\",\"mainEntityOfPage\":{\"@id\":\"http:\\\/\\\/madalenavidigal.pt\\\/en\\\/porto-santo-school-garagem-sul\\\/\"},\"wordCount\":40,\"publisher\":{\"@id\":\"http:\\\/\\\/madalenavidigal.pt\\\/en\\\/#\\\/schema\\\/person\\\/9a2f0ddf8d19d3e08eefd815a1444fdb\"},\"image\":{\"@id\":\"http:\\\/\\\/madalenavidigal.pt\\\/en\\\/porto-santo-school-garagem-sul\\\/#primaryimage\"},\"thumbnailUrl\":\"http:\\\/\\\/madalenavidigal.pt\\\/wp-content\\\/uploads\\\/2025\\\/07\\\/MG_7894_X-Photo-Tiago-Casanova_final.jpg\",\"keywords\":[\"Curation\",\"Publication\"],\"articleSection\":[\"Work\"],\"inLanguage\":\"en-US\"},{\"@type\":\"WebPage\",\"@id\":\"http:\\\/\\\/madalenavidigal.pt\\\/en\\\/porto-santo-school-garagem-sul\\\/\",\"url\":\"http:\\\/\\\/madalenavidigal.pt\\\/en\\\/porto-santo-school-garagem-sul\\\/\",\"name\":\"Porto Santo School: a work by Ra\u00fal Chor\u00e3o Ramalho &#8212; Madalena Vidigal\",\"isPartOf\":{\"@id\":\"http:\\\/\\\/madalenavidigal.pt\\\/en\\\/#website\"},\"primaryImageOfPage\":{\"@id\":\"http:\\\/\\\/madalenavidigal.pt\\\/en\\\/porto-santo-school-garagem-sul\\\/#primaryimage\"},\"image\":{\"@id\":\"http:\\\/\\\/madalenavidigal.pt\\\/en\\\/porto-santo-school-garagem-sul\\\/#primaryimage\"},\"thumbnailUrl\":\"http:\\\/\\\/madalenavidigal.pt\\\/wp-content\\\/uploads\\\/2025\\\/07\\\/MG_7894_X-Photo-Tiago-Casanova_final.jpg\",\"datePublished\":\"2025-07-14T23:13:27+00:00\",\"dateModified\":\"2025-09-06T11:39:57+00:00\",\"description\":\"From March to September 2023, the preservation and valorization operation of the Porto Santo School, which took place between 2019 and 2021, was presented at Garagem Sul | CCB - Centro Cultural de Bel\u00e9m, in Lisbon, under the motto Porto Santo School: a work by Ra\u00fal Chor\u00e3o Ramalho. The culmination of an immersive collaboration on the island of Porto Santo. The exhibition presented the environment, the material, the habitat and the architecture of this unique work.\",\"breadcrumb\":{\"@id\":\"http:\\\/\\\/madalenavidigal.pt\\\/en\\\/porto-santo-school-garagem-sul\\\/#breadcrumb\"},\"inLanguage\":\"en-US\",\"potentialAction\":[{\"@type\":\"ReadAction\",\"target\":[[\"http:\\\/\\\/madalenavidigal.pt\\\/en\\\/porto-santo-school-garagem-sul\\\/\"]]}]},{\"@type\":\"ImageObject\",\"inLanguage\":\"en-US\",\"@id\":\"http:\\\/\\\/madalenavidigal.pt\\\/en\\\/porto-santo-school-garagem-sul\\\/#primaryimage\",\"url\":\"http:\\\/\\\/madalenavidigal.pt\\\/wp-content\\\/uploads\\\/2025\\\/07\\\/MG_7894_X-Photo-Tiago-Casanova_final.jpg\",\"contentUrl\":\"http:\\\/\\\/madalenavidigal.pt\\\/wp-content\\\/uploads\\\/2025\\\/07\\\/MG_7894_X-Photo-Tiago-Casanova_final.jpg\",\"width\":1300,\"height\":1040},{\"@type\":\"BreadcrumbList\",\"@id\":\"http:\\\/\\\/madalenavidigal.pt\\\/en\\\/porto-santo-school-garagem-sul\\\/#breadcrumb\",\"itemListElement\":[{\"@type\":\"ListItem\",\"position\":1,\"name\":\"In\u00edcio\",\"item\":\"http:\\\/\\\/madalenavidigal.pt\\\/en\\\/\"},{\"@type\":\"ListItem\",\"position\":2,\"name\":\"Porto Santo School: a work by Ra\u00fal Chor\u00e3o Ramalho\"}]},{\"@type\":\"WebSite\",\"@id\":\"http:\\\/\\\/madalenavidigal.pt\\\/en\\\/#website\",\"url\":\"http:\\\/\\\/madalenavidigal.pt\\\/en\\\/\",\"name\":\"Madalena Vidigal | Architect & Independent Researcher\",\"description\":\"Architect and independent researcher based in Portugal. Exploring legacy, communality &amp; sufficiency through collaborative projects, exhibitions &amp; ecological building.\",\"publisher\":{\"@id\":\"http:\\\/\\\/madalenavidigal.pt\\\/en\\\/#\\\/schema\\\/person\\\/9a2f0ddf8d19d3e08eefd815a1444fdb\"},\"potentialAction\":[{\"@type\":\"SearchAction\",\"target\":{\"@type\":\"EntryPoint\",\"urlTemplate\":\"http:\\\/\\\/madalenavidigal.pt\\\/en\\\/?s={search_term_string}\"},\"query-input\":{\"@type\":\"PropertyValueSpecification\",\"valueRequired\":true,\"valueName\":\"search_term_string\"}}],\"inLanguage\":\"en-US\"},{\"@type\":[\"Person\",\"Organization\"],\"@id\":\"http:\\\/\\\/madalenavidigal.pt\\\/en\\\/#\\\/schema\\\/person\\\/9a2f0ddf8d19d3e08eefd815a1444fdb\",\"name\":\"admin8128\",\"image\":{\"@type\":\"ImageObject\",\"inLanguage\":\"en-US\",\"@id\":\"http:\\\/\\\/madalenavidigal.pt\\\/wp-content\\\/uploads\\\/2025\\\/06\\\/Madalena-Vidigal-Portrait.jpg\",\"url\":\"http:\\\/\\\/madalenavidigal.pt\\\/wp-content\\\/uploads\\\/2025\\\/06\\\/Madalena-Vidigal-Portrait.jpg\",\"contentUrl\":\"http:\\\/\\\/madalenavidigal.pt\\\/wp-content\\\/uploads\\\/2025\\\/06\\\/Madalena-Vidigal-Portrait.jpg\",\"width\":1228,\"height\":1818,\"caption\":\"admin8128\"},\"logo\":{\"@id\":\"http:\\\/\\\/madalenavidigal.pt\\\/wp-content\\\/uploads\\\/2025\\\/06\\\/Madalena-Vidigal-Portrait.jpg\"},\"sameAs\":[\"http:\\\/\\\/madalenavidigal.pt\",\"https:\\\/\\\/www.facebook.com\\\/madalena.v.vieira\\\/\",\"https:\\\/\\\/www.instagram.com\\\/mvidigalvieira\\\/\",\"https:\\\/\\\/www.linkedin.com\\\/in\\\/madalena-vidigal\\\/\"],\"url\":\"http:\\\/\\\/madalenavidigal.pt\\\/en\\\/author\\\/admin8128\\\/\"}]}<\/script>\n<!-- \/ Yoast SEO plugin. -->","yoast_head_json":{"title":"Porto Santo School: a work by Ra\u00fal Chor\u00e3o Ramalho &#8212; Madalena Vidigal","description":"From March to September 2023, the preservation and valorization operation of the Porto Santo School, which took place between 2019 and 2021, was presented at Garagem Sul | CCB - Centro Cultural de Bel\u00e9m, in Lisbon, under the motto Porto Santo School: a work by Ra\u00fal Chor\u00e3o Ramalho. The culmination of an immersive collaboration on the island of Porto Santo. The exhibition presented the environment, the material, the habitat and the architecture of this unique work.","robots":{"index":"index","follow":"follow","max-snippet":"max-snippet:-1","max-image-preview":"max-image-preview:large","max-video-preview":"max-video-preview:-1"},"canonical":"http:\/\/madalenavidigal.pt\/en\/porto-santo-school-garagem-sul\/","og_locale":"en_US","og_type":"article","og_title":"Porto Santo School: a work by Ra\u00fal Chor\u00e3o Ramalho &#8212; Madalena Vidigal","og_description":"From March to September 2023, the preservation and valorization operation of the Porto Santo School, which took place between 2019 and 2021, was presented at Garagem Sul | CCB - Centro Cultural de Bel\u00e9m, in Lisbon, under the motto Porto Santo School: a work by Ra\u00fal Chor\u00e3o Ramalho. The culmination of an immersive collaboration on the island of Porto Santo. The exhibition presented the environment, the material, the habitat and the architecture of this unique work.","og_url":"http:\/\/madalenavidigal.pt\/en\/porto-santo-school-garagem-sul\/","og_site_name":"Madalena Vidigal","article_publisher":"https:\/\/www.facebook.com\/madalena.v.vieira\/","article_author":"https:\/\/www.facebook.com\/madalena.v.vieira\/","article_published_time":"2025-07-14T23:13:27+00:00","article_modified_time":"2025-09-06T11:39:57+00:00","og_image":[{"width":1300,"height":1040,"url":"http:\/\/madalenavidigal.pt\/wp-content\/uploads\/2025\/07\/MG_7894_X-Photo-Tiago-Casanova_final.jpg","type":"image\/jpeg"}],"author":"admin8128","twitter_card":"summary_large_image","twitter_misc":{"Written by":"admin8128","Est. reading time":"6 minutes"},"schema":{"@context":"https:\/\/schema.org","@graph":[{"@type":"Article","@id":"http:\/\/madalenavidigal.pt\/en\/porto-santo-school-garagem-sul\/#article","isPartOf":{"@id":"http:\/\/madalenavidigal.pt\/en\/porto-santo-school-garagem-sul\/"},"author":{"name":"admin8128","@id":"http:\/\/madalenavidigal.pt\/en\/#\/schema\/person\/9a2f0ddf8d19d3e08eefd815a1444fdb"},"headline":"Porto Santo School: a work by Ra\u00fal Chor\u00e3o Ramalho","datePublished":"2025-07-14T23:13:27+00:00","dateModified":"2025-09-06T11:39:57+00:00","mainEntityOfPage":{"@id":"http:\/\/madalenavidigal.pt\/en\/porto-santo-school-garagem-sul\/"},"wordCount":40,"publisher":{"@id":"http:\/\/madalenavidigal.pt\/en\/#\/schema\/person\/9a2f0ddf8d19d3e08eefd815a1444fdb"},"image":{"@id":"http:\/\/madalenavidigal.pt\/en\/porto-santo-school-garagem-sul\/#primaryimage"},"thumbnailUrl":"http:\/\/madalenavidigal.pt\/wp-content\/uploads\/2025\/07\/MG_7894_X-Photo-Tiago-Casanova_final.jpg","keywords":["Curation","Publication"],"articleSection":["Work"],"inLanguage":"en-US"},{"@type":"WebPage","@id":"http:\/\/madalenavidigal.pt\/en\/porto-santo-school-garagem-sul\/","url":"http:\/\/madalenavidigal.pt\/en\/porto-santo-school-garagem-sul\/","name":"Porto Santo School: a work by Ra\u00fal Chor\u00e3o Ramalho &#8212; Madalena Vidigal","isPartOf":{"@id":"http:\/\/madalenavidigal.pt\/en\/#website"},"primaryImageOfPage":{"@id":"http:\/\/madalenavidigal.pt\/en\/porto-santo-school-garagem-sul\/#primaryimage"},"image":{"@id":"http:\/\/madalenavidigal.pt\/en\/porto-santo-school-garagem-sul\/#primaryimage"},"thumbnailUrl":"http:\/\/madalenavidigal.pt\/wp-content\/uploads\/2025\/07\/MG_7894_X-Photo-Tiago-Casanova_final.jpg","datePublished":"2025-07-14T23:13:27+00:00","dateModified":"2025-09-06T11:39:57+00:00","description":"From March to September 2023, the preservation and valorization operation of the Porto Santo School, which took place between 2019 and 2021, was presented at Garagem Sul | CCB - Centro Cultural de Bel\u00e9m, in Lisbon, under the motto Porto Santo School: a work by Ra\u00fal Chor\u00e3o Ramalho. The culmination of an immersive collaboration on the island of Porto Santo. The exhibition presented the environment, the material, the habitat and the architecture of this unique work.","breadcrumb":{"@id":"http:\/\/madalenavidigal.pt\/en\/porto-santo-school-garagem-sul\/#breadcrumb"},"inLanguage":"en-US","potentialAction":[{"@type":"ReadAction","target":[["http:\/\/madalenavidigal.pt\/en\/porto-santo-school-garagem-sul\/"]]}]},{"@type":"ImageObject","inLanguage":"en-US","@id":"http:\/\/madalenavidigal.pt\/en\/porto-santo-school-garagem-sul\/#primaryimage","url":"http:\/\/madalenavidigal.pt\/wp-content\/uploads\/2025\/07\/MG_7894_X-Photo-Tiago-Casanova_final.jpg","contentUrl":"http:\/\/madalenavidigal.pt\/wp-content\/uploads\/2025\/07\/MG_7894_X-Photo-Tiago-Casanova_final.jpg","width":1300,"height":1040},{"@type":"BreadcrumbList","@id":"http:\/\/madalenavidigal.pt\/en\/porto-santo-school-garagem-sul\/#breadcrumb","itemListElement":[{"@type":"ListItem","position":1,"name":"In\u00edcio","item":"http:\/\/madalenavidigal.pt\/en\/"},{"@type":"ListItem","position":2,"name":"Porto Santo School: a work by Ra\u00fal Chor\u00e3o Ramalho"}]},{"@type":"WebSite","@id":"http:\/\/madalenavidigal.pt\/en\/#website","url":"http:\/\/madalenavidigal.pt\/en\/","name":"Madalena Vidigal | Architect & Independent Researcher","description":"Architect and independent researcher based in Portugal. Exploring legacy, communality &amp; sufficiency through collaborative projects, exhibitions &amp; ecological building.","publisher":{"@id":"http:\/\/madalenavidigal.pt\/en\/#\/schema\/person\/9a2f0ddf8d19d3e08eefd815a1444fdb"},"potentialAction":[{"@type":"SearchAction","target":{"@type":"EntryPoint","urlTemplate":"http:\/\/madalenavidigal.pt\/en\/?s={search_term_string}"},"query-input":{"@type":"PropertyValueSpecification","valueRequired":true,"valueName":"search_term_string"}}],"inLanguage":"en-US"},{"@type":["Person","Organization"],"@id":"http:\/\/madalenavidigal.pt\/en\/#\/schema\/person\/9a2f0ddf8d19d3e08eefd815a1444fdb","name":"admin8128","image":{"@type":"ImageObject","inLanguage":"en-US","@id":"http:\/\/madalenavidigal.pt\/wp-content\/uploads\/2025\/06\/Madalena-Vidigal-Portrait.jpg","url":"http:\/\/madalenavidigal.pt\/wp-content\/uploads\/2025\/06\/Madalena-Vidigal-Portrait.jpg","contentUrl":"http:\/\/madalenavidigal.pt\/wp-content\/uploads\/2025\/06\/Madalena-Vidigal-Portrait.jpg","width":1228,"height":1818,"caption":"admin8128"},"logo":{"@id":"http:\/\/madalenavidigal.pt\/wp-content\/uploads\/2025\/06\/Madalena-Vidigal-Portrait.jpg"},"sameAs":["http:\/\/madalenavidigal.pt","https:\/\/www.facebook.com\/madalena.v.vieira\/","https:\/\/www.instagram.com\/mvidigalvieira\/","https:\/\/www.linkedin.com\/in\/madalena-vidigal\/"],"url":"http:\/\/madalenavidigal.pt\/en\/author\/admin8128\/"}]}},"grid":"{\r\n  \"colCount\": 10,\r\n  \"colGutter\": 0,\r\n  \"rowGutters\": [\r\n    0,\r\n    125,\r\n    125,\r\n    125,\r\n    125,\r\n    125,\r\n    125,\r\n    125,\r\n    125\r\n  ],\r\n  \"frameMargin\": 5,\r\n  \"leftFrameMargin\": 25,\r\n  \"rightFrameMargin\": 25,\r\n  \"topFrameMargin\": 25,\r\n  \"mus\": {\r\n    \"colGutterMu\": \"px\",\r\n    \"rowGutterMu\": \"px\",\r\n    \"topFrameMu\": \"px\",\r\n    \"bottomFrameMu\": \"px\",\r\n    \"frameMu\": \"px\"\r\n  },\r\n  \"bottomFrameMargin\": 50,\r\n  \"rowAttrs\": [\r\n    {\r\n      \"relid\": 4\r\n    },\r\n    {\r\n      \"relid\": 1\r\n    },\r\n    {\r\n      \"relid\": 31\r\n    },\r\n    {\r\n      \"relid\": 9\r\n    },\r\n    {\r\n      \"relid\": 16\r\n    },\r\n    {\r\n      \"relid\": 38\r\n    },\r\n    {\r\n      \"relid\": 26\r\n    },\r\n    {\r\n      \"relid\": 48\r\n    },\r\n    {\r\n      \"relid\": 12\r\n    },\r\n    {\r\n      \"relid\": 11\r\n    }\r\n  ],\r\n  \"bgColor\": null,\r\n  \"bgImage\": null,\r\n  \"cont\": [\r\n    {\r\n      \"type\": \"text\",\r\n      \"cont\": \"<p style=\\\"text-align: center;\\\">Publications<\/p>\",\r\n      \"align\": \"top\",\r\n      \"row\": 0,\r\n      \"col\": 4,\r\n      \"colspan\": 1,\r\n      \"offsetx\": 0,\r\n      \"offsety\": 0,\r\n      \"spaceabove\": 0,\r\n      \"spacebelow\": 0,\r\n      \"yvel\": 1,\r\n      \"push\": 4,\r\n      \"relid\": 6,\r\n      \"absolute_position\": false,\r\n      \"textAnimation\": {\r\n        \"enableTextAnimation\": false\r\n      },\r\n      \"bgColor\": {\r\n        \"enableBgColor\": true,\r\n        \"bgColor\": \"#587CFF\",\r\n        \"bgOpacity\": 100\r\n      }\r\n    },\r\n    {\r\n      \"type\": \"text\",\r\n      \"cont\": \"<p style=\\\"text-align: center;\\\">Curation<\/p>\",\r\n      \"align\": \"top\",\r\n      \"row\": 0,\r\n      \"col\": 5,\r\n      \"colspan\": 1,\r\n      \"offsetx\": 0,\r\n      \"offsety\": 0,\r\n      \"spaceabove\": 0,\r\n      \"spacebelow\": 0,\r\n      \"yvel\": 1,\r\n      \"push\": 0,\r\n      \"relid\": 5,\r\n      \"absolute_position\": false,\r\n      \"textAnimation\": {\r\n        \"enableTextAnimation\": false\r\n      },\r\n      \"bgColor\": {\r\n        \"enableBgColor\": true,\r\n        \"bgColor\": \"#F19E8E\",\r\n        \"bgOpacity\": 100\r\n      }\r\n    },\r\n    {\r\n      \"type\": \"text\",\r\n      \"cont\": \"<p class=\\\"_Big\\\">Porto Santo School: a work by Ra\u00fal Chor\u00e3o Ramalho<\/p>\\n<p class=\\\"_Default\\\">with Diogo Amaro<\/p>\",\r\n      \"align\": \"middle\",\r\n      \"row\": 1,\r\n      \"col\": 0,\r\n      \"colspan\": 5,\r\n      \"offsetx\": 0,\r\n      \"offsety\": 0,\r\n      \"spaceabove\": 0,\r\n      \"spacebelow\": 0,\r\n      \"yvel\": 1,\r\n      \"push\": 0,\r\n      \"relid\": 2,\r\n      \"absolute_position\": false,\r\n      \"frameOverflow\": \"\"\r\n    },\r\n    {\r\n      \"type\": \"text\",\r\n      \"cont\": \"<div data-collapsed=\\\"false\\\">\\n<div>\\n<div>\\n<div data-type=\\\"text\\\" data-yvel=\\\"1\\\">\\n<div>\\n<p class=\\\"_Small\\\" style=\\\"text-align: right;\\\"><span>December 2023 - March 2024<\/span><\/p>\\n<\/div>\\n<\/div>\\n<\/div>\\n<\/div>\\n<\/div>\",\r\n      \"align\": \"top\",\r\n      \"row\": 1,\r\n      \"col\": 5,\r\n      \"colspan\": 5,\r\n      \"offsetx\": 0,\r\n      \"offsety\": 0,\r\n      \"spaceabove\": 0,\r\n      \"spacebelow\": 0,\r\n      \"yvel\": 1,\r\n      \"push\": 0,\r\n      \"relid\": 3,\r\n      \"absolute_position\": false,\r\n      \"textAnimation\": {\r\n        \"enableTextAnimation\": false\r\n      }\r\n    },\r\n    {\r\n      \"type\": \"carousel\",\r\n      \"cont\": \"\",\r\n      \"align\": \"top\",\r\n      \"row\": 2,\r\n      \"col\": 1,\r\n      \"colspan\": 8,\r\n      \"offsetx\": 0,\r\n      \"offsety\": 0,\r\n      \"spaceabove\": 0,\r\n      \"spacebelow\": 0,\r\n      \"yvel\": 1,\r\n      \"push\": 1,\r\n      \"relid\": 32,\r\n      \"carousel_options\": {\r\n        \"random\": false,\r\n        \"autoplay\": false,\r\n        \"showMultipleSlides\": false,\r\n        \"freeScroll\": false,\r\n        \"mousewheelScroll\": false,\r\n        \"size\": \"aspectRatioOfFirstElement\",\r\n        \"slidesWidth\": \"null\",\r\n        \"transition\": \"sliding\",\r\n        \"loop\": \"1\",\r\n        \"spaceBetween\": 0,\r\n        \"captionsUnderSlides\": false,\r\n        \"autoplaySpeed\": 3000,\r\n        \"autoplayDelay\": 0,\r\n        \"transitionSpeed\": 300\r\n      },\r\n      \"carousel\": [\r\n        {\r\n          \"type\": \"img\",\r\n          \"attid\": 176,\r\n          \"cont\": \"\/wp-content\/uploads\/2025\/07\/MG_7863_X-Photo-Tiago-Casanova_final.jpg\",\r\n          \"sizes\": {\r\n            \"full\": \"\/wp-content\/uploads\/2025\/07\/MG_7863_X-Photo-Tiago-Casanova_final.jpg\",\r\n            \"_1280\": \"\/wp-content\/uploads\/2025\/07\/MG_7863_X-Photo-Tiago-Casanova_final-1280x853.jpg\",\r\n            \"_1024\": \"\/wp-content\/uploads\/2025\/07\/MG_7863_X-Photo-Tiago-Casanova_final-1024x683.jpg\",\r\n            \"_768\": \"\/wp-content\/uploads\/2025\/07\/MG_7863_X-Photo-Tiago-Casanova_final-768x512.jpg\",\r\n            \"_512\": \"\/wp-content\/uploads\/2025\/07\/MG_7863_X-Photo-Tiago-Casanova_final-512x341.jpg\",\r\n            \"_265\": \"\/wp-content\/uploads\/2025\/07\/MG_7863_X-Photo-Tiago-Casanova_final-265x177.jpg\"\r\n          },\r\n          \"w\": 1500,\r\n          \"h\": 1000,\r\n          \"ar\": 0.6666666666666666,\r\n          \"alt\": \"\",\r\n          \"caption\": \"\"\r\n        },\r\n        {\r\n          \"type\": \"img\",\r\n          \"attid\": 175,\r\n          \"cont\": \"\/wp-content\/uploads\/2025\/07\/MG_7857_X-Photo-Tiago-Casanova.jpg\",\r\n          \"sizes\": {\r\n            \"full\": \"\/wp-content\/uploads\/2025\/07\/MG_7857_X-Photo-Tiago-Casanova.jpg\",\r\n            \"_1280\": \"\/wp-content\/uploads\/2025\/07\/MG_7857_X-Photo-Tiago-Casanova-1280x1024.jpg\",\r\n            \"_1024\": \"\/wp-content\/uploads\/2025\/07\/MG_7857_X-Photo-Tiago-Casanova-1024x819.jpg\",\r\n            \"_768\": \"\/wp-content\/uploads\/2025\/07\/MG_7857_X-Photo-Tiago-Casanova-768x614.jpg\",\r\n            \"_512\": \"\/wp-content\/uploads\/2025\/07\/MG_7857_X-Photo-Tiago-Casanova-512x410.jpg\",\r\n            \"_265\": \"\/wp-content\/uploads\/2025\/07\/MG_7857_X-Photo-Tiago-Casanova-265x212.jpg\"\r\n          },\r\n          \"w\": 1300,\r\n          \"h\": 1040,\r\n          \"ar\": 0.8,\r\n          \"alt\": \"\",\r\n          \"caption\": \"<p class=\\\"_Small\\\"><span>\u00a9 Tiago Casanova<\/span><\/p>\"\r\n        },\r\n        {\r\n          \"type\": \"img\",\r\n          \"attid\": 177,\r\n          \"cont\": \"\/wp-content\/uploads\/2025\/07\/MG_7894_X-Photo-Tiago-Casanova_final.jpg\",\r\n          \"sizes\": {\r\n            \"full\": \"\/wp-content\/uploads\/2025\/07\/MG_7894_X-Photo-Tiago-Casanova_final.jpg\",\r\n            \"_1280\": \"\/wp-content\/uploads\/2025\/07\/MG_7894_X-Photo-Tiago-Casanova_final-1280x1024.jpg\",\r\n            \"_1024\": \"\/wp-content\/uploads\/2025\/07\/MG_7894_X-Photo-Tiago-Casanova_final-1024x819.jpg\",\r\n            \"_768\": \"\/wp-content\/uploads\/2025\/07\/MG_7894_X-Photo-Tiago-Casanova_final-768x614.jpg\",\r\n            \"_512\": \"\/wp-content\/uploads\/2025\/07\/MG_7894_X-Photo-Tiago-Casanova_final-512x410.jpg\",\r\n            \"_265\": \"\/wp-content\/uploads\/2025\/07\/MG_7894_X-Photo-Tiago-Casanova_final-265x212.jpg\"\r\n          },\r\n          \"w\": 1300,\r\n          \"h\": 1040,\r\n          \"ar\": 0.8,\r\n          \"alt\": \"\",\r\n          \"caption\": \"<p class=\\\"_Small\\\"><span>\u00a9 Tiago Casanova<\/span><\/p>\"\r\n        }\r\n      ],\r\n      \"absolute_position\": false,\r\n      \"textAnimation\": {\r\n        \"enableTextAnimation\": false\r\n      },\r\n      \"caption\": \"<p class=\\\"_Small\\\"><span>\u00a9 Tiago Casanova<\/span><\/p>\"\r\n    },\r\n    {\r\n      \"type\": \"text\",\r\n      \"cont\": \"<div data-collapsed=\\\"false\\\">\\n<div data-type=\\\"text\\\" data-yvel=\\\"1\\\">\\n<p class=\\\"_Default\\\">From March to September 2023, the preservation and valorization operation of the Porto Santo School, which took place between 2019 and 2021, was presented at Garagem Sul | CCB - Centro Cultural de Bel\u00e9m, in Lisbon, under the motto <a rel=\\\"noopener\\\" href=\\\"https:\/\/www.ccb.pt\/en\/evento\/escola-do-porto-santo\/2023-03-21\/\\\" target=\\\"_blank\\\">Porto Santo School: a work by Ra\u00fal Chor\u00e3o Ramalho<\/a>. The culmination of an immersive collaboration on the island of Porto Santo.<\/p>\\n<p class=\\\"_Default\\\">The exhibition presented the environment, the material, the habitat and the architecture of this unique work, along with a selection of works developed during artistic residencies there by visual artists Duarte Belo and Francisco Janes.<\/p>\\n<\/div>\\n<\/div>\",\r\n      \"align\": \"top\",\r\n      \"row\": 3,\r\n      \"col\": 1,\r\n      \"colspan\": 4,\r\n      \"offsetx\": 0,\r\n      \"offsety\": 0,\r\n      \"spaceabove\": 0,\r\n      \"spacebelow\": 0,\r\n      \"yvel\": 1,\r\n      \"push\": 1,\r\n      \"relid\": 10,\r\n      \"absolute_position\": false,\r\n      \"frameOverflow\": \"\",\r\n      \"textAnimation\": {\r\n        \"enableTextAnimation\": false\r\n      }\r\n    },\r\n    {\r\n      \"type\": \"img\",\r\n      \"cont\": \"\/wp-content\/uploads\/2025\/07\/PT-AHU-CARTM-146-00060_m0001_derivada.jpg\",\r\n      \"align\": \"top\",\r\n      \"row\": 4,\r\n      \"col\": 4,\r\n      \"colspan\": 5,\r\n      \"offsetx\": 0,\r\n      \"offsety\": 0,\r\n      \"spaceabove\": 0,\r\n      \"spacebelow\": 0,\r\n      \"yvel\": 1,\r\n      \"push\": 4,\r\n      \"relid\": 27,\r\n      \"attid\": 186,\r\n      \"sizes\": {\r\n        \"full\": \"\/wp-content\/uploads\/2025\/07\/PT-AHU-CARTM-146-00060_m0001_derivada.jpg\"\r\n      },\r\n      \"w\": 9085,\r\n      \"h\": 6024,\r\n      \"ar\": 0.6630709961474959,\r\n      \"alt\": \"\",\r\n      \"absolute_position\": false,\r\n      \"textAnimation\": {\r\n        \"enableTextAnimation\": false\r\n      },\r\n      \"lightbox_caption\": \"<p class=\\\"_Small\\\">Handwritten cartography, historical land use plan of the island of Porto Santo<br \/>Courtesy: Arquivo Hist\u00f3rico Ultramarino (AHU)<\/p>\"\r\n    },\r\n    {\r\n      \"type\": \"img\",\r\n      \"cont\": \"\/wp-content\/uploads\/2025\/07\/RCR07588.jpg\",\r\n      \"align\": \"top\",\r\n      \"row\": 5,\r\n      \"col\": 1,\r\n      \"colspan\": 4,\r\n      \"offsetx\": 0,\r\n      \"offsety\": 0,\r\n      \"spaceabove\": 0,\r\n      \"spacebelow\": 0,\r\n      \"yvel\": 1,\r\n      \"push\": 1,\r\n      \"relid\": 28,\r\n      \"attid\": 194,\r\n      \"sizes\": {\r\n        \"full\": \"\/wp-content\/uploads\/2025\/07\/RCR07588.jpg\",\r\n        \"_1280\": \"\/wp-content\/uploads\/2025\/07\/RCR07588-1280x840.jpg\",\r\n        \"_1024\": \"\/wp-content\/uploads\/2025\/07\/RCR07588-1024x672.jpg\",\r\n        \"_768\": \"\/wp-content\/uploads\/2025\/07\/RCR07588-768x504.jpg\",\r\n        \"_512\": \"\/wp-content\/uploads\/2025\/07\/RCR07588-512x336.jpg\",\r\n        \"_265\": \"\/wp-content\/uploads\/2025\/07\/RCR07588-265x174.jpg\"\r\n      },\r\n      \"w\": 1500,\r\n      \"h\": 984,\r\n      \"ar\": 0.656,\r\n      \"alt\": \"\",\r\n      \"absolute_position\": false,\r\n      \"textAnimation\": {\r\n        \"enableTextAnimation\": false\r\n      },\r\n      \"lightbox_caption\": \"<p class=\\\"_Small\\\">Solar Study \u00a9 Ra\u00fal Chor\u00e3o Ramalho Architect<br \/>Courtesy: Sacav\u00e9m Fort Archive - SIPA<\/p>\",\r\n      \"frameOverflow\": \"\"\r\n    },\r\n    {\r\n      \"type\": \"img\",\r\n      \"cont\": \"\/wp-content\/uploads\/2025\/07\/RCR07589.jpg\",\r\n      \"align\": \"top\",\r\n      \"row\": 6,\r\n      \"col\": 1,\r\n      \"colspan\": 4,\r\n      \"offsetx\": 0,\r\n      \"offsety\": 0,\r\n      \"spaceabove\": 0,\r\n      \"spacebelow\": 0,\r\n      \"yvel\": 1,\r\n      \"push\": 1,\r\n      \"relid\": 22,\r\n      \"attid\": 178,\r\n      \"sizes\": {\r\n        \"full\": \"\/wp-content\/uploads\/2025\/07\/RCR07589.jpg\",\r\n        \"_1920\": \"\/wp-content\/uploads\/2025\/07\/RCR07589-1920x670.jpg\",\r\n        \"_1280\": \"\/wp-content\/uploads\/2025\/07\/RCR07589-1280x447.jpg\",\r\n        \"_1024\": \"\/wp-content\/uploads\/2025\/07\/RCR07589-1024x357.jpg\",\r\n        \"_768\": \"\/wp-content\/uploads\/2025\/07\/RCR07589-768x268.jpg\",\r\n        \"_512\": \"\/wp-content\/uploads\/2025\/07\/RCR07589-512x179.jpg\",\r\n        \"_265\": \"\/wp-content\/uploads\/2025\/07\/RCR07589-265x92.jpg\"\r\n      },\r\n      \"w\": 2000,\r\n      \"h\": 698,\r\n      \"ar\": 0.349,\r\n      \"alt\": \"\",\r\n      \"absolute_position\": false,\r\n      \"textAnimation\": {\r\n        \"enableTextAnimation\": false\r\n      },\r\n      \"lightbox_caption\": \"<p class=\\\"_Small\\\">Solar Study \u00a9 Ra\u00fal Chor\u00e3o Ramalho Architect<br \/>Courtesy: Sacav\u00e9m Fort Archive - SIPA<\/p>\",\r\n      \"frameOverflow\": \"\"\r\n    },\r\n    {\r\n      \"type\": \"img\",\r\n      \"cont\": \"\/wp-content\/uploads\/2025\/07\/dg1178365.jpg\",\r\n      \"align\": \"top\",\r\n      \"row\": 7,\r\n      \"col\": 0,\r\n      \"colspan\": 2,\r\n      \"offsetx\": 0,\r\n      \"offsety\": 0,\r\n      \"spaceabove\": 0,\r\n      \"spacebelow\": 0,\r\n      \"yvel\": 1,\r\n      \"push\": 0,\r\n      \"relid\": 21,\r\n      \"attid\": 189,\r\n      \"sizes\": {\r\n        \"full\": \"\/wp-content\/uploads\/2025\/07\/dg1178365.jpg\",\r\n        \"_768\": \"\/wp-content\/uploads\/2025\/07\/dg1178365-768x512.jpg\",\r\n        \"_512\": \"\/wp-content\/uploads\/2025\/07\/dg1178365-512x342.jpg\",\r\n        \"_265\": \"\/wp-content\/uploads\/2025\/07\/dg1178365-265x177.jpg\"\r\n      },\r\n      \"w\": 961,\r\n      \"h\": 641,\r\n      \"ar\": 0.6670135275754423,\r\n      \"alt\": \"\",\r\n      \"absolute_position\": false,\r\n      \"textAnimation\": {\r\n        \"enableTextAnimation\": false\r\n      },\r\n      \"lightbox_caption\": \"<p class=\\\"_Small\\\">Bentonite, Porto Santo <span>\u00a9 Duarte Belo<\/span><\/p>\"\r\n    },\r\n    {\r\n      \"type\": \"img\",\r\n      \"cont\": \"\/wp-content\/uploads\/2025\/07\/dg1184778.jpg\",\r\n      \"align\": \"top\",\r\n      \"row\": 7,\r\n      \"col\": 2,\r\n      \"colspan\": 2,\r\n      \"offsetx\": 0,\r\n      \"offsety\": 0,\r\n      \"spaceabove\": 0,\r\n      \"spacebelow\": 0,\r\n      \"yvel\": 1,\r\n      \"push\": 0,\r\n      \"relid\": 8,\r\n      \"attid\": 190,\r\n      \"sizes\": {\r\n        \"full\": \"\/wp-content\/uploads\/2025\/07\/dg1184778.jpg\",\r\n        \"_768\": \"\/wp-content\/uploads\/2025\/07\/dg1184778-768x512.jpg\",\r\n        \"_512\": \"\/wp-content\/uploads\/2025\/07\/dg1184778-512x341.jpg\",\r\n        \"_265\": \"\/wp-content\/uploads\/2025\/07\/dg1184778-265x177.jpg\"\r\n      },\r\n      \"w\": 960,\r\n      \"h\": 640,\r\n      \"ar\": 0.6666666666666666,\r\n      \"alt\": \"\",\r\n      \"absolute_position\": false,\r\n      \"textAnimation\": {\r\n        \"enableTextAnimation\": false\r\n      },\r\n      \"lightbox_caption\": \"<p class=\\\"_Small\\\">Trachyte, Porto Santo<span> \u00a9 Duarte Belo<\/span><\/p>\"\r\n    },\r\n    {\r\n      \"type\": \"img\",\r\n      \"cont\": \"\/wp-content\/uploads\/2025\/07\/dg1187264.jpg\",\r\n      \"align\": \"top\",\r\n      \"row\": 7,\r\n      \"col\": 4,\r\n      \"colspan\": 2,\r\n      \"offsetx\": 0,\r\n      \"offsety\": 0,\r\n      \"spaceabove\": 0,\r\n      \"spacebelow\": 0,\r\n      \"yvel\": 1,\r\n      \"push\": 0,\r\n      \"relid\": 19,\r\n      \"attid\": 191,\r\n      \"sizes\": {\r\n        \"full\": \"\/wp-content\/uploads\/2025\/07\/dg1187264.jpg\",\r\n        \"_768\": \"\/wp-content\/uploads\/2025\/07\/dg1187264-768x512.jpg\",\r\n        \"_512\": \"\/wp-content\/uploads\/2025\/07\/dg1187264-512x341.jpg\",\r\n        \"_265\": \"\/wp-content\/uploads\/2025\/07\/dg1187264-265x177.jpg\"\r\n      },\r\n      \"w\": 960,\r\n      \"h\": 640,\r\n      \"ar\": 0.6666666666666666,\r\n      \"alt\": \"\",\r\n      \"absolute_position\": false,\r\n      \"textAnimation\": {\r\n        \"enableTextAnimation\": false\r\n      },\r\n      \"lightbox_caption\": \"<p class=\\\"_Small\\\">Basalt, Porto Santo<span> \u00a9 Duarte Belo<\/span><\/p>\"\r\n    },\r\n    {\r\n      \"type\": \"img\",\r\n      \"cont\": \"\/wp-content\/uploads\/2025\/07\/dg1187771.jpg\",\r\n      \"align\": \"top\",\r\n      \"row\": 7,\r\n      \"col\": 6,\r\n      \"colspan\": 2,\r\n      \"offsetx\": 0,\r\n      \"offsety\": 0,\r\n      \"spaceabove\": 0,\r\n      \"spacebelow\": 0,\r\n      \"yvel\": 1,\r\n      \"push\": 0,\r\n      \"relid\": 24,\r\n      \"attid\": 192,\r\n      \"sizes\": {\r\n        \"full\": \"\/wp-content\/uploads\/2025\/07\/dg1187771.jpg\",\r\n        \"_768\": \"\/wp-content\/uploads\/2025\/07\/dg1187771-768x512.jpg\",\r\n        \"_512\": \"\/wp-content\/uploads\/2025\/07\/dg1187771-512x341.jpg\",\r\n        \"_265\": \"\/wp-content\/uploads\/2025\/07\/dg1187771-265x177.jpg\"\r\n      },\r\n      \"w\": 960,\r\n      \"h\": 640,\r\n      \"ar\": 0.6666666666666666,\r\n      \"alt\": \"\",\r\n      \"absolute_position\": false,\r\n      \"textAnimation\": {\r\n        \"enableTextAnimation\": false\r\n      },\r\n      \"lightbox_caption\": \"<p class=\\\"_Small\\\">Limestone, Porto Santo<span> \u00a9 Duarte Belo<\/span><\/p>\"\r\n    },\r\n    {\r\n      \"type\": \"img\",\r\n      \"cont\": \"\/wp-content\/uploads\/2025\/07\/dg1188913.jpg\",\r\n      \"align\": \"top\",\r\n      \"row\": 7,\r\n      \"col\": 8,\r\n      \"colspan\": 2,\r\n      \"offsetx\": 0,\r\n      \"offsety\": 0,\r\n      \"spaceabove\": 0,\r\n      \"spacebelow\": 0,\r\n      \"yvel\": 1,\r\n      \"push\": 0,\r\n      \"relid\": 40,\r\n      \"attid\": 193,\r\n      \"sizes\": {\r\n        \"full\": \"\/wp-content\/uploads\/2025\/07\/dg1188913.jpg\",\r\n        \"_768\": \"\/wp-content\/uploads\/2025\/07\/dg1188913-768x512.jpg\",\r\n        \"_512\": \"\/wp-content\/uploads\/2025\/07\/dg1188913-512x341.jpg\",\r\n        \"_265\": \"\/wp-content\/uploads\/2025\/07\/dg1188913-265x177.jpg\"\r\n      },\r\n      \"w\": 960,\r\n      \"h\": 640,\r\n      \"ar\": 0.6666666666666666,\r\n      \"alt\": \"\",\r\n      \"absolute_position\": false,\r\n      \"textAnimation\": {\r\n        \"enableTextAnimation\": false\r\n      },\r\n      \"lightbox_caption\": \"<p class=\\\"_Small\\\">Sand, Porto Santo<span> \u00a9 Duarte Belo<\/span><\/p>\"\r\n    },\r\n    {\r\n      \"type\": \"img\",\r\n      \"cont\": \"\/wp-content\/uploads\/2025\/07\/ab8a76a991f84ac49b1bb83f2c2591af.jpg\",\r\n      \"align\": \"top\",\r\n      \"row\": 8,\r\n      \"col\": 2,\r\n      \"colspan\": 2,\r\n      \"offsetx\": 0,\r\n      \"offsety\": 0,\r\n      \"spaceabove\": 0,\r\n      \"spacebelow\": 0,\r\n      \"yvel\": 1,\r\n      \"push\": 2,\r\n      \"relid\": 20,\r\n      \"attid\": 188,\r\n      \"sizes\": {\r\n        \"full\": \"\/wp-content\/uploads\/2025\/07\/ab8a76a991f84ac49b1bb83f2c2591af.jpg\",\r\n        \"_265\": \"\/wp-content\/uploads\/2025\/07\/ab8a76a991f84ac49b1bb83f2c2591af-265x390.jpg\"\r\n      },\r\n      \"w\": 400,\r\n      \"h\": 589,\r\n      \"ar\": 1.4725,\r\n      \"alt\": \"\",\r\n      \"absolute_position\": false,\r\n      \"textAnimation\": {\r\n        \"enableTextAnimation\": false\r\n      },\r\n      \"lightbox_caption\": \"\"\r\n    },\r\n    {\r\n      \"type\": \"text\",\r\n      \"cont\": \"<p class=\\\"_Small\\\">Exhibition<br \/><br \/>Organization: Garagem Sul\u00a0 \/ Centro Cultural de Bel\u00e9m e Porta33<br \/>Curation: Madalena Vidigal e Diogo Amaro<br \/>Exhibition Design: Andr\u00e9 Tavares<br \/>Graphic Design: Macedo Cannat\u00e0<br \/>Translation and proofreading: Pedro<br \/>Morais; Jo\u00e3o Mo\u00e7o<br \/>Assembly: Maria Torrada<br \/>Audiovisual: Jo\u00e3o Tim\u00f3teo<br \/>Construction: Carpintauto; Felisberto Oliveira; J.C. Sampaio<br \/>Support: Secretaria Regional de Turismo e Cultura; Secretaria Regional das Finan\u00e7as; Secretaria Regional de Educa\u00e7\u00e3o, Ci\u00eancia e Tecnologia; C\u00e2mara Municipal do Funchal; C\u00e2mara Municipal do Porto Santo; Sociedade de Desenvolvimento do Porto Santo, SA; Instituto de Emprego da Madeira \u2014 IP-RAM; Tintas CIN; Plano Nacional das Artes<br \/><br \/><\/p>\\n<p class=\\\"_Small\\\">Publication<\/p>\\n<p class=\\\"_Small\\\">Author: Madalena Vidigal<span><br \/><\/span>Editor: Andr\u00e9 Tavares<br \/>Revision: Jo\u00e3o Mo\u00e7o<br \/>Translation: Justin Jaeckle<br \/>Graphic Design: Atelier Pedro Falc\u00e3o<br \/>Printing: Gr\u00e1fica Maiadouro, S.A.<br \/><br \/><\/p>\\n<p class=\\\"_Small\\\">Press<br \/><br \/><span><a rel=\\\"noopener\\\" href=\\\"https:\/\/koozarch.com\/interviews\/reinventing-the-classroom-past-present-and-future-of-school-architecture\\\" target=\\\"_blank\\\" data-id=\\\"0\\\">Koozarch \u2014 <em>Reinventing the classroom: past, present and future of school architecture<\/em><\/a><\/span><\/p>\",\r\n      \"align\": \"top\",\r\n      \"row\": 8,\r\n      \"col\": 5,\r\n      \"colspan\": 4,\r\n      \"offsetx\": 0,\r\n      \"offsety\": 0,\r\n      \"spaceabove\": 0,\r\n      \"spacebelow\": 0,\r\n      \"yvel\": 1,\r\n      \"push\": 1,\r\n      \"relid\": 15,\r\n      \"absolute_position\": false,\r\n      \"textAnimation\": {\r\n        \"enableTextAnimation\": false\r\n      }\r\n    },\r\n    {\r\n      \"type\": \"text\",\r\n      \"cont\": \"<p class=\\\"_Small\\\" style=\\\"text-align: left;\\\"><a class=\\\"layprevproject\\\" href=\\\"#layprevproject\\\">Previous project<\/a><\/p>\",\r\n      \"align\": \"bottom\",\r\n      \"row\": 9,\r\n      \"col\": 0,\r\n      \"colspan\": 2,\r\n      \"offsetx\": 0,\r\n      \"offsety\": 0,\r\n      \"spaceabove\": 0,\r\n      \"spacebelow\": 0,\r\n      \"yvel\": 1,\r\n      \"push\": 0,\r\n      \"relid\": 18,\r\n      \"absolute_position\": false,\r\n      \"textAnimation\": {\r\n        \"enableTextAnimation\": false\r\n      }\r\n    },\r\n    {\r\n      \"type\": \"text\",\r\n      \"cont\": \"<p class=\\\"_Small\\\" style=\\\"text-align: right;\\\"><a class=\\\"laynextproject\\\" href=\\\"#laynextproject\\\">Next project<\/a><\/p>\",\r\n      \"align\": \"bottom\",\r\n      \"row\": 9,\r\n      \"col\": 7,\r\n      \"colspan\": 3,\r\n      \"offsetx\": 0,\r\n      \"offsety\": 0,\r\n      \"spaceabove\": 0,\r\n      \"spacebelow\": 0,\r\n      \"yvel\": 1,\r\n      \"push\": 5,\r\n      \"relid\": 17,\r\n      \"absolute_position\": false,\r\n      \"textAnimation\": {\r\n        \"enableTextAnimation\": false\r\n      },\r\n      \"frameOverflow\": \"\"\r\n    }\r\n  ]\r\n}","phonegrid":"{\r\n  \"colCount\": 12,\r\n  \"colGutter\": \"0\",\r\n  \"rowGutters\": [\r\n    75,\r\n    75,\r\n    75,\r\n    75,\r\n    75,\r\n    75,\r\n    75,\r\n    75,\r\n    \"0\",\r\n    \"0\",\r\n    \"0\",\r\n    \"0\",\r\n    75,\r\n    75,\r\n    75\r\n  ],\r\n  \"frameMargin\": 5,\r\n  \"topFrameMargin\": 55,\r\n  \"rightFrameMargin\": 25,\r\n  \"bottomFrameMargin\": 25,\r\n  \"leftFrameMargin\": 25,\r\n  \"mus\": {\r\n    \"colGutterMu\": \"px\",\r\n    \"rowGutterMu\": \"px\",\r\n    \"topFrameMu\": \"px\",\r\n    \"bottomFrameMu\": \"px\",\r\n    \"frameMu\": \"px\"\r\n  },\r\n  \"rowAttrs\": [\r\n    {\r\n      \"relid\": 7\r\n    },\r\n    {\r\n      \"relid\": 29\r\n    },\r\n    {\r\n      \"relid\": 30\r\n    },\r\n    {\r\n      \"relid\": 33\r\n    },\r\n    {\r\n      \"relid\": 34\r\n    },\r\n    {\r\n      \"relid\": 35\r\n    },\r\n    {\r\n      \"relid\": 36\r\n    },\r\n    {\r\n      \"relid\": 23\r\n    },\r\n    {\r\n      \"relid\": 41\r\n    },\r\n    {\r\n      \"relid\": 46\r\n    },\r\n    {\r\n      \"relid\": 37\r\n    },\r\n    {\r\n      \"relid\": 42\r\n    },\r\n    {\r\n      \"relid\": 39\r\n    },\r\n    {\r\n      \"relid\": 53\r\n    },\r\n    {\r\n      \"relid\": 44\r\n    },\r\n    {\r\n      \"relid\": 45\r\n    }\r\n  ],\r\n  \"bgColor\": null,\r\n  \"bgImage\": null,\r\n  \"cont\": [\r\n    {\r\n      \"type\": \"text\",\r\n      \"cont\": \"<p style=\\\"text-align: center;\\\">Publications<\/p>\",\r\n      \"align\": \"top\",\r\n      \"row\": 0,\r\n      \"col\": 0,\r\n      \"colspan\": 6,\r\n      \"offsetx\": 0,\r\n      \"offsety\": 0,\r\n      \"spaceabove\": 0,\r\n      \"spacebelow\": 0,\r\n      \"yvel\": 1,\r\n      \"push\": 0,\r\n      \"relid\": 6,\r\n      \"absolute_position\": false,\r\n      \"textAnimation\": {\r\n        \"enableTextAnimation\": false\r\n      },\r\n      \"bgColor\": {\r\n        \"enableBgColor\": true,\r\n        \"bgColor\": \"#587CFF\",\r\n        \"bgOpacity\": 100\r\n      }\r\n    },\r\n    {\r\n      \"type\": \"text\",\r\n      \"cont\": \"<p style=\\\"text-align: center;\\\">Curation<\/p>\",\r\n      \"align\": \"top\",\r\n      \"row\": 0,\r\n      \"col\": 6,\r\n      \"colspan\": 6,\r\n      \"offsetx\": 0,\r\n      \"offsety\": 0,\r\n      \"spaceabove\": 0,\r\n      \"spacebelow\": 0,\r\n      \"yvel\": 1,\r\n      \"push\": 0,\r\n      \"relid\": 5,\r\n      \"absolute_position\": false,\r\n      \"textAnimation\": {\r\n        \"enableTextAnimation\": false\r\n      },\r\n      \"bgColor\": {\r\n        \"enableBgColor\": true,\r\n        \"bgColor\": \"#F19E8E\",\r\n        \"bgOpacity\": 100\r\n      }\r\n    },\r\n    {\r\n      \"type\": \"text\",\r\n      \"cont\": \"<p class=\\\"_Big\\\">Porto Santo School: a work by Ra\u00fal Chor\u00e3o Ramalho<\/p>\\n<p class=\\\"_Default\\\">with Diogo Amaro<\/p>\",\r\n      \"align\": \"top\",\r\n      \"row\": 1,\r\n      \"col\": 0,\r\n      \"colspan\": 12,\r\n      \"offsetx\": 0,\r\n      \"offsety\": 0,\r\n      \"spaceabove\": 0,\r\n      \"spacebelow\": 0,\r\n      \"yvel\": 1,\r\n      \"push\": 0,\r\n      \"relid\": 2,\r\n      \"absolute_position\": false\r\n    },\r\n    {\r\n      \"type\": \"text\",\r\n      \"cont\": \"<div data-collapsed=\\\"false\\\">\\n<div>\\n<div>\\n<div data-type=\\\"text\\\" data-yvel=\\\"1\\\">\\n<div>\\n<p class=\\\"_Small\\\" style=\\\"text-align: right;\\\"><span>December 2023 - March 2024<\/span><\/p>\\n<\/div>\\n<\/div>\\n<\/div>\\n<\/div>\\n<\/div>\",\r\n      \"align\": \"bottom\",\r\n      \"row\": 2,\r\n      \"col\": 0,\r\n      \"colspan\": 12,\r\n      \"offsetx\": 0,\r\n      \"offsety\": 0,\r\n      \"spaceabove\": 0,\r\n      \"spacebelow\": 0,\r\n      \"yvel\": 1,\r\n      \"push\": 0,\r\n      \"relid\": 3,\r\n      \"absolute_position\": false,\r\n      \"textAnimation\": {\r\n        \"enableTextAnimation\": false\r\n      }\r\n    },\r\n    {\r\n      \"type\": \"carousel\",\r\n      \"cont\": \"\",\r\n      \"align\": \"bottom\",\r\n      \"row\": 3,\r\n      \"col\": 0,\r\n      \"colspan\": 12,\r\n      \"offsetx\": 0,\r\n      \"offsety\": 0,\r\n      \"spaceabove\": 0,\r\n      \"spacebelow\": 0,\r\n      \"yvel\": 1,\r\n      \"push\": 0,\r\n      \"relid\": 32,\r\n      \"carousel_options\": {\r\n        \"random\": false,\r\n        \"autoplay\": false,\r\n        \"showMultipleSlides\": false,\r\n        \"freeScroll\": false,\r\n        \"mousewheelScroll\": false,\r\n        \"size\": \"aspectRatioOfFirstElement\",\r\n        \"slidesWidth\": \"null\",\r\n        \"transition\": \"sliding\",\r\n        \"loop\": \"1\",\r\n        \"spaceBetween\": 0,\r\n        \"captionsUnderSlides\": false,\r\n        \"autoplaySpeed\": 3000,\r\n        \"autoplayDelay\": 0,\r\n        \"transitionSpeed\": 300\r\n      },\r\n      \"carousel\": [\r\n        {\r\n          \"type\": \"img\",\r\n          \"attid\": 176,\r\n          \"cont\": \"\/wp-content\/uploads\/2025\/07\/MG_7863_X-Photo-Tiago-Casanova_final.jpg\",\r\n          \"sizes\": {\r\n            \"full\": \"\/wp-content\/uploads\/2025\/07\/MG_7863_X-Photo-Tiago-Casanova_final.jpg\",\r\n            \"_1280\": \"\/wp-content\/uploads\/2025\/07\/MG_7863_X-Photo-Tiago-Casanova_final-1280x853.jpg\",\r\n            \"_1024\": \"\/wp-content\/uploads\/2025\/07\/MG_7863_X-Photo-Tiago-Casanova_final-1024x683.jpg\",\r\n            \"_768\": \"\/wp-content\/uploads\/2025\/07\/MG_7863_X-Photo-Tiago-Casanova_final-768x512.jpg\",\r\n            \"_512\": \"\/wp-content\/uploads\/2025\/07\/MG_7863_X-Photo-Tiago-Casanova_final-512x341.jpg\",\r\n            \"_265\": \"\/wp-content\/uploads\/2025\/07\/MG_7863_X-Photo-Tiago-Casanova_final-265x177.jpg\"\r\n          },\r\n          \"w\": 1500,\r\n          \"h\": 1000,\r\n          \"ar\": 0.6666666666666666,\r\n          \"alt\": \"\",\r\n          \"caption\": \"\"\r\n        },\r\n        {\r\n          \"type\": \"img\",\r\n          \"attid\": 175,\r\n          \"cont\": \"\/wp-content\/uploads\/2025\/07\/MG_7857_X-Photo-Tiago-Casanova.jpg\",\r\n          \"sizes\": {\r\n            \"full\": \"\/wp-content\/uploads\/2025\/07\/MG_7857_X-Photo-Tiago-Casanova.jpg\",\r\n            \"_1280\": \"\/wp-content\/uploads\/2025\/07\/MG_7857_X-Photo-Tiago-Casanova-1280x1024.jpg\",\r\n            \"_1024\": \"\/wp-content\/uploads\/2025\/07\/MG_7857_X-Photo-Tiago-Casanova-1024x819.jpg\",\r\n            \"_768\": \"\/wp-content\/uploads\/2025\/07\/MG_7857_X-Photo-Tiago-Casanova-768x614.jpg\",\r\n            \"_512\": \"\/wp-content\/uploads\/2025\/07\/MG_7857_X-Photo-Tiago-Casanova-512x410.jpg\",\r\n            \"_265\": \"\/wp-content\/uploads\/2025\/07\/MG_7857_X-Photo-Tiago-Casanova-265x212.jpg\"\r\n          },\r\n          \"w\": 1300,\r\n          \"h\": 1040,\r\n          \"ar\": 0.8,\r\n          \"alt\": \"\",\r\n          \"caption\": \"<p class=\\\"_Small\\\"><span>\u00a9 Tiago Casanova<\/span><\/p>\"\r\n        },\r\n        {\r\n          \"type\": \"img\",\r\n          \"attid\": 177,\r\n          \"cont\": \"\/wp-content\/uploads\/2025\/07\/MG_7894_X-Photo-Tiago-Casanova_final.jpg\",\r\n          \"sizes\": {\r\n            \"full\": \"\/wp-content\/uploads\/2025\/07\/MG_7894_X-Photo-Tiago-Casanova_final.jpg\",\r\n            \"_1280\": \"\/wp-content\/uploads\/2025\/07\/MG_7894_X-Photo-Tiago-Casanova_final-1280x1024.jpg\",\r\n            \"_1024\": \"\/wp-content\/uploads\/2025\/07\/MG_7894_X-Photo-Tiago-Casanova_final-1024x819.jpg\",\r\n            \"_768\": \"\/wp-content\/uploads\/2025\/07\/MG_7894_X-Photo-Tiago-Casanova_final-768x614.jpg\",\r\n            \"_512\": \"\/wp-content\/uploads\/2025\/07\/MG_7894_X-Photo-Tiago-Casanova_final-512x410.jpg\",\r\n            \"_265\": \"\/wp-content\/uploads\/2025\/07\/MG_7894_X-Photo-Tiago-Casanova_final-265x212.jpg\"\r\n          },\r\n          \"w\": 1300,\r\n          \"h\": 1040,\r\n          \"ar\": 0.8,\r\n          \"alt\": \"\",\r\n          \"caption\": \"<p class=\\\"_Small\\\"><span>\u00a9 Tiago Casanova<\/span><\/p>\"\r\n        }\r\n      ],\r\n      \"absolute_position\": false,\r\n      \"textAnimation\": {\r\n        \"enableTextAnimation\": false\r\n      },\r\n      \"caption\": \"<p class=\\\"_Small\\\"><span>\u00a9 Tiago Casanova<\/span><\/p>\"\r\n    },\r\n    {\r\n      \"type\": \"text\",\r\n      \"cont\": \"<div data-collapsed=\\\"false\\\">\\n<div data-type=\\\"text\\\" data-yvel=\\\"1\\\">\\n<p class=\\\"_Default\\\">From March to September 2023, the preservation and valorization operation of the Porto Santo School, which took place between 2019 and 2021, was presented at Garagem Sul | CCB - Centro Cultural de Bel\u00e9m, in Lisbon, under the motto <a rel=\\\"noopener\\\" href=\\\"https:\/\/www.ccb.pt\/en\/evento\/escola-do-porto-santo\/2023-03-21\/\\\" target=\\\"_blank\\\">Porto Santo School: a work by Ra\u00fal Chor\u00e3o Ramalho<\/a>. The culmination of an immersive collaboration on the island of Porto Santo.<\/p>\\n<p class=\\\"_Default\\\">The exhibition presented the environment, the material, the habitat and the architecture of this unique work, along with a selection of works developed during artistic residencies there by visual artists Duarte Belo and Francisco Janes.<\/p>\\n<\/div>\\n<\/div>\",\r\n      \"align\": \"bottom\",\r\n      \"row\": 4,\r\n      \"col\": 0,\r\n      \"colspan\": 12,\r\n      \"offsetx\": 0,\r\n      \"offsety\": 0,\r\n      \"spaceabove\": 0,\r\n      \"spacebelow\": 0,\r\n      \"yvel\": 1,\r\n      \"push\": 0,\r\n      \"relid\": 10,\r\n      \"absolute_position\": false,\r\n      \"textAnimation\": {\r\n        \"enableTextAnimation\": false\r\n      }\r\n    },\r\n    {\r\n      \"type\": \"img\",\r\n      \"cont\": \"\/wp-content\/uploads\/2025\/07\/PT-AHU-CARTM-146-00060_m0001_derivada.jpg\",\r\n      \"align\": \"top\",\r\n      \"row\": 5,\r\n      \"col\": 2,\r\n      \"colspan\": 10,\r\n      \"offsetx\": 0,\r\n      \"offsety\": 0,\r\n      \"spaceabove\": 0,\r\n      \"spacebelow\": 0,\r\n      \"yvel\": 1,\r\n      \"push\": 2,\r\n      \"relid\": 27,\r\n      \"attid\": 186,\r\n      \"sizes\": {\r\n        \"full\": \"\/wp-content\/uploads\/2025\/07\/PT-AHU-CARTM-146-00060_m0001_derivada.jpg\"\r\n      },\r\n      \"w\": 9085,\r\n      \"h\": 6024,\r\n      \"ar\": 0.6630709961474959,\r\n      \"alt\": \"\",\r\n      \"absolute_position\": false,\r\n      \"textAnimation\": {\r\n        \"enableTextAnimation\": false\r\n      },\r\n      \"lightbox_caption\": \"<p class=\\\"_Small\\\">Handwritten cartography, historical land use plan of the island of Porto Santo<br \/>Courtesy: Arquivo Hist\u00f3rico Ultramarino (AHU)<\/p>\"\r\n    },\r\n    {\r\n      \"type\": \"img\",\r\n      \"cont\": \"\/wp-content\/uploads\/2025\/07\/RCR07588.jpg\",\r\n      \"align\": \"top\",\r\n      \"row\": 6,\r\n      \"col\": 0,\r\n      \"colspan\": 7,\r\n      \"offsetx\": 0,\r\n      \"offsety\": 0,\r\n      \"spaceabove\": 0,\r\n      \"spacebelow\": 0,\r\n      \"yvel\": 1,\r\n      \"push\": 0,\r\n      \"relid\": 28,\r\n      \"attid\": 194,\r\n      \"sizes\": {\r\n        \"full\": \"\/wp-content\/uploads\/2025\/07\/RCR07588.jpg\",\r\n        \"_1280\": \"\/wp-content\/uploads\/2025\/07\/RCR07588-1280x840.jpg\",\r\n        \"_1024\": \"\/wp-content\/uploads\/2025\/07\/RCR07588-1024x672.jpg\",\r\n        \"_768\": \"\/wp-content\/uploads\/2025\/07\/RCR07588-768x504.jpg\",\r\n        \"_512\": \"\/wp-content\/uploads\/2025\/07\/RCR07588-512x336.jpg\",\r\n        \"_265\": \"\/wp-content\/uploads\/2025\/07\/RCR07588-265x174.jpg\"\r\n      },\r\n      \"w\": 1500,\r\n      \"h\": 984,\r\n      \"ar\": 0.656,\r\n      \"alt\": \"\",\r\n      \"absolute_position\": false,\r\n      \"textAnimation\": {\r\n        \"enableTextAnimation\": false\r\n      },\r\n      \"lightbox_caption\": \"<p class=\\\"_Small\\\">Solar Study \u00a9 Ra\u00fal Chor\u00e3o Ramalho Architect<br \/>Courtesy: Sacav\u00e9m Fort Archive - SIPA<\/p>\",\r\n      \"frameOverflow\": \"\"\r\n    },\r\n    {\r\n      \"type\": \"img\",\r\n      \"cont\": \"\/wp-content\/uploads\/2025\/07\/RCR07589.jpg\",\r\n      \"align\": \"top\",\r\n      \"row\": 7,\r\n      \"col\": 0,\r\n      \"colspan\": 7,\r\n      \"offsetx\": 0,\r\n      \"offsety\": 0,\r\n      \"spaceabove\": 0,\r\n      \"spacebelow\": 0,\r\n      \"yvel\": 1,\r\n      \"push\": 0,\r\n      \"relid\": 22,\r\n      \"attid\": 178,\r\n      \"sizes\": {\r\n        \"full\": \"\/wp-content\/uploads\/2025\/07\/RCR07589.jpg\",\r\n        \"_1920\": \"\/wp-content\/uploads\/2025\/07\/RCR07589-1920x670.jpg\",\r\n        \"_1280\": \"\/wp-content\/uploads\/2025\/07\/RCR07589-1280x447.jpg\",\r\n        \"_1024\": \"\/wp-content\/uploads\/2025\/07\/RCR07589-1024x357.jpg\",\r\n        \"_768\": \"\/wp-content\/uploads\/2025\/07\/RCR07589-768x268.jpg\",\r\n        \"_512\": \"\/wp-content\/uploads\/2025\/07\/RCR07589-512x179.jpg\",\r\n        \"_265\": \"\/wp-content\/uploads\/2025\/07\/RCR07589-265x92.jpg\"\r\n      },\r\n      \"w\": 2000,\r\n      \"h\": 698,\r\n      \"ar\": 0.349,\r\n      \"alt\": \"\",\r\n      \"absolute_position\": false,\r\n      \"textAnimation\": {\r\n        \"enableTextAnimation\": false\r\n      },\r\n      \"lightbox_caption\": \"<p class=\\\"_Small\\\">Solar Study \u00a9 Ra\u00fal Chor\u00e3o Ramalho Architect<br \/>Courtesy: Sacav\u00e9m Fort Archive - SIPA<\/p>\"\r\n    },\r\n    {\r\n      \"type\": \"img\",\r\n      \"cont\": \"\/wp-content\/uploads\/2025\/07\/dg1178365.jpg\",\r\n      \"align\": \"top\",\r\n      \"row\": 8,\r\n      \"col\": 6,\r\n      \"colspan\": 5,\r\n      \"offsetx\": 0,\r\n      \"offsety\": 0,\r\n      \"spaceabove\": 0,\r\n      \"spacebelow\": 0,\r\n      \"yvel\": 1,\r\n      \"push\": 6,\r\n      \"relid\": 21,\r\n      \"attid\": 189,\r\n      \"sizes\": {\r\n        \"full\": \"\/wp-content\/uploads\/2025\/07\/dg1178365.jpg\",\r\n        \"_768\": \"\/wp-content\/uploads\/2025\/07\/dg1178365-768x512.jpg\",\r\n        \"_512\": \"\/wp-content\/uploads\/2025\/07\/dg1178365-512x342.jpg\",\r\n        \"_265\": \"\/wp-content\/uploads\/2025\/07\/dg1178365-265x177.jpg\"\r\n      },\r\n      \"w\": 961,\r\n      \"h\": 641,\r\n      \"ar\": 0.6670135275754423,\r\n      \"alt\": \"\",\r\n      \"absolute_position\": false,\r\n      \"textAnimation\": {\r\n        \"enableTextAnimation\": false\r\n      },\r\n      \"lightbox_caption\": \"<p class=\\\"_Small\\\">Bentonite, Porto Santo <span>\u00a9 Duarte Belo<\/span><\/p>\"\r\n    },\r\n    {\r\n      \"type\": \"img\",\r\n      \"cont\": \"\/wp-content\/uploads\/2025\/07\/dg1184778.jpg\",\r\n      \"align\": \"top\",\r\n      \"row\": 9,\r\n      \"col\": 6,\r\n      \"colspan\": 5,\r\n      \"offsetx\": 0,\r\n      \"offsety\": 0,\r\n      \"spaceabove\": 0,\r\n      \"spacebelow\": 0,\r\n      \"yvel\": 1,\r\n      \"push\": 6,\r\n      \"relid\": 8,\r\n      \"attid\": 190,\r\n      \"sizes\": {\r\n        \"full\": \"\/wp-content\/uploads\/2025\/07\/dg1184778.jpg\",\r\n        \"_768\": \"\/wp-content\/uploads\/2025\/07\/dg1184778-768x512.jpg\",\r\n        \"_512\": \"\/wp-content\/uploads\/2025\/07\/dg1184778-512x341.jpg\",\r\n        \"_265\": \"\/wp-content\/uploads\/2025\/07\/dg1184778-265x177.jpg\"\r\n      },\r\n      \"w\": 960,\r\n      \"h\": 640,\r\n      \"ar\": 0.6666666666666666,\r\n      \"alt\": \"\",\r\n      \"absolute_position\": false,\r\n      \"textAnimation\": {\r\n        \"enableTextAnimation\": false\r\n      },\r\n      \"lightbox_caption\": \"<p class=\\\"_Small\\\">Trachyte, Porto Santo<span> \u00a9 Duarte Belo<\/span><\/p>\"\r\n    },\r\n    {\r\n      \"type\": \"img\",\r\n      \"cont\": \"\/wp-content\/uploads\/2025\/07\/dg1187264.jpg\",\r\n      \"align\": \"top\",\r\n      \"row\": 10,\r\n      \"col\": 6,\r\n      \"colspan\": 5,\r\n      \"offsetx\": 0,\r\n      \"offsety\": 0,\r\n      \"spaceabove\": 0,\r\n      \"spacebelow\": 0,\r\n      \"yvel\": 1,\r\n      \"push\": 6,\r\n      \"relid\": 19,\r\n      \"attid\": 191,\r\n      \"sizes\": {\r\n        \"full\": \"\/wp-content\/uploads\/2025\/07\/dg1187264.jpg\",\r\n        \"_768\": \"\/wp-content\/uploads\/2025\/07\/dg1187264-768x512.jpg\",\r\n        \"_512\": \"\/wp-content\/uploads\/2025\/07\/dg1187264-512x341.jpg\",\r\n        \"_265\": \"\/wp-content\/uploads\/2025\/07\/dg1187264-265x177.jpg\"\r\n      },\r\n      \"w\": 960,\r\n      \"h\": 640,\r\n      \"ar\": 0.6666666666666666,\r\n      \"alt\": \"\",\r\n      \"absolute_position\": false,\r\n      \"textAnimation\": {\r\n        \"enableTextAnimation\": false\r\n      },\r\n      \"lightbox_caption\": \"<p class=\\\"_Small\\\">Basalt, Porto Santo<span> \u00a9 Duarte Belo<\/span><\/p>\"\r\n    },\r\n    {\r\n      \"type\": \"img\",\r\n      \"cont\": \"\/wp-content\/uploads\/2025\/07\/dg1187771.jpg\",\r\n      \"align\": \"top\",\r\n      \"row\": 11,\r\n      \"col\": 6,\r\n      \"colspan\": 5,\r\n      \"offsetx\": 0,\r\n      \"offsety\": 0,\r\n      \"spaceabove\": 0,\r\n      \"spacebelow\": 0,\r\n      \"yvel\": 1,\r\n      \"push\": 6,\r\n      \"relid\": 24,\r\n      \"attid\": 192,\r\n      \"sizes\": {\r\n        \"full\": \"\/wp-content\/uploads\/2025\/07\/dg1187771.jpg\",\r\n        \"_768\": \"\/wp-content\/uploads\/2025\/07\/dg1187771-768x512.jpg\",\r\n        \"_512\": \"\/wp-content\/uploads\/2025\/07\/dg1187771-512x341.jpg\",\r\n        \"_265\": \"\/wp-content\/uploads\/2025\/07\/dg1187771-265x177.jpg\"\r\n      },\r\n      \"w\": 960,\r\n      \"h\": 640,\r\n      \"ar\": 0.6666666666666666,\r\n      \"alt\": \"\",\r\n      \"absolute_position\": false,\r\n      \"textAnimation\": {\r\n        \"enableTextAnimation\": false\r\n      },\r\n      \"lightbox_caption\": \"<p class=\\\"_Small\\\">Limestone, Porto Santo<span> \u00a9 Duarte Belo<\/span><\/p>\"\r\n    },\r\n    {\r\n      \"type\": \"img\",\r\n      \"cont\": \"\/wp-content\/uploads\/2025\/07\/dg1188913.jpg\",\r\n      \"align\": \"top\",\r\n      \"row\": 12,\r\n      \"col\": 6,\r\n      \"colspan\": 5,\r\n      \"offsetx\": 0,\r\n      \"offsety\": 0,\r\n      \"spaceabove\": 0,\r\n      \"spacebelow\": 0,\r\n      \"yvel\": 1,\r\n      \"push\": 6,\r\n      \"relid\": 40,\r\n      \"attid\": 193,\r\n      \"sizes\": {\r\n        \"full\": \"\/wp-content\/uploads\/2025\/07\/dg1188913.jpg\",\r\n        \"_768\": \"\/wp-content\/uploads\/2025\/07\/dg1188913-768x512.jpg\",\r\n        \"_512\": \"\/wp-content\/uploads\/2025\/07\/dg1188913-512x341.jpg\",\r\n        \"_265\": \"\/wp-content\/uploads\/2025\/07\/dg1188913-265x177.jpg\"\r\n      },\r\n      \"w\": 960,\r\n      \"h\": 640,\r\n      \"ar\": 0.6666666666666666,\r\n      \"alt\": \"\",\r\n      \"absolute_position\": false,\r\n      \"textAnimation\": {\r\n        \"enableTextAnimation\": false\r\n      },\r\n      \"lightbox_caption\": \"<p class=\\\"_Small\\\">Sand, Porto Santo<span> \u00a9 Duarte Belo<\/span><\/p>\"\r\n    },\r\n    {\r\n      \"type\": \"img\",\r\n      \"cont\": \"\/wp-content\/uploads\/2025\/07\/ab8a76a991f84ac49b1bb83f2c2591af.jpg\",\r\n      \"align\": \"top\",\r\n      \"row\": 13,\r\n      \"col\": 0,\r\n      \"colspan\": 6,\r\n      \"offsetx\": 0,\r\n      \"offsety\": 0,\r\n      \"spaceabove\": 0,\r\n      \"spacebelow\": 0,\r\n      \"yvel\": 1,\r\n      \"push\": 0,\r\n      \"relid\": 20,\r\n      \"attid\": 188,\r\n      \"sizes\": {\r\n        \"full\": \"\/wp-content\/uploads\/2025\/07\/ab8a76a991f84ac49b1bb83f2c2591af.jpg\",\r\n        \"_265\": \"\/wp-content\/uploads\/2025\/07\/ab8a76a991f84ac49b1bb83f2c2591af-265x390.jpg\"\r\n      },\r\n      \"w\": 400,\r\n      \"h\": 589,\r\n      \"ar\": 1.4725,\r\n      \"alt\": \"\",\r\n      \"absolute_position\": false,\r\n      \"textAnimation\": {\r\n        \"enableTextAnimation\": false\r\n      },\r\n      \"lightbox_caption\": \"\"\r\n    },\r\n    {\r\n      \"type\": \"text\",\r\n      \"cont\": \"<p class=\\\"_Small\\\">Exhibition<br \/><br \/>Organization: Garagem Sul\u00a0 \/ Centro Cultural de Bel\u00e9m e Porta33<br \/>Curation: Madalena Vidigal e Diogo Amaro<br \/>Exhibition Design: Andr\u00e9 Tavares<br \/>Graphic Design: Macedo Cannat\u00e0<br \/>Translation and proofreading: Pedro<br \/>Morais; Jo\u00e3o Mo\u00e7o<br \/>Assembly: Maria Torrada<br \/>Audiovisual: Jo\u00e3o Tim\u00f3teo<br \/>Construction: Carpintauto; Felisberto Oliveira; J.C. Sampaio<br \/>Support: Secretaria Regional de Turismo e Cultura; Secretaria Regional das Finan\u00e7as; Secretaria Regional de Educa\u00e7\u00e3o, Ci\u00eancia e Tecnologia; C\u00e2mara Municipal do Funchal; C\u00e2mara Municipal do Porto Santo; Sociedade de Desenvolvimento do Porto Santo, SA; Instituto de Emprego da Madeira \u2014 IP-RAM; Tintas CIN; Plano Nacional das Artes<br \/><br \/><\/p>\\n<p class=\\\"_Small\\\">Publication<\/p>\\n<p class=\\\"_Small\\\">Author: Madalena Vidigal<span><br \/><\/span>Editor: Andr\u00e9 Tavares<br \/>Revision: Jo\u00e3o Mo\u00e7o<br \/>Translation: Justin Jaeckle<br \/>Graphic Design: Atelier Pedro Falc\u00e3o<br \/>Printing: Gr\u00e1fica Maiadouro, S.A.<br \/><br \/><\/p>\\n<p class=\\\"_Small\\\">Press<br \/><br \/><span><a rel=\\\"noopener\\\" href=\\\"https:\/\/koozarch.com\/interviews\/reinventing-the-classroom-past-present-and-future-of-school-architecture\\\" target=\\\"_blank\\\" data-id=\\\"0\\\">Koozarch \u2014 <em>Reinventing the classroom: past, present and future of school architecture<\/em><\/a><\/span><\/p>\",\r\n      \"align\": \"bottom\",\r\n      \"row\": 14,\r\n      \"col\": 0,\r\n      \"colspan\": 12,\r\n      \"offsetx\": 0,\r\n      \"offsety\": 0,\r\n      \"spaceabove\": 0,\r\n      \"spacebelow\": 0,\r\n      \"yvel\": 1,\r\n      \"push\": 0,\r\n      \"relid\": 15,\r\n      \"absolute_position\": false,\r\n      \"textAnimation\": {\r\n        \"enableTextAnimation\": false\r\n      }\r\n    },\r\n    {\r\n      \"type\": \"text\",\r\n      \"cont\": \"<p class=\\\"_Small\\\" style=\\\"text-align: left;\\\"><a class=\\\"layprevproject\\\" href=\\\"#layprevproject\\\">Previous project<\/a><\/p>\",\r\n      \"align\": \"bottom\",\r\n      \"row\": 15,\r\n      \"col\": 0,\r\n      \"colspan\": 6,\r\n      \"offsetx\": 0,\r\n      \"offsety\": 0,\r\n      \"spaceabove\": 0,\r\n      \"spacebelow\": 0,\r\n      \"yvel\": 1,\r\n      \"push\": 0,\r\n      \"relid\": 18,\r\n      \"absolute_position\": false,\r\n      \"textAnimation\": {\r\n        \"enableTextAnimation\": false\r\n      },\r\n      \"frameOverflow\": \"\"\r\n    },\r\n    {\r\n      \"type\": \"text\",\r\n      \"cont\": \"<p class=\\\"_Small\\\" style=\\\"text-align: right;\\\"><a class=\\\"laynextproject\\\" href=\\\"#laynextproject\\\">Next project<\/a><\/p>\",\r\n      \"align\": \"top\",\r\n      \"row\": 15,\r\n      \"col\": 6,\r\n      \"colspan\": 6,\r\n      \"offsetx\": 0,\r\n      \"offsety\": 0,\r\n      \"spaceabove\": 0,\r\n      \"spacebelow\": 0,\r\n      \"yvel\": 1,\r\n      \"push\": 0,\r\n      \"relid\": 17,\r\n      \"absolute_position\": false,\r\n      \"textAnimation\": {\r\n        \"enableTextAnimation\": false\r\n      }\r\n    }\r\n  ]\r\n}","_links":{"self":[{"href":"http:\/\/madalenavidigal.pt\/en\/wp-json\/wp\/v2\/posts\/171","targetHints":{"allow":["GET"]}}],"collection":[{"href":"http:\/\/madalenavidigal.pt\/en\/wp-json\/wp\/v2\/posts"}],"about":[{"href":"http:\/\/madalenavidigal.pt\/en\/wp-json\/wp\/v2\/types\/post"}],"author":[{"embeddable":true,"href":"http:\/\/madalenavidigal.pt\/en\/wp-json\/wp\/v2\/users\/1"}],"replies":[{"embeddable":true,"href":"http:\/\/madalenavidigal.pt\/en\/wp-json\/wp\/v2\/comments?post=171"}],"version-history":[{"count":0,"href":"http:\/\/madalenavidigal.pt\/en\/wp-json\/wp\/v2\/posts\/171\/revisions"}],"wp:featuredmedia":[{"embeddable":true,"href":"http:\/\/madalenavidigal.pt\/en\/wp-json\/wp\/v2\/media\/177"}],"wp:attachment":[{"href":"http:\/\/madalenavidigal.pt\/en\/wp-json\/wp\/v2\/media?parent=171"}],"wp:term":[{"taxonomy":"category","embeddable":true,"href":"http:\/\/madalenavidigal.pt\/en\/wp-json\/wp\/v2\/categories?post=171"},{"taxonomy":"post_tag","embeddable":true,"href":"http:\/\/madalenavidigal.pt\/en\/wp-json\/wp\/v2\/tags?post=171"}],"curies":[{"name":"wp","href":"https:\/\/api.w.org\/{rel}","templated":true}]}}