{"id":314,"date":"2026-03-07T17:14:25","date_gmt":"2026-03-07T17:14:25","guid":{"rendered":"https:\/\/madalenavidigal.pt\/escola-porto-santo-copy\/"},"modified":"2026-03-08T18:51:37","modified_gmt":"2026-03-08T18:51:37","slug":"escola-nazare","status":"publish","type":"post","link":"http:\/\/madalenavidigal.pt\/en\/escola-nazare\/","title":{"rendered":"Nazar\u00e9 School"},"content":{"rendered":"\n<p>Welcome to WordPress. This is your first post. Edit or delete it, then start writing!<\/p>\n","protected":false},"excerpt":{"rendered":"<p>Welcome to WordPress. This is your first post. Edit or delete it, then start writing!<\/p>\n","protected":false},"author":1,"featured_media":315,"comment_status":"closed","ping_status":"closed","sticky":false,"template":"","format":"standard","meta":[],"categories":[1],"tags":[12,9,5],"class_list":["post-314","post","type-post","status-publish","has-post-thumbnail","hentry","category-work","tag-communal","tag-educational","tag-studies"],"yoast_head":"<!-- This site is optimized with the Yoast SEO plugin v27.5 - https:\/\/yoast.com\/product\/yoast-seo-wordpress\/ -->\n<title>Nazar\u00e9 School &#8212; Madalena Vidigal<\/title>\n<meta name=\"description\" content=\"Projeto de conserva\u00e7\u00e3o e adapta\u00e7\u00e3o da Antiga Escola Prim\u00e1ria da Nazar\u00e9 (1963-66), originalmente dos Arquitectos Rui Goes Ferreira e Jos\u00e9 Mesquita de Oliveira, e atual Universidade S\u00e9nior do Funchal (trabalho em curso).\" \/>\n<meta name=\"robots\" content=\"index, follow, max-snippet:-1, max-image-preview:large, max-video-preview:-1\" \/>\n<link rel=\"canonical\" href=\"http:\/\/madalenavidigal.pt\/en\/escola-nazare\/\" \/>\n<meta property=\"og:locale\" content=\"en_US\" \/>\n<meta property=\"og:type\" content=\"article\" \/>\n<meta property=\"og:title\" content=\"Nazar\u00e9 School &#8212; Madalena Vidigal\" \/>\n<meta property=\"og:description\" content=\"Projeto de conserva\u00e7\u00e3o e adapta\u00e7\u00e3o da Antiga Escola Prim\u00e1ria da Nazar\u00e9 (1963-66), originalmente dos Arquitectos Rui Goes Ferreira e Jos\u00e9 Mesquita de Oliveira, e atual Universidade S\u00e9nior do Funchal (trabalho em curso).\" \/>\n<meta property=\"og:url\" content=\"http:\/\/madalenavidigal.pt\/en\/escola-nazare\/\" \/>\n<meta property=\"og:site_name\" content=\"Madalena Vidigal\" \/>\n<meta property=\"article:publisher\" content=\"https:\/\/www.facebook.com\/madalena.v.vieira\/\" \/>\n<meta property=\"article:author\" content=\"https:\/\/www.facebook.com\/madalena.v.vieira\/\" \/>\n<meta property=\"article:published_time\" content=\"2026-03-07T17:14:25+00:00\" \/>\n<meta property=\"article:modified_time\" content=\"2026-03-08T18:51:37+00:00\" \/>\n<meta property=\"og:image\" content=\"http:\/\/madalenavidigal.pt\/wp-content\/uploads\/2026\/03\/F1.jpg\" \/>\n\t<meta property=\"og:image:width\" content=\"1993\" \/>\n\t<meta property=\"og:image:height\" content=\"1269\" \/>\n\t<meta property=\"og:image:type\" content=\"image\/jpeg\" \/>\n<meta name=\"author\" content=\"admin8128\" \/>\n<meta name=\"twitter:card\" content=\"summary_large_image\" \/>\n<meta name=\"twitter:label1\" content=\"Written by\" \/>\n\t<meta name=\"twitter:data1\" content=\"admin8128\" \/>\n\t<meta name=\"twitter:label2\" content=\"Est. reading time\" \/>\n\t<meta name=\"twitter:data2\" content=\"2 minutes\" \/>\n<script type=\"application\/ld+json\" class=\"yoast-schema-graph\">{\"@context\":\"https:\\\/\\\/schema.org\",\"@graph\":[{\"@type\":\"Article\",\"@id\":\"http:\\\/\\\/madalenavidigal.pt\\\/en\\\/escola-nazare\\\/#article\",\"isPartOf\":{\"@id\":\"http:\\\/\\\/madalenavidigal.pt\\\/en\\\/escola-nazare\\\/\"},\"author\":{\"name\":\"admin8128\",\"@id\":\"http:\\\/\\\/madalenavidigal.pt\\\/en\\\/#\\\/schema\\\/person\\\/9a2f0ddf8d19d3e08eefd815a1444fdb\"},\"headline\":\"Nazar\u00e9 School\",\"datePublished\":\"2026-03-07T17:14:25+00:00\",\"dateModified\":\"2026-03-08T18:51:37+00:00\",\"mainEntityOfPage\":{\"@id\":\"http:\\\/\\\/madalenavidigal.pt\\\/en\\\/escola-nazare\\\/\"},\"wordCount\":22,\"publisher\":{\"@id\":\"http:\\\/\\\/madalenavidigal.pt\\\/en\\\/#\\\/schema\\\/person\\\/9a2f0ddf8d19d3e08eefd815a1444fdb\"},\"image\":{\"@id\":\"http:\\\/\\\/madalenavidigal.pt\\\/en\\\/escola-nazare\\\/#primaryimage\"},\"thumbnailUrl\":\"http:\\\/\\\/madalenavidigal.pt\\\/wp-content\\\/uploads\\\/2026\\\/03\\\/F1.jpg\",\"keywords\":[\"Communal\",\"Educational\",\"Studies\"],\"articleSection\":[\"Work\"],\"inLanguage\":\"en-US\"},{\"@type\":\"WebPage\",\"@id\":\"http:\\\/\\\/madalenavidigal.pt\\\/en\\\/escola-nazare\\\/\",\"url\":\"http:\\\/\\\/madalenavidigal.pt\\\/en\\\/escola-nazare\\\/\",\"name\":\"Nazar\u00e9 School &#8212; Madalena Vidigal\",\"isPartOf\":{\"@id\":\"http:\\\/\\\/madalenavidigal.pt\\\/en\\\/#website\"},\"primaryImageOfPage\":{\"@id\":\"http:\\\/\\\/madalenavidigal.pt\\\/en\\\/escola-nazare\\\/#primaryimage\"},\"image\":{\"@id\":\"http:\\\/\\\/madalenavidigal.pt\\\/en\\\/escola-nazare\\\/#primaryimage\"},\"thumbnailUrl\":\"http:\\\/\\\/madalenavidigal.pt\\\/wp-content\\\/uploads\\\/2026\\\/03\\\/F1.jpg\",\"datePublished\":\"2026-03-07T17:14:25+00:00\",\"dateModified\":\"2026-03-08T18:51:37+00:00\",\"description\":\"Projeto de conserva\u00e7\u00e3o e adapta\u00e7\u00e3o da Antiga Escola Prim\u00e1ria da Nazar\u00e9 (1963-66), originalmente dos Arquitectos Rui Goes Ferreira e Jos\u00e9 Mesquita de Oliveira, e atual Universidade S\u00e9nior do Funchal (trabalho em curso).\",\"breadcrumb\":{\"@id\":\"http:\\\/\\\/madalenavidigal.pt\\\/en\\\/escola-nazare\\\/#breadcrumb\"},\"inLanguage\":\"en-US\",\"potentialAction\":[{\"@type\":\"ReadAction\",\"target\":[[\"http:\\\/\\\/madalenavidigal.pt\\\/en\\\/escola-nazare\\\/\"]]}]},{\"@type\":\"ImageObject\",\"inLanguage\":\"en-US\",\"@id\":\"http:\\\/\\\/madalenavidigal.pt\\\/en\\\/escola-nazare\\\/#primaryimage\",\"url\":\"http:\\\/\\\/madalenavidigal.pt\\\/wp-content\\\/uploads\\\/2026\\\/03\\\/F1.jpg\",\"contentUrl\":\"http:\\\/\\\/madalenavidigal.pt\\\/wp-content\\\/uploads\\\/2026\\\/03\\\/F1.jpg\",\"width\":1993,\"height\":1269},{\"@type\":\"BreadcrumbList\",\"@id\":\"http:\\\/\\\/madalenavidigal.pt\\\/en\\\/escola-nazare\\\/#breadcrumb\",\"itemListElement\":[{\"@type\":\"ListItem\",\"position\":1,\"name\":\"In\u00edcio\",\"item\":\"http:\\\/\\\/madalenavidigal.pt\\\/en\\\/\"},{\"@type\":\"ListItem\",\"position\":2,\"name\":\"Nazar\u00e9 School\"}]},{\"@type\":\"WebSite\",\"@id\":\"http:\\\/\\\/madalenavidigal.pt\\\/en\\\/#website\",\"url\":\"http:\\\/\\\/madalenavidigal.pt\\\/en\\\/\",\"name\":\"Madalena Vidigal | Architect & Independent Researcher\",\"description\":\"Architect and independent researcher based in Portugal. Exploring legacy, communality &amp; sufficiency through collaborative projects, exhibitions &amp; ecological building.\",\"publisher\":{\"@id\":\"http:\\\/\\\/madalenavidigal.pt\\\/en\\\/#\\\/schema\\\/person\\\/9a2f0ddf8d19d3e08eefd815a1444fdb\"},\"potentialAction\":[{\"@type\":\"SearchAction\",\"target\":{\"@type\":\"EntryPoint\",\"urlTemplate\":\"http:\\\/\\\/madalenavidigal.pt\\\/en\\\/?s={search_term_string}\"},\"query-input\":{\"@type\":\"PropertyValueSpecification\",\"valueRequired\":true,\"valueName\":\"search_term_string\"}}],\"inLanguage\":\"en-US\"},{\"@type\":[\"Person\",\"Organization\"],\"@id\":\"http:\\\/\\\/madalenavidigal.pt\\\/en\\\/#\\\/schema\\\/person\\\/9a2f0ddf8d19d3e08eefd815a1444fdb\",\"name\":\"admin8128\",\"image\":{\"@type\":\"ImageObject\",\"inLanguage\":\"en-US\",\"@id\":\"http:\\\/\\\/madalenavidigal.pt\\\/wp-content\\\/uploads\\\/2025\\\/06\\\/Madalena-Vidigal-Portrait.jpg\",\"url\":\"http:\\\/\\\/madalenavidigal.pt\\\/wp-content\\\/uploads\\\/2025\\\/06\\\/Madalena-Vidigal-Portrait.jpg\",\"contentUrl\":\"http:\\\/\\\/madalenavidigal.pt\\\/wp-content\\\/uploads\\\/2025\\\/06\\\/Madalena-Vidigal-Portrait.jpg\",\"width\":1228,\"height\":1818,\"caption\":\"admin8128\"},\"logo\":{\"@id\":\"http:\\\/\\\/madalenavidigal.pt\\\/wp-content\\\/uploads\\\/2025\\\/06\\\/Madalena-Vidigal-Portrait.jpg\"},\"sameAs\":[\"http:\\\/\\\/madalenavidigal.pt\",\"https:\\\/\\\/www.facebook.com\\\/madalena.v.vieira\\\/\",\"https:\\\/\\\/www.instagram.com\\\/mvidigalvieira\\\/\",\"https:\\\/\\\/www.linkedin.com\\\/in\\\/madalena-vidigal\\\/\"],\"url\":\"http:\\\/\\\/madalenavidigal.pt\\\/en\\\/author\\\/admin8128\\\/\"}]}<\/script>\n<!-- \/ Yoast SEO plugin. -->","yoast_head_json":{"title":"Nazar\u00e9 School &#8212; Madalena Vidigal","description":"Projeto de conserva\u00e7\u00e3o e adapta\u00e7\u00e3o da Antiga Escola Prim\u00e1ria da Nazar\u00e9 (1963-66), originalmente dos Arquitectos Rui Goes Ferreira e Jos\u00e9 Mesquita de Oliveira, e atual Universidade S\u00e9nior do Funchal (trabalho em curso).","robots":{"index":"index","follow":"follow","max-snippet":"max-snippet:-1","max-image-preview":"max-image-preview:large","max-video-preview":"max-video-preview:-1"},"canonical":"http:\/\/madalenavidigal.pt\/en\/escola-nazare\/","og_locale":"en_US","og_type":"article","og_title":"Nazar\u00e9 School &#8212; Madalena Vidigal","og_description":"Projeto de conserva\u00e7\u00e3o e adapta\u00e7\u00e3o da Antiga Escola Prim\u00e1ria da Nazar\u00e9 (1963-66), originalmente dos Arquitectos Rui Goes Ferreira e Jos\u00e9 Mesquita de Oliveira, e atual Universidade S\u00e9nior do Funchal (trabalho em curso).","og_url":"http:\/\/madalenavidigal.pt\/en\/escola-nazare\/","og_site_name":"Madalena Vidigal","article_publisher":"https:\/\/www.facebook.com\/madalena.v.vieira\/","article_author":"https:\/\/www.facebook.com\/madalena.v.vieira\/","article_published_time":"2026-03-07T17:14:25+00:00","article_modified_time":"2026-03-08T18:51:37+00:00","og_image":[{"width":1993,"height":1269,"url":"http:\/\/madalenavidigal.pt\/wp-content\/uploads\/2026\/03\/F1.jpg","type":"image\/jpeg"}],"author":"admin8128","twitter_card":"summary_large_image","twitter_misc":{"Written by":"admin8128","Est. reading time":"2 minutes"},"schema":{"@context":"https:\/\/schema.org","@graph":[{"@type":"Article","@id":"http:\/\/madalenavidigal.pt\/en\/escola-nazare\/#article","isPartOf":{"@id":"http:\/\/madalenavidigal.pt\/en\/escola-nazare\/"},"author":{"name":"admin8128","@id":"http:\/\/madalenavidigal.pt\/en\/#\/schema\/person\/9a2f0ddf8d19d3e08eefd815a1444fdb"},"headline":"Nazar\u00e9 School","datePublished":"2026-03-07T17:14:25+00:00","dateModified":"2026-03-08T18:51:37+00:00","mainEntityOfPage":{"@id":"http:\/\/madalenavidigal.pt\/en\/escola-nazare\/"},"wordCount":22,"publisher":{"@id":"http:\/\/madalenavidigal.pt\/en\/#\/schema\/person\/9a2f0ddf8d19d3e08eefd815a1444fdb"},"image":{"@id":"http:\/\/madalenavidigal.pt\/en\/escola-nazare\/#primaryimage"},"thumbnailUrl":"http:\/\/madalenavidigal.pt\/wp-content\/uploads\/2026\/03\/F1.jpg","keywords":["Communal","Educational","Studies"],"articleSection":["Work"],"inLanguage":"en-US"},{"@type":"WebPage","@id":"http:\/\/madalenavidigal.pt\/en\/escola-nazare\/","url":"http:\/\/madalenavidigal.pt\/en\/escola-nazare\/","name":"Nazar\u00e9 School &#8212; Madalena Vidigal","isPartOf":{"@id":"http:\/\/madalenavidigal.pt\/en\/#website"},"primaryImageOfPage":{"@id":"http:\/\/madalenavidigal.pt\/en\/escola-nazare\/#primaryimage"},"image":{"@id":"http:\/\/madalenavidigal.pt\/en\/escola-nazare\/#primaryimage"},"thumbnailUrl":"http:\/\/madalenavidigal.pt\/wp-content\/uploads\/2026\/03\/F1.jpg","datePublished":"2026-03-07T17:14:25+00:00","dateModified":"2026-03-08T18:51:37+00:00","description":"Projeto de conserva\u00e7\u00e3o e adapta\u00e7\u00e3o da Antiga Escola Prim\u00e1ria da Nazar\u00e9 (1963-66), originalmente dos Arquitectos Rui Goes Ferreira e Jos\u00e9 Mesquita de Oliveira, e atual Universidade S\u00e9nior do Funchal (trabalho em curso).","breadcrumb":{"@id":"http:\/\/madalenavidigal.pt\/en\/escola-nazare\/#breadcrumb"},"inLanguage":"en-US","potentialAction":[{"@type":"ReadAction","target":[["http:\/\/madalenavidigal.pt\/en\/escola-nazare\/"]]}]},{"@type":"ImageObject","inLanguage":"en-US","@id":"http:\/\/madalenavidigal.pt\/en\/escola-nazare\/#primaryimage","url":"http:\/\/madalenavidigal.pt\/wp-content\/uploads\/2026\/03\/F1.jpg","contentUrl":"http:\/\/madalenavidigal.pt\/wp-content\/uploads\/2026\/03\/F1.jpg","width":1993,"height":1269},{"@type":"BreadcrumbList","@id":"http:\/\/madalenavidigal.pt\/en\/escola-nazare\/#breadcrumb","itemListElement":[{"@type":"ListItem","position":1,"name":"In\u00edcio","item":"http:\/\/madalenavidigal.pt\/en\/"},{"@type":"ListItem","position":2,"name":"Nazar\u00e9 School"}]},{"@type":"WebSite","@id":"http:\/\/madalenavidigal.pt\/en\/#website","url":"http:\/\/madalenavidigal.pt\/en\/","name":"Madalena Vidigal | Architect & Independent Researcher","description":"Architect and independent researcher based in Portugal. Exploring legacy, communality &amp; sufficiency through collaborative projects, exhibitions &amp; ecological building.","publisher":{"@id":"http:\/\/madalenavidigal.pt\/en\/#\/schema\/person\/9a2f0ddf8d19d3e08eefd815a1444fdb"},"potentialAction":[{"@type":"SearchAction","target":{"@type":"EntryPoint","urlTemplate":"http:\/\/madalenavidigal.pt\/en\/?s={search_term_string}"},"query-input":{"@type":"PropertyValueSpecification","valueRequired":true,"valueName":"search_term_string"}}],"inLanguage":"en-US"},{"@type":["Person","Organization"],"@id":"http:\/\/madalenavidigal.pt\/en\/#\/schema\/person\/9a2f0ddf8d19d3e08eefd815a1444fdb","name":"admin8128","image":{"@type":"ImageObject","inLanguage":"en-US","@id":"http:\/\/madalenavidigal.pt\/wp-content\/uploads\/2025\/06\/Madalena-Vidigal-Portrait.jpg","url":"http:\/\/madalenavidigal.pt\/wp-content\/uploads\/2025\/06\/Madalena-Vidigal-Portrait.jpg","contentUrl":"http:\/\/madalenavidigal.pt\/wp-content\/uploads\/2025\/06\/Madalena-Vidigal-Portrait.jpg","width":1228,"height":1818,"caption":"admin8128"},"logo":{"@id":"http:\/\/madalenavidigal.pt\/wp-content\/uploads\/2025\/06\/Madalena-Vidigal-Portrait.jpg"},"sameAs":["http:\/\/madalenavidigal.pt","https:\/\/www.facebook.com\/madalena.v.vieira\/","https:\/\/www.instagram.com\/mvidigalvieira\/","https:\/\/www.linkedin.com\/in\/madalena-vidigal\/"],"url":"http:\/\/madalenavidigal.pt\/en\/author\/admin8128\/"}]}},"grid":"{\"colCount\":10,\"colGutter\":0,\"rowGutters\":[0,125,125,125],\"frameMargin\":5,\"leftFrameMargin\":25,\"rightFrameMargin\":25,\"topFrameMargin\":25,\"horizontalGrid\":{\"show\":false,\"space\":1,\"mu\":\"%\"},\"mus\":{\"colGutterMu\":\"px\",\"rowGutterMu\":\"px\",\"topFrameMu\":\"px\",\"bottomFrameMu\":\"px\",\"frameMu\":\"px\"},\"bottomFrameMargin\":50,\"rowAttrs\":[{\"relid\":4},{\"relid\":1},{\"relid\":31},{\"relid\":9},{\"relid\":11}],\"bgColor\":null,\"bgImage\":null,\"cont\":[{\"type\":\"text\",\"cont\":\"<p style=\\\"text-align: center;\\\">Studies<\/p>\",\"align\":\"top\",\"row\":0,\"col\":4,\"colspan\":1,\"offsetx\":0,\"offsety\":0,\"spaceabove\":0,\"spacebelow\":0,\"yvel\":1,\"push\":4,\"relid\":5,\"absolute_position\":false,\"textAnimation\":{\"enableTextAnimation\":false},\"bgColor\":{\"enableBgColor\":true,\"bgColor\":\"#FFBC44\",\"bgOpacity\":100}},{\"type\":\"text\",\"cont\":\"<p style=\\\"text-align: center;\\\">Educational<\/p>\",\"align\":\"top\",\"row\":0,\"col\":5,\"colspan\":1,\"offsetx\":0,\"offsety\":0,\"spaceabove\":0,\"spacebelow\":0,\"yvel\":1,\"push\":0,\"relid\":12,\"absolute_position\":false,\"textAnimation\":{\"enableTextAnimation\":false},\"bgColor\":{\"enableBgColor\":true,\"bgColor\":\"#A33F3F\",\"bgOpacity\":100}},{\"type\":\"text\",\"cont\":\"<p style=\\\"text-align: center;\\\">Communal<\/p>\",\"align\":\"top\",\"row\":0,\"col\":6,\"colspan\":1,\"offsetx\":0,\"offsety\":0,\"spaceabove\":0,\"spacebelow\":0,\"yvel\":1,\"push\":0,\"relid\":50,\"absolute_position\":false,\"textAnimation\":{\"enableTextAnimation\":false},\"bgColor\":{\"enableBgColor\":true,\"bgColor\":\"#5B8F95\",\"bgOpacity\":100}},{\"type\":\"text\",\"cont\":\"<p class=\\\"_Big\\\">Nazar\\u00e9 School<\/p>\\n<p class=\\\"_Default\\\">with Teresa Goes Ferreira and Baixa Atelier<\/p>\",\"align\":\"top\",\"row\":1,\"col\":0,\"colspan\":5,\"offsetx\":0,\"offsety\":0,\"spaceabove\":0,\"spacebelow\":0,\"yvel\":1,\"push\":0,\"relid\":2,\"absolute_position\":false},{\"type\":\"text\",\"cont\":\"<div data-collapsed=\\\"false\\\">\\n<div>\\n<div>\\n<div data-type=\\\"text\\\" data-yvel=\\\"1\\\">\\n<div>\\n<p class=\\\"_Small\\\" style=\\\"text-align: right;\\\"><span>October 2025 -<\/span><\/p>\\n<\/div>\\n<\/div>\\n<\/div>\\n<\/div>\\n<\/div>\",\"align\":\"top\",\"row\":1,\"col\":5,\"colspan\":5,\"offsetx\":0,\"offsety\":0,\"spaceabove\":0,\"spacebelow\":0,\"yvel\":1,\"push\":0,\"relid\":3,\"absolute_position\":false,\"textAnimation\":{\"enableTextAnimation\":false}},{\"type\":\"carousel\",\"cont\":\"\",\"align\":\"top\",\"row\":2,\"col\":1,\"colspan\":8,\"offsetx\":0,\"offsety\":0,\"spaceabove\":0,\"spacebelow\":0,\"yvel\":1,\"push\":1,\"relid\":32,\"carousel_options\":{\"random\":false,\"autoplay\":false,\"showMultipleSlides\":false,\"freeScroll\":false,\"mousewheelScroll\":false,\"size\":\"aspectRatioOfFirstElement\",\"slidesWidth\":\"null\",\"transition\":\"sliding\",\"loop\":\"1\",\"spaceBetween\":0,\"captionsUnderSlides\":false,\"autoplaySpeed\":3000,\"autoplayDelay\":0,\"transitionSpeed\":300},\"carousel\":[{\"type\":\"img\",\"attid\":317,\"cont\":\"\/wp-content\/uploads\/2026\/03\/F1-1.jpg\",\"sizes\":{\"full\":\"\/wp-content\/uploads\/2026\/03\/F1-1.jpg\",\"_1280\":\"\/wp-content\/uploads\/2026\/03\/F1-1-1280x854.jpg\",\"_1024\":\"\/wp-content\/uploads\/2026\/03\/F1-1-1024x683.jpg\",\"_768\":\"\/wp-content\/uploads\/2026\/03\/F1-1-768x512.jpg\",\"_512\":\"\/wp-content\/uploads\/2026\/03\/F1-1-512x341.jpg\",\"_265\":\"\/wp-content\/uploads\/2026\/03\/F1-1-265x177.jpg\"},\"w\":1903,\"h\":1269,\"ar\":0.6668418286915396,\"alt\":\"\",\"caption\":\"<p>.<\/p>\"},{\"type\":\"img\",\"attid\":318,\"cont\":\"\/wp-content\/uploads\/2026\/03\/F4_small.jpg\",\"sizes\":{\"full\":\"\/wp-content\/uploads\/2026\/03\/F4_small.jpg\",\"_1920\":\"\/wp-content\/uploads\/2026\/03\/F4_small-1920x1280.jpg\",\"_1280\":\"\/wp-content\/uploads\/2026\/03\/F4_small-1280x854.jpg\",\"_1024\":\"\/wp-content\/uploads\/2026\/03\/F4_small-1024x683.jpg\",\"_768\":\"\/wp-content\/uploads\/2026\/03\/F4_small-768x512.jpg\",\"_512\":\"\/wp-content\/uploads\/2026\/03\/F4_small-512x341.jpg\",\"_265\":\"\/wp-content\/uploads\/2026\/03\/F4_small-265x177.jpg\"},\"w\":2362,\"h\":1575,\"ar\":0.6668077900084673,\"alt\":\"\",\"caption\":\"<p class=\\\"_Small\\\"><span>\\u00a9<span>\\u00a0<\/span><\/span><span>Duarte Belo<\/span><\/p>\"}],\"absolute_position\":false,\"textAnimation\":{\"enableTextAnimation\":false},\"caption\":\"<p class=\\\"_Small\\\"><span>\\u00a9 <\/span>Duarte Belo<\/p>\"},{\"type\":\"text\",\"cont\":\"<div data-collapsed=\\\"false\\\">\\n<div data-type=\\\"text\\\" data-yvel=\\\"1\\\">\\n<p class=\\\"_Default\\\">Conservation and adaptation of the Old Nazar\\u00e9 Primary School (1963-66) by architects Rui Goes Ferreira and Jos\\u00e9 Mesquita de Oliveira, currently the Funchal Senior University (work in progress).<\/p>\\n<\/div>\\n<\/div>\",\"align\":\"top\",\"row\":3,\"col\":1,\"colspan\":4,\"offsetx\":0,\"offsety\":0,\"spaceabove\":0,\"spacebelow\":0,\"yvel\":1,\"push\":1,\"relid\":10,\"absolute_position\":false,\"textAnimation\":{\"enableTextAnimation\":false}},{\"type\":\"text\",\"cont\":\"<p class=\\\"_Small\\\" style=\\\"text-align: left;\\\"><a class=\\\"layprevproject\\\" href=\\\"#layprevproject\\\">Previous project<\/a><\/p>\",\"align\":\"bottom\",\"row\":4,\"col\":0,\"colspan\":2,\"offsetx\":0,\"offsety\":0,\"spaceabove\":0,\"spacebelow\":0,\"yvel\":1,\"push\":0,\"relid\":18,\"absolute_position\":false,\"textAnimation\":{\"enableTextAnimation\":false}},{\"type\":\"text\",\"cont\":\"<p class=\\\"_Small\\\" style=\\\"text-align: right;\\\"><a class=\\\"laynextproject\\\" href=\\\"#laynextproject\\\">Next project<\/a><\/p>\",\"align\":\"bottom\",\"row\":4,\"col\":7,\"colspan\":3,\"offsetx\":0,\"offsety\":0,\"spaceabove\":0,\"spacebelow\":0,\"yvel\":1,\"push\":5,\"relid\":17,\"absolute_position\":false,\"textAnimation\":{\"enableTextAnimation\":false},\"frameOverflow\":\"\"}]}","phonegrid":"{\"colCount\":12,\"colGutter\":0,\"rowGutters\":[0,0,75,75,75,75,75],\"frameMargin\":5,\"leftFrameMargin\":25,\"rightFrameMargin\":25,\"topFrameMargin\":55,\"mus\":{\"colGutterMu\":\"px\",\"rowGutterMu\":\"px\",\"topFrameMu\":\"px\",\"bottomFrameMu\":\"px\",\"frameMu\":\"px\"},\"bottomFrameMargin\":25,\"rowAttrs\":[{\"relid\":7},{\"relid\":13},{\"relid\":59},{\"relid\":29},{\"relid\":30},{\"relid\":33},{\"relid\":34},{\"relid\":45}],\"bgColor\":null,\"bgImage\":null,\"cont\":[{\"type\":\"text\",\"cont\":\"<p style=\\\"text-align: center;\\\">Studies<\/p>\",\"align\":\"bottom\",\"row\":0,\"col\":0,\"colspan\":6,\"offsetx\":0,\"offsety\":0,\"spaceabove\":0,\"spacebelow\":0,\"yvel\":1,\"push\":0,\"relid\":5,\"absolute_position\":false,\"textAnimation\":{\"enableTextAnimation\":false},\"bgColor\":{\"enableBgColor\":true,\"bgColor\":\"#FFBC44\",\"bgOpacity\":100},\"frameOverflow\":\"\"},{\"type\":\"text\",\"cont\":\"<p style=\\\"text-align: center;\\\">Communal<\/p>\",\"align\":\"top\",\"row\":0,\"col\":6,\"colspan\":6,\"offsetx\":0,\"offsety\":0,\"spaceabove\":0,\"spacebelow\":0,\"yvel\":1,\"push\":0,\"relid\":50,\"absolute_position\":false,\"textAnimation\":{\"enableTextAnimation\":false},\"bgColor\":{\"enableBgColor\":true,\"bgColor\":\"#5B8F95\",\"bgOpacity\":100}},{\"type\":\"text\",\"cont\":\"<p style=\\\"text-align: center;\\\">Educational<\/p>\",\"align\":\"top\",\"row\":1,\"col\":0,\"colspan\":6,\"offsetx\":0,\"offsety\":0,\"spaceabove\":0,\"spacebelow\":0,\"yvel\":1,\"push\":0,\"relid\":12,\"absolute_position\":false,\"textAnimation\":{\"enableTextAnimation\":false},\"bgColor\":{\"enableBgColor\":true,\"bgColor\":\"#A33F3F\",\"bgOpacity\":100}},{\"type\":\"text\",\"cont\":\"<p class=\\\"_Big\\\">Nazar\\u00e9 School<\/p>\\n<p class=\\\"_Default\\\">with Teresa Goes Ferreira and Baixa Atelier<\/p>\",\"align\":\"top\",\"row\":3,\"col\":0,\"colspan\":12,\"offsetx\":0,\"offsety\":0,\"spaceabove\":0,\"spacebelow\":0,\"yvel\":1,\"push\":0,\"relid\":2,\"absolute_position\":false},{\"type\":\"text\",\"cont\":\"<div data-collapsed=\\\"false\\\">\\n<div>\\n<div>\\n<div data-type=\\\"text\\\" data-yvel=\\\"1\\\">\\n<div>\\n<p class=\\\"_Small\\\" style=\\\"text-align: right;\\\"><span>October 2025 -<\/span><\/p>\\n<\/div>\\n<\/div>\\n<\/div>\\n<\/div>\\n<\/div>\",\"align\":\"bottom\",\"row\":4,\"col\":0,\"colspan\":12,\"offsetx\":0,\"offsety\":0,\"spaceabove\":0,\"spacebelow\":0,\"yvel\":1,\"push\":0,\"relid\":3,\"absolute_position\":false,\"textAnimation\":{\"enableTextAnimation\":false}},{\"type\":\"carousel\",\"cont\":\"\",\"align\":\"top\",\"row\":5,\"col\":0,\"colspan\":12,\"offsetx\":0,\"offsety\":0,\"spaceabove\":0,\"spacebelow\":0,\"yvel\":1,\"push\":0,\"relid\":32,\"carousel_options\":{\"random\":false,\"autoplay\":false,\"showMultipleSlides\":false,\"freeScroll\":false,\"mousewheelScroll\":false,\"size\":\"aspectRatioOfFirstElement\",\"slidesWidth\":\"null\",\"transition\":\"sliding\",\"loop\":\"1\",\"spaceBetween\":0,\"captionsUnderSlides\":false,\"autoplaySpeed\":3000,\"autoplayDelay\":0,\"transitionSpeed\":300},\"carousel\":[{\"type\":\"img\",\"attid\":317,\"cont\":\"\/wp-content\/uploads\/2026\/03\/F1-1.jpg\",\"sizes\":{\"full\":\"\/wp-content\/uploads\/2026\/03\/F1-1.jpg\",\"_1280\":\"\/wp-content\/uploads\/2026\/03\/F1-1-1280x854.jpg\",\"_1024\":\"\/wp-content\/uploads\/2026\/03\/F1-1-1024x683.jpg\",\"_768\":\"\/wp-content\/uploads\/2026\/03\/F1-1-768x512.jpg\",\"_512\":\"\/wp-content\/uploads\/2026\/03\/F1-1-512x341.jpg\",\"_265\":\"\/wp-content\/uploads\/2026\/03\/F1-1-265x177.jpg\"},\"w\":1903,\"h\":1269,\"ar\":0.6668418286915396,\"alt\":\"\",\"caption\":\"<p>.<\/p>\"},{\"type\":\"img\",\"attid\":318,\"cont\":\"\/wp-content\/uploads\/2026\/03\/F4_small.jpg\",\"sizes\":{\"full\":\"\/wp-content\/uploads\/2026\/03\/F4_small.jpg\",\"_1920\":\"\/wp-content\/uploads\/2026\/03\/F4_small-1920x1280.jpg\",\"_1280\":\"\/wp-content\/uploads\/2026\/03\/F4_small-1280x854.jpg\",\"_1024\":\"\/wp-content\/uploads\/2026\/03\/F4_small-1024x683.jpg\",\"_768\":\"\/wp-content\/uploads\/2026\/03\/F4_small-768x512.jpg\",\"_512\":\"\/wp-content\/uploads\/2026\/03\/F4_small-512x341.jpg\",\"_265\":\"\/wp-content\/uploads\/2026\/03\/F4_small-265x177.jpg\"},\"w\":2362,\"h\":1575,\"ar\":0.6668077900084673,\"alt\":\"\",\"caption\":\"<p class=\\\"_Small\\\"><span>\\u00a9<span>\\u00a0<\/span><\/span><span>Duarte Belo<\/span><\/p>\"}],\"absolute_position\":false,\"textAnimation\":{\"enableTextAnimation\":false},\"caption\":\"<p class=\\\"_Small\\\"><span>\\u00a9 <\/span>Duarte Belo<\/p>\"},{\"type\":\"text\",\"cont\":\"<div data-collapsed=\\\"false\\\">\\n<div data-type=\\\"text\\\" data-yvel=\\\"1\\\">\\n<p class=\\\"_Default\\\">Conservation and adaptation of the Old Nazar\\u00e9 Primary School (1963-66) by architects Rui Goes Ferreira and Jos\\u00e9 Mesquita de Oliveira, currently the Funchal Senior University (work in progress).<\/p>\\n<\/div>\\n<\/div>\",\"align\":\"bottom\",\"row\":6,\"col\":0,\"colspan\":12,\"offsetx\":0,\"offsety\":0,\"spaceabove\":0,\"spacebelow\":0,\"yvel\":1,\"push\":0,\"relid\":10,\"absolute_position\":false,\"textAnimation\":{\"enableTextAnimation\":false}},{\"type\":\"text\",\"cont\":\"<p class=\\\"_Small\\\" style=\\\"text-align: left;\\\"><a class=\\\"layprevproject\\\" href=\\\"#layprevproject\\\">Previous project<\/a><\/p>\",\"align\":\"bottom\",\"row\":7,\"col\":0,\"colspan\":6,\"offsetx\":0,\"offsety\":0,\"spaceabove\":0,\"spacebelow\":0,\"yvel\":1,\"push\":0,\"relid\":18,\"absolute_position\":false,\"textAnimation\":{\"enableTextAnimation\":false},\"frameOverflow\":\"\"},{\"type\":\"text\",\"cont\":\"<p class=\\\"_Small\\\" style=\\\"text-align: right;\\\"><a class=\\\"laynextproject\\\" href=\\\"#laynextproject\\\">Next project<\/a><\/p>\",\"align\":\"top\",\"row\":7,\"col\":6,\"colspan\":6,\"offsetx\":0,\"offsety\":0,\"spaceabove\":0,\"spacebelow\":0,\"yvel\":1,\"push\":0,\"relid\":17,\"absolute_position\":false,\"textAnimation\":{\"enableTextAnimation\":false}}]}","_links":{"self":[{"href":"http:\/\/madalenavidigal.pt\/en\/wp-json\/wp\/v2\/posts\/314","targetHints":{"allow":["GET"]}}],"collection":[{"href":"http:\/\/madalenavidigal.pt\/en\/wp-json\/wp\/v2\/posts"}],"about":[{"href":"http:\/\/madalenavidigal.pt\/en\/wp-json\/wp\/v2\/types\/post"}],"author":[{"embeddable":true,"href":"http:\/\/madalenavidigal.pt\/en\/wp-json\/wp\/v2\/users\/1"}],"replies":[{"embeddable":true,"href":"http:\/\/madalenavidigal.pt\/en\/wp-json\/wp\/v2\/comments?post=314"}],"version-history":[{"count":0,"href":"http:\/\/madalenavidigal.pt\/en\/wp-json\/wp\/v2\/posts\/314\/revisions"}],"wp:featuredmedia":[{"embeddable":true,"href":"http:\/\/madalenavidigal.pt\/en\/wp-json\/wp\/v2\/media\/315"}],"wp:attachment":[{"href":"http:\/\/madalenavidigal.pt\/en\/wp-json\/wp\/v2\/media?parent=314"}],"wp:term":[{"taxonomy":"category","embeddable":true,"href":"http:\/\/madalenavidigal.pt\/en\/wp-json\/wp\/v2\/categories?post=314"},{"taxonomy":"post_tag","embeddable":true,"href":"http:\/\/madalenavidigal.pt\/en\/wp-json\/wp\/v2\/tags?post=314"}],"curies":[{"name":"wp","href":"https:\/\/api.w.org\/{rel}","templated":true}]}}