{"id":99,"date":"2025-07-10T15:37:16","date_gmt":"2025-07-10T14:37:16","guid":{"rendered":"http:\/\/madalenavidigal.pt\/atlas-suzanne-daveu-copy\/"},"modified":"2025-09-06T11:58:23","modified_gmt":"2025-09-06T10:58:23","slug":"rui-goes-ferreira","status":"publish","type":"post","link":"http:\/\/madalenavidigal.pt\/en\/rui-goes-ferreira\/","title":{"rendered":"Rui Goes Ferreira: image of an interrupted work"},"content":{"rendered":"\n<p>Welcome to WordPress. This is your first post. Edit or delete it, then start writing!<\/p>\n","protected":false},"excerpt":{"rendered":"<p>Welcome to WordPress. This is your first post. Edit or delete it, then start writing!<\/p>\n","protected":false},"author":1,"featured_media":106,"comment_status":"closed","ping_status":"closed","sticky":false,"template":"","format":"standard","meta":[],"categories":[1],"tags":[7,5],"class_list":["post-99","post","type-post","status-publish","has-post-thumbnail","hentry","category-work","tag-curation","tag-studies"],"yoast_head":"<!-- This site is optimized with the Yoast SEO plugin v27.5 - https:\/\/yoast.com\/product\/yoast-seo-wordpress\/ -->\n<title>Rui Goes Ferreira: image of an interrupted work &#8212; Madalena Vidigal<\/title>\n<meta name=\"description\" content=\"Reflecting on the thought and work of Rui Goes Ferreira, the exhibition seeks to convey the intensity of his process and production, contextualising them through the photographic and documentary survey of his work.\" \/>\n<meta name=\"robots\" content=\"index, follow, max-snippet:-1, max-image-preview:large, max-video-preview:-1\" \/>\n<link rel=\"canonical\" href=\"http:\/\/madalenavidigal.pt\/en\/rui-goes-ferreira\/\" \/>\n<meta property=\"og:locale\" content=\"en_US\" \/>\n<meta property=\"og:type\" content=\"article\" \/>\n<meta property=\"og:title\" content=\"Rui Goes Ferreira: image of an interrupted work &#8212; Madalena Vidigal\" \/>\n<meta property=\"og:description\" content=\"Reflecting on the thought and work of Rui Goes Ferreira, the exhibition seeks to convey the intensity of his process and production, contextualising them through the photographic and documentary survey of his work.\" \/>\n<meta property=\"og:url\" content=\"http:\/\/madalenavidigal.pt\/en\/rui-goes-ferreira\/\" \/>\n<meta property=\"og:site_name\" content=\"Madalena Vidigal\" \/>\n<meta property=\"article:publisher\" content=\"https:\/\/www.facebook.com\/madalena.v.vieira\/\" \/>\n<meta property=\"article:author\" content=\"https:\/\/www.facebook.com\/madalena.v.vieira\/\" \/>\n<meta property=\"article:published_time\" content=\"2025-07-10T14:37:16+00:00\" \/>\n<meta property=\"article:modified_time\" content=\"2025-09-06T10:58:23+00:00\" \/>\n<meta property=\"og:image\" content=\"http:\/\/madalenavidigal.pt\/wp-content\/uploads\/2025\/07\/12.jpg\" \/>\n\t<meta property=\"og:image:width\" content=\"1920\" \/>\n\t<meta property=\"og:image:height\" content=\"1280\" \/>\n\t<meta property=\"og:image:type\" content=\"image\/jpeg\" \/>\n<meta name=\"author\" content=\"admin8128\" \/>\n<meta name=\"twitter:card\" content=\"summary_large_image\" \/>\n<meta name=\"twitter:label1\" content=\"Written by\" \/>\n\t<meta name=\"twitter:data1\" content=\"admin8128\" \/>\n\t<meta name=\"twitter:label2\" content=\"Est. reading time\" \/>\n\t<meta name=\"twitter:data2\" content=\"8 minutes\" \/>\n<script type=\"application\/ld+json\" class=\"yoast-schema-graph\">{\"@context\":\"https:\\\/\\\/schema.org\",\"@graph\":[{\"@type\":\"Article\",\"@id\":\"http:\\\/\\\/madalenavidigal.pt\\\/en\\\/rui-goes-ferreira\\\/#article\",\"isPartOf\":{\"@id\":\"http:\\\/\\\/madalenavidigal.pt\\\/en\\\/rui-goes-ferreira\\\/\"},\"author\":{\"name\":\"admin8128\",\"@id\":\"http:\\\/\\\/madalenavidigal.pt\\\/en\\\/#\\\/schema\\\/person\\\/9a2f0ddf8d19d3e08eefd815a1444fdb\"},\"headline\":\"Rui Goes Ferreira: image of an interrupted work\",\"datePublished\":\"2025-07-10T14:37:16+00:00\",\"dateModified\":\"2025-09-06T10:58:23+00:00\",\"mainEntityOfPage\":{\"@id\":\"http:\\\/\\\/madalenavidigal.pt\\\/en\\\/rui-goes-ferreira\\\/\"},\"wordCount\":33,\"publisher\":{\"@id\":\"http:\\\/\\\/madalenavidigal.pt\\\/en\\\/#\\\/schema\\\/person\\\/9a2f0ddf8d19d3e08eefd815a1444fdb\"},\"image\":{\"@id\":\"http:\\\/\\\/madalenavidigal.pt\\\/en\\\/rui-goes-ferreira\\\/#primaryimage\"},\"thumbnailUrl\":\"http:\\\/\\\/madalenavidigal.pt\\\/wp-content\\\/uploads\\\/2025\\\/07\\\/12.jpg\",\"keywords\":[\"Curation\",\"Studies\"],\"articleSection\":[\"Work\"],\"inLanguage\":\"en-US\"},{\"@type\":\"WebPage\",\"@id\":\"http:\\\/\\\/madalenavidigal.pt\\\/en\\\/rui-goes-ferreira\\\/\",\"url\":\"http:\\\/\\\/madalenavidigal.pt\\\/en\\\/rui-goes-ferreira\\\/\",\"name\":\"Rui Goes Ferreira: image of an interrupted work &#8212; Madalena Vidigal\",\"isPartOf\":{\"@id\":\"http:\\\/\\\/madalenavidigal.pt\\\/en\\\/#website\"},\"primaryImageOfPage\":{\"@id\":\"http:\\\/\\\/madalenavidigal.pt\\\/en\\\/rui-goes-ferreira\\\/#primaryimage\"},\"image\":{\"@id\":\"http:\\\/\\\/madalenavidigal.pt\\\/en\\\/rui-goes-ferreira\\\/#primaryimage\"},\"thumbnailUrl\":\"http:\\\/\\\/madalenavidigal.pt\\\/wp-content\\\/uploads\\\/2025\\\/07\\\/12.jpg\",\"datePublished\":\"2025-07-10T14:37:16+00:00\",\"dateModified\":\"2025-09-06T10:58:23+00:00\",\"description\":\"Reflecting on the thought and work of Rui Goes Ferreira, the exhibition seeks to convey the intensity of his process and production, contextualising them through the photographic and documentary survey of his work.\",\"breadcrumb\":{\"@id\":\"http:\\\/\\\/madalenavidigal.pt\\\/en\\\/rui-goes-ferreira\\\/#breadcrumb\"},\"inLanguage\":\"en-US\",\"potentialAction\":[{\"@type\":\"ReadAction\",\"target\":[[\"http:\\\/\\\/madalenavidigal.pt\\\/en\\\/rui-goes-ferreira\\\/\"]]}]},{\"@type\":\"ImageObject\",\"inLanguage\":\"en-US\",\"@id\":\"http:\\\/\\\/madalenavidigal.pt\\\/en\\\/rui-goes-ferreira\\\/#primaryimage\",\"url\":\"http:\\\/\\\/madalenavidigal.pt\\\/wp-content\\\/uploads\\\/2025\\\/07\\\/12.jpg\",\"contentUrl\":\"http:\\\/\\\/madalenavidigal.pt\\\/wp-content\\\/uploads\\\/2025\\\/07\\\/12.jpg\",\"width\":1920,\"height\":1280},{\"@type\":\"BreadcrumbList\",\"@id\":\"http:\\\/\\\/madalenavidigal.pt\\\/en\\\/rui-goes-ferreira\\\/#breadcrumb\",\"itemListElement\":[{\"@type\":\"ListItem\",\"position\":1,\"name\":\"In\u00edcio\",\"item\":\"http:\\\/\\\/madalenavidigal.pt\\\/en\\\/\"},{\"@type\":\"ListItem\",\"position\":2,\"name\":\"Rui Goes Ferreira: image of an interrupted work\"}]},{\"@type\":\"WebSite\",\"@id\":\"http:\\\/\\\/madalenavidigal.pt\\\/en\\\/#website\",\"url\":\"http:\\\/\\\/madalenavidigal.pt\\\/en\\\/\",\"name\":\"Madalena Vidigal | Architect & Independent Researcher\",\"description\":\"Architect and independent researcher based in Portugal. Exploring legacy, communality &amp; sufficiency through collaborative projects, exhibitions &amp; ecological building.\",\"publisher\":{\"@id\":\"http:\\\/\\\/madalenavidigal.pt\\\/en\\\/#\\\/schema\\\/person\\\/9a2f0ddf8d19d3e08eefd815a1444fdb\"},\"potentialAction\":[{\"@type\":\"SearchAction\",\"target\":{\"@type\":\"EntryPoint\",\"urlTemplate\":\"http:\\\/\\\/madalenavidigal.pt\\\/en\\\/?s={search_term_string}\"},\"query-input\":{\"@type\":\"PropertyValueSpecification\",\"valueRequired\":true,\"valueName\":\"search_term_string\"}}],\"inLanguage\":\"en-US\"},{\"@type\":[\"Person\",\"Organization\"],\"@id\":\"http:\\\/\\\/madalenavidigal.pt\\\/en\\\/#\\\/schema\\\/person\\\/9a2f0ddf8d19d3e08eefd815a1444fdb\",\"name\":\"admin8128\",\"image\":{\"@type\":\"ImageObject\",\"inLanguage\":\"en-US\",\"@id\":\"http:\\\/\\\/madalenavidigal.pt\\\/wp-content\\\/uploads\\\/2025\\\/06\\\/Madalena-Vidigal-Portrait.jpg\",\"url\":\"http:\\\/\\\/madalenavidigal.pt\\\/wp-content\\\/uploads\\\/2025\\\/06\\\/Madalena-Vidigal-Portrait.jpg\",\"contentUrl\":\"http:\\\/\\\/madalenavidigal.pt\\\/wp-content\\\/uploads\\\/2025\\\/06\\\/Madalena-Vidigal-Portrait.jpg\",\"width\":1228,\"height\":1818,\"caption\":\"admin8128\"},\"logo\":{\"@id\":\"http:\\\/\\\/madalenavidigal.pt\\\/wp-content\\\/uploads\\\/2025\\\/06\\\/Madalena-Vidigal-Portrait.jpg\"},\"sameAs\":[\"http:\\\/\\\/madalenavidigal.pt\",\"https:\\\/\\\/www.facebook.com\\\/madalena.v.vieira\\\/\",\"https:\\\/\\\/www.instagram.com\\\/mvidigalvieira\\\/\",\"https:\\\/\\\/www.linkedin.com\\\/in\\\/madalena-vidigal\\\/\"],\"url\":\"http:\\\/\\\/madalenavidigal.pt\\\/en\\\/author\\\/admin8128\\\/\"}]}<\/script>\n<!-- \/ Yoast SEO plugin. -->","yoast_head_json":{"title":"Rui Goes Ferreira: image of an interrupted work &#8212; Madalena Vidigal","description":"Reflecting on the thought and work of Rui Goes Ferreira, the exhibition seeks to convey the intensity of his process and production, contextualising them through the photographic and documentary survey of his work.","robots":{"index":"index","follow":"follow","max-snippet":"max-snippet:-1","max-image-preview":"max-image-preview:large","max-video-preview":"max-video-preview:-1"},"canonical":"http:\/\/madalenavidigal.pt\/en\/rui-goes-ferreira\/","og_locale":"en_US","og_type":"article","og_title":"Rui Goes Ferreira: image of an interrupted work &#8212; Madalena Vidigal","og_description":"Reflecting on the thought and work of Rui Goes Ferreira, the exhibition seeks to convey the intensity of his process and production, contextualising them through the photographic and documentary survey of his work.","og_url":"http:\/\/madalenavidigal.pt\/en\/rui-goes-ferreira\/","og_site_name":"Madalena Vidigal","article_publisher":"https:\/\/www.facebook.com\/madalena.v.vieira\/","article_author":"https:\/\/www.facebook.com\/madalena.v.vieira\/","article_published_time":"2025-07-10T14:37:16+00:00","article_modified_time":"2025-09-06T10:58:23+00:00","og_image":[{"width":1920,"height":1280,"url":"http:\/\/madalenavidigal.pt\/wp-content\/uploads\/2025\/07\/12.jpg","type":"image\/jpeg"}],"author":"admin8128","twitter_card":"summary_large_image","twitter_misc":{"Written by":"admin8128","Est. reading time":"8 minutes"},"schema":{"@context":"https:\/\/schema.org","@graph":[{"@type":"Article","@id":"http:\/\/madalenavidigal.pt\/en\/rui-goes-ferreira\/#article","isPartOf":{"@id":"http:\/\/madalenavidigal.pt\/en\/rui-goes-ferreira\/"},"author":{"name":"admin8128","@id":"http:\/\/madalenavidigal.pt\/en\/#\/schema\/person\/9a2f0ddf8d19d3e08eefd815a1444fdb"},"headline":"Rui Goes Ferreira: image of an interrupted work","datePublished":"2025-07-10T14:37:16+00:00","dateModified":"2025-09-06T10:58:23+00:00","mainEntityOfPage":{"@id":"http:\/\/madalenavidigal.pt\/en\/rui-goes-ferreira\/"},"wordCount":33,"publisher":{"@id":"http:\/\/madalenavidigal.pt\/en\/#\/schema\/person\/9a2f0ddf8d19d3e08eefd815a1444fdb"},"image":{"@id":"http:\/\/madalenavidigal.pt\/en\/rui-goes-ferreira\/#primaryimage"},"thumbnailUrl":"http:\/\/madalenavidigal.pt\/wp-content\/uploads\/2025\/07\/12.jpg","keywords":["Curation","Studies"],"articleSection":["Work"],"inLanguage":"en-US"},{"@type":"WebPage","@id":"http:\/\/madalenavidigal.pt\/en\/rui-goes-ferreira\/","url":"http:\/\/madalenavidigal.pt\/en\/rui-goes-ferreira\/","name":"Rui Goes Ferreira: image of an interrupted work &#8212; Madalena Vidigal","isPartOf":{"@id":"http:\/\/madalenavidigal.pt\/en\/#website"},"primaryImageOfPage":{"@id":"http:\/\/madalenavidigal.pt\/en\/rui-goes-ferreira\/#primaryimage"},"image":{"@id":"http:\/\/madalenavidigal.pt\/en\/rui-goes-ferreira\/#primaryimage"},"thumbnailUrl":"http:\/\/madalenavidigal.pt\/wp-content\/uploads\/2025\/07\/12.jpg","datePublished":"2025-07-10T14:37:16+00:00","dateModified":"2025-09-06T10:58:23+00:00","description":"Reflecting on the thought and work of Rui Goes Ferreira, the exhibition seeks to convey the intensity of his process and production, contextualising them through the photographic and documentary survey of his work.","breadcrumb":{"@id":"http:\/\/madalenavidigal.pt\/en\/rui-goes-ferreira\/#breadcrumb"},"inLanguage":"en-US","potentialAction":[{"@type":"ReadAction","target":[["http:\/\/madalenavidigal.pt\/en\/rui-goes-ferreira\/"]]}]},{"@type":"ImageObject","inLanguage":"en-US","@id":"http:\/\/madalenavidigal.pt\/en\/rui-goes-ferreira\/#primaryimage","url":"http:\/\/madalenavidigal.pt\/wp-content\/uploads\/2025\/07\/12.jpg","contentUrl":"http:\/\/madalenavidigal.pt\/wp-content\/uploads\/2025\/07\/12.jpg","width":1920,"height":1280},{"@type":"BreadcrumbList","@id":"http:\/\/madalenavidigal.pt\/en\/rui-goes-ferreira\/#breadcrumb","itemListElement":[{"@type":"ListItem","position":1,"name":"In\u00edcio","item":"http:\/\/madalenavidigal.pt\/en\/"},{"@type":"ListItem","position":2,"name":"Rui Goes Ferreira: image of an interrupted work"}]},{"@type":"WebSite","@id":"http:\/\/madalenavidigal.pt\/en\/#website","url":"http:\/\/madalenavidigal.pt\/en\/","name":"Madalena Vidigal | Architect & Independent Researcher","description":"Architect and independent researcher based in Portugal. Exploring legacy, communality &amp; sufficiency through collaborative projects, exhibitions &amp; ecological building.","publisher":{"@id":"http:\/\/madalenavidigal.pt\/en\/#\/schema\/person\/9a2f0ddf8d19d3e08eefd815a1444fdb"},"potentialAction":[{"@type":"SearchAction","target":{"@type":"EntryPoint","urlTemplate":"http:\/\/madalenavidigal.pt\/en\/?s={search_term_string}"},"query-input":{"@type":"PropertyValueSpecification","valueRequired":true,"valueName":"search_term_string"}}],"inLanguage":"en-US"},{"@type":["Person","Organization"],"@id":"http:\/\/madalenavidigal.pt\/en\/#\/schema\/person\/9a2f0ddf8d19d3e08eefd815a1444fdb","name":"admin8128","image":{"@type":"ImageObject","inLanguage":"en-US","@id":"http:\/\/madalenavidigal.pt\/wp-content\/uploads\/2025\/06\/Madalena-Vidigal-Portrait.jpg","url":"http:\/\/madalenavidigal.pt\/wp-content\/uploads\/2025\/06\/Madalena-Vidigal-Portrait.jpg","contentUrl":"http:\/\/madalenavidigal.pt\/wp-content\/uploads\/2025\/06\/Madalena-Vidigal-Portrait.jpg","width":1228,"height":1818,"caption":"admin8128"},"logo":{"@id":"http:\/\/madalenavidigal.pt\/wp-content\/uploads\/2025\/06\/Madalena-Vidigal-Portrait.jpg"},"sameAs":["http:\/\/madalenavidigal.pt","https:\/\/www.facebook.com\/madalena.v.vieira\/","https:\/\/www.instagram.com\/mvidigalvieira\/","https:\/\/www.linkedin.com\/in\/madalena-vidigal\/"],"url":"http:\/\/madalenavidigal.pt\/en\/author\/admin8128\/"}]}},"grid":"{\r\n  \"colCount\": 10,\r\n  \"colGutter\": 0,\r\n  \"rowGutters\": [\r\n    0,\r\n    125,\r\n    125,\r\n    125,\r\n    125,\r\n    125,\r\n    125,\r\n    125,\r\n    125,\r\n    125,\r\n    125,\r\n    125,\r\n    125\r\n  ],\r\n  \"frameMargin\": 5,\r\n  \"leftFrameMargin\": 25,\r\n  \"rightFrameMargin\": 25,\r\n  \"topFrameMargin\": 25,\r\n  \"mus\": {\r\n    \"colGutterMu\": \"px\",\r\n    \"rowGutterMu\": \"px\",\r\n    \"topFrameMu\": \"px\",\r\n    \"bottomFrameMu\": \"px\",\r\n    \"frameMu\": \"px\"\r\n  },\r\n  \"bottomFrameMargin\": 50,\r\n  \"rowAttrs\": [\r\n    {\r\n      \"relid\": 4\r\n    },\r\n    {\r\n      \"relid\": 1\r\n    },\r\n    {\r\n      \"relid\": 31\r\n    },\r\n    {\r\n      \"relid\": 9\r\n    },\r\n    {\r\n      \"relid\": 40\r\n    },\r\n    {\r\n      \"relid\": 16\r\n    },\r\n    {\r\n      \"relid\": 26\r\n    },\r\n    {\r\n      \"relid\": 38\r\n    },\r\n    {\r\n      \"relid\": 8\r\n    },\r\n    {\r\n      \"relid\": 23\r\n    },\r\n    {\r\n      \"relid\": 47\r\n    },\r\n    {\r\n      \"relid\": 13\r\n    },\r\n    {\r\n      \"relid\": 12\r\n    },\r\n    {\r\n      \"relid\": 11\r\n    }\r\n  ],\r\n  \"bgColor\": null,\r\n  \"bgImage\": null,\r\n  \"cont\": [\r\n    {\r\n      \"type\": \"text\",\r\n      \"cont\": \"<p style=\\\"text-align: center;\\\">Studies<\/p>\",\r\n      \"align\": \"middle\",\r\n      \"row\": 0,\r\n      \"col\": 4,\r\n      \"colspan\": 1,\r\n      \"offsetx\": 0,\r\n      \"offsety\": 0,\r\n      \"spaceabove\": 0,\r\n      \"spacebelow\": 0,\r\n      \"yvel\": 1,\r\n      \"push\": 4,\r\n      \"relid\": 5,\r\n      \"absolute_position\": false,\r\n      \"frameOverflow\": \"\",\r\n      \"textAnimation\": {\r\n        \"enableTextAnimation\": false\r\n      },\r\n      \"bgColor\": {\r\n        \"enableBgColor\": true,\r\n        \"bgColor\": \"#FFBC44\",\r\n        \"bgOpacity\": 100\r\n      }\r\n    },\r\n    {\r\n      \"type\": \"text\",\r\n      \"cont\": \"<p style=\\\"text-align: center;\\\">Curation<\/p>\",\r\n      \"align\": \"top\",\r\n      \"row\": 0,\r\n      \"col\": 5,\r\n      \"colspan\": 1,\r\n      \"offsetx\": 0,\r\n      \"offsety\": 0,\r\n      \"spaceabove\": 0,\r\n      \"spacebelow\": 0,\r\n      \"yvel\": 1,\r\n      \"push\": 0,\r\n      \"relid\": 6,\r\n      \"absolute_position\": false,\r\n      \"textAnimation\": {\r\n        \"enableTextAnimation\": false\r\n      },\r\n      \"bgColor\": {\r\n        \"enableBgColor\": true,\r\n        \"bgColor\": \"#F19E8E\",\r\n        \"bgOpacity\": 100\r\n      }\r\n    },\r\n    {\r\n      \"type\": \"text\",\r\n      \"cont\": \"<p class=\\\"_Big\\\">Rui Goes Ferreira: image of an interrupted work<\/p>\\n<p class=\\\"_Default\\\">with photography by Duarte Belo<\/p>\",\r\n      \"align\": \"middle\",\r\n      \"row\": 1,\r\n      \"col\": 0,\r\n      \"colspan\": 5,\r\n      \"offsetx\": 0,\r\n      \"offsety\": 0,\r\n      \"spaceabove\": 0,\r\n      \"spacebelow\": 0,\r\n      \"yvel\": 1,\r\n      \"push\": 0,\r\n      \"relid\": 2,\r\n      \"absolute_position\": false,\r\n      \"frameOverflow\": \"\"\r\n    },\r\n    {\r\n      \"type\": \"text\",\r\n      \"cont\": \"<div data-collapsed=\\\"false\\\">\\n<div data-type=\\\"text\\\" data-yvel=\\\"1\\\">\\n<p class=\\\"_Small\\\" style=\\\"text-align: right;\\\"><span>December 2017 - March 2018<\/span><\/p>\\n<\/div>\\n<\/div>\",\r\n      \"align\": \"top\",\r\n      \"row\": 1,\r\n      \"col\": 5,\r\n      \"colspan\": 5,\r\n      \"offsetx\": 0,\r\n      \"offsety\": 0,\r\n      \"spaceabove\": 0,\r\n      \"spacebelow\": 0,\r\n      \"yvel\": 1,\r\n      \"push\": 0,\r\n      \"relid\": 3,\r\n      \"absolute_position\": false,\r\n      \"textAnimation\": {\r\n        \"enableTextAnimation\": false\r\n      }\r\n    },\r\n    {\r\n      \"type\": \"carousel\",\r\n      \"cont\": \"\",\r\n      \"align\": \"top\",\r\n      \"row\": 2,\r\n      \"col\": 1,\r\n      \"colspan\": 8,\r\n      \"offsetx\": 0,\r\n      \"offsety\": 0,\r\n      \"spaceabove\": 0,\r\n      \"spacebelow\": 0,\r\n      \"yvel\": 1,\r\n      \"push\": 1,\r\n      \"relid\": 32,\r\n      \"carousel_options\": {\r\n        \"random\": false,\r\n        \"autoplay\": false,\r\n        \"showMultipleSlides\": false,\r\n        \"freeScroll\": false,\r\n        \"mousewheelScroll\": false,\r\n        \"size\": \"aspectRatioOfFirstElement\",\r\n        \"slidesWidth\": \"null\",\r\n        \"transition\": \"sliding\",\r\n        \"loop\": \"1\",\r\n        \"spaceBetween\": 0,\r\n        \"captionsUnderSlides\": false,\r\n        \"autoplaySpeed\": 3000,\r\n        \"autoplayDelay\": 0,\r\n        \"transitionSpeed\": 300\r\n      },\r\n      \"carousel\": [\r\n        {\r\n          \"type\": \"img\",\r\n          \"attid\": 106,\r\n          \"cont\": \"\/wp-content\/uploads\/2025\/07\/12.jpg\",\r\n          \"sizes\": {\r\n            \"full\": \"\/wp-content\/uploads\/2025\/07\/12.jpg\",\r\n            \"_1280\": \"\/wp-content\/uploads\/2025\/07\/12-1280x853.jpg\",\r\n            \"_1024\": \"\/wp-content\/uploads\/2025\/07\/12-1024x683.jpg\",\r\n            \"_768\": \"\/wp-content\/uploads\/2025\/07\/12-768x512.jpg\",\r\n            \"_512\": \"\/wp-content\/uploads\/2025\/07\/12-512x341.jpg\",\r\n            \"_265\": \"\/wp-content\/uploads\/2025\/07\/12-265x177.jpg\"\r\n          },\r\n          \"w\": 1920,\r\n          \"h\": 1280,\r\n          \"ar\": 0.6666666666666666,\r\n          \"alt\": \"\",\r\n          \"caption\": \"<p class=\\\"_Small\\\"><span>\u00a9 Duarte Belo<\/span><\/p>\"\r\n        },\r\n        {\r\n          \"type\": \"img\",\r\n          \"attid\": 107,\r\n          \"cont\": \"\/wp-content\/uploads\/2025\/07\/14.jpg\",\r\n          \"sizes\": {\r\n            \"full\": \"\/wp-content\/uploads\/2025\/07\/14.jpg\",\r\n            \"_4096\": \"\/wp-content\/uploads\/2025\/07\/14-4096x2731.jpg\",\r\n            \"_3840\": \"\/wp-content\/uploads\/2025\/07\/14-3840x2560.jpg\",\r\n            \"_3200\": \"\/wp-content\/uploads\/2025\/07\/14-3200x2133.jpg\",\r\n            \"_2560\": \"\/wp-content\/uploads\/2025\/07\/14-2560x1707.jpg\",\r\n            \"_1920\": \"\/wp-content\/uploads\/2025\/07\/14-1920x1280.jpg\",\r\n            \"_1280\": \"\/wp-content\/uploads\/2025\/07\/14-1280x853.jpg\",\r\n            \"_1024\": \"\/wp-content\/uploads\/2025\/07\/14-1024x683.jpg\",\r\n            \"_768\": \"\/wp-content\/uploads\/2025\/07\/14-768x512.jpg\",\r\n            \"_512\": \"\/wp-content\/uploads\/2025\/07\/14-512x341.jpg\",\r\n            \"_265\": \"\/wp-content\/uploads\/2025\/07\/14-265x177.jpg\"\r\n          },\r\n          \"w\": 6078,\r\n          \"h\": 4052,\r\n          \"ar\": 0.6666666666666666,\r\n          \"alt\": \"\",\r\n          \"caption\": \"<p class=\\\"_Small\\\"><span>\u00a9 Duarte Belo<\/span><\/p>\"\r\n        },\r\n        {\r\n          \"type\": \"img\",\r\n          \"attid\": 115,\r\n          \"cont\": \"\/wp-content\/uploads\/2025\/07\/15a.jpg\",\r\n          \"sizes\": {\r\n            \"full\": \"\/wp-content\/uploads\/2025\/07\/15a.jpg\",\r\n            \"_1280\": \"\/wp-content\/uploads\/2025\/07\/15a-1280x853.jpg\",\r\n            \"_1024\": \"\/wp-content\/uploads\/2025\/07\/15a-1024x683.jpg\",\r\n            \"_768\": \"\/wp-content\/uploads\/2025\/07\/15a-768x512.jpg\",\r\n            \"_512\": \"\/wp-content\/uploads\/2025\/07\/15a-512x341.jpg\",\r\n            \"_265\": \"\/wp-content\/uploads\/2025\/07\/15a-265x177.jpg\"\r\n          },\r\n          \"w\": 1920,\r\n          \"h\": 1280,\r\n          \"ar\": 0.6666666666666666,\r\n          \"alt\": \"\",\r\n          \"caption\": \"<p class=\\\"_Small\\\"><span>\u00a9 Duarte Belo<\/span><\/p>\"\r\n        },\r\n        {\r\n          \"type\": \"img\",\r\n          \"attid\": 116,\r\n          \"cont\": \"\/wp-content\/uploads\/2025\/07\/19.jpg\",\r\n          \"sizes\": {\r\n            \"full\": \"\/wp-content\/uploads\/2025\/07\/19.jpg\",\r\n            \"_1280\": \"\/wp-content\/uploads\/2025\/07\/19-1280x853.jpg\",\r\n            \"_1024\": \"\/wp-content\/uploads\/2025\/07\/19-1024x683.jpg\",\r\n            \"_768\": \"\/wp-content\/uploads\/2025\/07\/19-768x512.jpg\",\r\n            \"_512\": \"\/wp-content\/uploads\/2025\/07\/19-512x341.jpg\",\r\n            \"_265\": \"\/wp-content\/uploads\/2025\/07\/19-265x177.jpg\"\r\n          },\r\n          \"w\": 1920,\r\n          \"h\": 1280,\r\n          \"ar\": 0.6666666666666666,\r\n          \"alt\": \"\",\r\n          \"caption\": \"<p class=\\\"_Small\\\"><span>\u00a9 Duarte Belo<\/span><\/p>\"\r\n        },\r\n        {\r\n          \"type\": \"img\",\r\n          \"attid\": 108,\r\n          \"cont\": \"\/wp-content\/uploads\/2025\/07\/22.jpg\",\r\n          \"sizes\": {\r\n            \"full\": \"\/wp-content\/uploads\/2025\/07\/22.jpg\",\r\n            \"_1280\": \"\/wp-content\/uploads\/2025\/07\/22-1280x853.jpg\",\r\n            \"_1024\": \"\/wp-content\/uploads\/2025\/07\/22-1024x683.jpg\",\r\n            \"_768\": \"\/wp-content\/uploads\/2025\/07\/22-768x512.jpg\",\r\n            \"_512\": \"\/wp-content\/uploads\/2025\/07\/22-512x341.jpg\",\r\n            \"_265\": \"\/wp-content\/uploads\/2025\/07\/22-265x177.jpg\"\r\n          },\r\n          \"w\": 1920,\r\n          \"h\": 1280,\r\n          \"ar\": 0.6666666666666666,\r\n          \"alt\": \"\",\r\n          \"caption\": \"<p class=\\\"_Small\\\"><span>\u00a9 Duarte Belo<\/span><\/p>\"\r\n        }\r\n      ],\r\n      \"absolute_position\": false,\r\n      \"textAnimation\": {\r\n        \"enableTextAnimation\": false\r\n      },\r\n      \"caption\": \"\"\r\n    },\r\n    {\r\n      \"type\": \"text\",\r\n      \"cont\": \"<div data-collapsed=\\\"false\\\">\\n<div data-type=\\\"text\\\" data-yvel=\\\"1\\\">\\n<p class=\\\"_Default\\\"><a rel=\\\"noopener\\\" href=\\\"https:\/\/www.porta33.com\/porta33_madeira\/exposicoes\/content_exposicoes\/rui-goes-ferreira\/rui-goes-ferreira-exposicao.html\\\" target=\\\"_blank\\\">Rui Goes Ferreira: image of an interrupted work<\/a>, the exhibition was born from the research carried out in 2016 as part of the master\u2019s thesis in Architecture at the University of Porto, entitled \u201cRui Goes Ferreira. Essays on an interrupted work. Madeira 1956-1978.\u201d<\/p>\\n<p class=\\\"_Default\\\">Reflecting on the thought and work of Rui Goes Ferreira, the exhibition seeks to convey the intensity of his process and production, contextualising them through the photographic and documentary survey of his work.<\/p>\\n<p class=\\\"_Default\\\">The exhibition was supported by the Calouste Gulbenkian Foundation and was on display at Porta33 in Funchal between January and March 2018. The opening was marked by a conversation with Sergio Fernandez, Madalena Vidigal, Duarte Belo and Andr\u00e9 Tavares.<\/p>\\n<\/div>\\n<\/div>\",\r\n      \"align\": \"top\",\r\n      \"row\": 3,\r\n      \"col\": 1,\r\n      \"colspan\": 4,\r\n      \"offsetx\": 0,\r\n      \"offsety\": 0,\r\n      \"spaceabove\": 0,\r\n      \"spacebelow\": 0,\r\n      \"yvel\": 1,\r\n      \"push\": 1,\r\n      \"relid\": 10,\r\n      \"absolute_position\": false,\r\n      \"textAnimation\": {\r\n        \"enableTextAnimation\": false\r\n      }\r\n    },\r\n    {\r\n      \"type\": \"text\",\r\n      \"cont\": \"<p class=\\\"_Small\\\" style=\\\"text-align: right;\\\"><a rel=\\\"noopener\\\" href=\\\"https:\/\/www.revistapunkto.com\/2018\/02\/rui-goes-ferreira-imagem-de-uma-obra.html\\\" target=\\\"_blank\\\">Critical Review +<\/a><\/p>\",\r\n      \"align\": \"top\",\r\n      \"row\": 3,\r\n      \"col\": 7,\r\n      \"colspan\": 2,\r\n      \"offsetx\": 0,\r\n      \"offsety\": 0,\r\n      \"spaceabove\": 0,\r\n      \"spacebelow\": 0,\r\n      \"yvel\": 1,\r\n      \"push\": 2,\r\n      \"relid\": 54,\r\n      \"absolute_position\": false,\r\n      \"textAnimation\": {\r\n        \"enableTextAnimation\": false\r\n      },\r\n      \"zIndex\": 7\r\n    },\r\n    {\r\n      \"type\": \"text\",\r\n      \"cont\": \"<div data-collapsed=\\\"false\\\">\\n<div data-type=\\\"text\\\" data-yvel=\\\"1\\\">\\n<p class=\\\"_Default\\\">The exhibition was the culmination of a personal initiative project aimed at protecting and promoting the architectural heritage of Rui Goes Ferreira's work in the Madeira Islands. This included the safeguarding and donation process of the architect\u2019s archive to the <a rel=\\\"noopener\\\" href=\\\"https:\/\/fims.up.pt\/index.php?cat=19&amp;subcat=86\\\" target=\\\"_blank\\\">Marques da Silva Institute Foundation<\/a> in 2019. Since then, several initiatives have contributed to the knowledge of his work and more recently he was distinguished <a rel=\\\"noopener\\\" href=\\\"https:\/\/arquitectos.pt\/?no=101068:249\\\" target=\\\"_blank\\\">Honorary Member of the Portuguese Architects Registration Board<\/a>.<\/p>\\n<\/div>\\n<\/div>\",\r\n      \"align\": \"top\",\r\n      \"row\": 4,\r\n      \"col\": 1,\r\n      \"colspan\": 4,\r\n      \"offsetx\": 0,\r\n      \"offsety\": 0,\r\n      \"spaceabove\": 0,\r\n      \"spacebelow\": 0,\r\n      \"yvel\": 1,\r\n      \"push\": 1,\r\n      \"relid\": 46,\r\n      \"absolute_position\": false,\r\n      \"textAnimation\": {\r\n        \"enableTextAnimation\": false\r\n      }\r\n    },\r\n    {\r\n      \"type\": \"img\",\r\n      \"cont\": \"\/wp-content\/uploads\/2025\/07\/dg787780.jpg\",\r\n      \"align\": \"top\",\r\n      \"row\": 5,\r\n      \"col\": 0,\r\n      \"colspan\": 3,\r\n      \"offsetx\": 0,\r\n      \"offsety\": 0,\r\n      \"spaceabove\": 0,\r\n      \"spacebelow\": 0,\r\n      \"yvel\": 1,\r\n      \"push\": 0,\r\n      \"relid\": 19,\r\n      \"attid\": 123,\r\n      \"sizes\": {\r\n        \"full\": \"\/wp-content\/uploads\/2025\/07\/dg787780.jpg\",\r\n        \"_1280\": \"\/wp-content\/uploads\/2025\/07\/dg787780-1280x960.jpg\",\r\n        \"_1024\": \"\/wp-content\/uploads\/2025\/07\/dg787780-1024x768.jpg\",\r\n        \"_768\": \"\/wp-content\/uploads\/2025\/07\/dg787780-768x576.jpg\",\r\n        \"_512\": \"\/wp-content\/uploads\/2025\/07\/dg787780-512x384.jpg\",\r\n        \"_265\": \"\/wp-content\/uploads\/2025\/07\/dg787780-265x199.jpg\"\r\n      },\r\n      \"w\": 1920,\r\n      \"h\": 1440,\r\n      \"ar\": 0.75,\r\n      \"alt\": \"\",\r\n      \"absolute_position\": false,\r\n      \"textAnimation\": {\r\n        \"enableTextAnimation\": false\r\n      },\r\n      \"lightbox_caption\": \"<p class=\\\"_Small\\\"><span>\u00a9 Duarte Belo<\/span><\/p>\",\r\n      \"frameOverflow\": \"\"\r\n    },\r\n    {\r\n      \"type\": \"img\",\r\n      \"cont\": \"\/wp-content\/uploads\/2025\/07\/10.jpg\",\r\n      \"align\": \"top\",\r\n      \"row\": 5,\r\n      \"col\": 7,\r\n      \"colspan\": 3,\r\n      \"offsetx\": 0,\r\n      \"offsety\": 0,\r\n      \"spaceabove\": 0,\r\n      \"spacebelow\": 0,\r\n      \"yvel\": 1,\r\n      \"push\": 4,\r\n      \"relid\": 28,\r\n      \"attid\": 113,\r\n      \"sizes\": {\r\n        \"full\": \"\/wp-content\/uploads\/2025\/07\/10.jpg\",\r\n        \"_1280\": \"\/wp-content\/uploads\/2025\/07\/10-1280x853.jpg\",\r\n        \"_1024\": \"\/wp-content\/uploads\/2025\/07\/10-1024x683.jpg\",\r\n        \"_768\": \"\/wp-content\/uploads\/2025\/07\/10-768x512.jpg\",\r\n        \"_512\": \"\/wp-content\/uploads\/2025\/07\/10-512x341.jpg\",\r\n        \"_265\": \"\/wp-content\/uploads\/2025\/07\/10-265x177.jpg\"\r\n      },\r\n      \"w\": 1920,\r\n      \"h\": 1280,\r\n      \"ar\": 0.6666666666666666,\r\n      \"alt\": \"\",\r\n      \"absolute_position\": false,\r\n      \"textAnimation\": {\r\n        \"enableTextAnimation\": false\r\n      },\r\n      \"lightbox_caption\": \"<p class=\\\"_Small\\\"><span>\u00a9 Duarte Belo<\/span><\/p>\"\r\n    },\r\n    {\r\n      \"type\": \"img\",\r\n      \"cont\": \"\/wp-content\/uploads\/2025\/07\/2.jpg\",\r\n      \"align\": \"top\",\r\n      \"row\": 6,\r\n      \"col\": 3,\r\n      \"colspan\": 3,\r\n      \"offsetx\": 0,\r\n      \"offsety\": 0,\r\n      \"spaceabove\": 0,\r\n      \"spacebelow\": 0,\r\n      \"yvel\": 1,\r\n      \"push\": 3,\r\n      \"relid\": 51,\r\n      \"attid\": 109,\r\n      \"sizes\": {\r\n        \"full\": \"\/wp-content\/uploads\/2025\/07\/2.jpg\",\r\n        \"_1280\": \"\/wp-content\/uploads\/2025\/07\/2-1280x853.jpg\",\r\n        \"_1024\": \"\/wp-content\/uploads\/2025\/07\/2-1024x683.jpg\",\r\n        \"_768\": \"\/wp-content\/uploads\/2025\/07\/2-768x512.jpg\",\r\n        \"_512\": \"\/wp-content\/uploads\/2025\/07\/2-512x341.jpg\",\r\n        \"_265\": \"\/wp-content\/uploads\/2025\/07\/2-265x177.jpg\"\r\n      },\r\n      \"w\": 1920,\r\n      \"h\": 1280,\r\n      \"ar\": 0.6666666666666666,\r\n      \"alt\": \"\",\r\n      \"absolute_position\": false,\r\n      \"textAnimation\": {\r\n        \"enableTextAnimation\": false\r\n      },\r\n      \"lightbox_caption\": \"<p class=\\\"_Small\\\"><span>\u00a9 Duarte Belo<\/span><\/p>\"\r\n    },\r\n    {\r\n      \"type\": \"img\",\r\n      \"cont\": \"\/wp-content\/uploads\/2025\/07\/7.jpg\",\r\n      \"align\": \"top\",\r\n      \"row\": 7,\r\n      \"col\": 0,\r\n      \"colspan\": 3,\r\n      \"offsetx\": 0,\r\n      \"offsety\": 0,\r\n      \"spaceabove\": 0,\r\n      \"spacebelow\": 0,\r\n      \"yvel\": 1,\r\n      \"push\": 0,\r\n      \"relid\": 27,\r\n      \"attid\": 111,\r\n      \"sizes\": {\r\n        \"full\": \"\/wp-content\/uploads\/2025\/07\/7.jpg\",\r\n        \"_1280\": \"\/wp-content\/uploads\/2025\/07\/7-1280x853.jpg\",\r\n        \"_1024\": \"\/wp-content\/uploads\/2025\/07\/7-1024x683.jpg\",\r\n        \"_768\": \"\/wp-content\/uploads\/2025\/07\/7-768x512.jpg\",\r\n        \"_512\": \"\/wp-content\/uploads\/2025\/07\/7-512x341.jpg\",\r\n        \"_265\": \"\/wp-content\/uploads\/2025\/07\/7-265x177.jpg\"\r\n      },\r\n      \"w\": 1920,\r\n      \"h\": 1280,\r\n      \"ar\": 0.6666666666666666,\r\n      \"alt\": \"\",\r\n      \"absolute_position\": false,\r\n      \"textAnimation\": {\r\n        \"enableTextAnimation\": false\r\n      },\r\n      \"lightbox_caption\": \"<p class=\\\"_Small\\\"><span>\u00a9 Duarte Belo<\/span><\/p>\"\r\n    },\r\n    {\r\n      \"type\": \"img\",\r\n      \"cont\": \"\/wp-content\/uploads\/2025\/07\/7a.jpg\",\r\n      \"align\": \"top\",\r\n      \"row\": 7,\r\n      \"col\": 6,\r\n      \"colspan\": 3,\r\n      \"offsetx\": 0,\r\n      \"offsety\": 0,\r\n      \"spaceabove\": 0,\r\n      \"spacebelow\": 0,\r\n      \"yvel\": 1,\r\n      \"push\": 3,\r\n      \"relid\": 22,\r\n      \"attid\": 112,\r\n      \"sizes\": {\r\n        \"full\": \"\/wp-content\/uploads\/2025\/07\/7a.jpg\",\r\n        \"_1280\": \"\/wp-content\/uploads\/2025\/07\/7a-1280x853.jpg\",\r\n        \"_1024\": \"\/wp-content\/uploads\/2025\/07\/7a-1024x683.jpg\",\r\n        \"_768\": \"\/wp-content\/uploads\/2025\/07\/7a-768x512.jpg\",\r\n        \"_512\": \"\/wp-content\/uploads\/2025\/07\/7a-512x341.jpg\",\r\n        \"_265\": \"\/wp-content\/uploads\/2025\/07\/7a-265x177.jpg\"\r\n      },\r\n      \"w\": 1920,\r\n      \"h\": 1280,\r\n      \"ar\": 0.6666666666666666,\r\n      \"alt\": \"\",\r\n      \"absolute_position\": false,\r\n      \"textAnimation\": {\r\n        \"enableTextAnimation\": false\r\n      },\r\n      \"lightbox_caption\": \"<p class=\\\"_Small\\\"><span>\u00a9 Duarte Belo<\/span><\/p>\"\r\n    },\r\n    {\r\n      \"type\": \"img\",\r\n      \"cont\": \"\/wp-content\/uploads\/2025\/07\/IMG-20180118-WA0018.jpg\",\r\n      \"align\": \"top\",\r\n      \"row\": 8,\r\n      \"col\": 2,\r\n      \"colspan\": 4,\r\n      \"offsetx\": 0,\r\n      \"offsety\": 0,\r\n      \"spaceabove\": 0,\r\n      \"spacebelow\": 0,\r\n      \"yvel\": 1,\r\n      \"push\": 2,\r\n      \"relid\": 25,\r\n      \"attid\": 125,\r\n      \"sizes\": {\r\n        \"full\": \"\/wp-content\/uploads\/2025\/07\/IMG-20180118-WA0018.jpg\",\r\n        \"_768\": \"\/wp-content\/uploads\/2025\/07\/IMG-20180118-WA0018-768x576.jpg\",\r\n        \"_512\": \"\/wp-content\/uploads\/2025\/07\/IMG-20180118-WA0018-512x384.jpg\",\r\n        \"_265\": \"\/wp-content\/uploads\/2025\/07\/IMG-20180118-WA0018-265x199.jpg\"\r\n      },\r\n      \"w\": 1024,\r\n      \"h\": 768,\r\n      \"ar\": 0.75,\r\n      \"alt\": \"\",\r\n      \"absolute_position\": false,\r\n      \"textAnimation\": {\r\n        \"enableTextAnimation\": false\r\n      },\r\n      \"lightbox_caption\": \"<p class=\\\"_Small\\\"><span>\u00a9 Madalena Vidigal<\/span><\/p>\"\r\n    },\r\n    {\r\n      \"type\": \"img\",\r\n      \"cont\": \"\/wp-content\/uploads\/2025\/07\/IMG-20180118-WA0023.jpg\",\r\n      \"align\": \"top\",\r\n      \"row\": 9,\r\n      \"col\": 0,\r\n      \"colspan\": 2,\r\n      \"offsetx\": 0,\r\n      \"offsety\": 0,\r\n      \"spaceabove\": 0,\r\n      \"spacebelow\": 0,\r\n      \"yvel\": 1,\r\n      \"push\": 0,\r\n      \"relid\": 24,\r\n      \"attid\": 126,\r\n      \"sizes\": {\r\n        \"full\": \"\/wp-content\/uploads\/2025\/07\/IMG-20180118-WA0023.jpg\",\r\n        \"_768\": \"\/wp-content\/uploads\/2025\/07\/IMG-20180118-WA0023-768x576.jpg\",\r\n        \"_512\": \"\/wp-content\/uploads\/2025\/07\/IMG-20180118-WA0023-512x384.jpg\",\r\n        \"_265\": \"\/wp-content\/uploads\/2025\/07\/IMG-20180118-WA0023-265x199.jpg\"\r\n      },\r\n      \"w\": 1024,\r\n      \"h\": 768,\r\n      \"ar\": 0.75,\r\n      \"alt\": \"\",\r\n      \"absolute_position\": false,\r\n      \"textAnimation\": {\r\n        \"enableTextAnimation\": false\r\n      },\r\n      \"lightbox_caption\": \"<p class=\\\"_Small\\\"><span>\u00a9 Madalena Vidigal<\/span><\/p>\"\r\n    },\r\n    {\r\n      \"type\": \"img\",\r\n      \"cont\": \"\/wp-content\/uploads\/2025\/07\/dg783641.jpg\",\r\n      \"align\": \"top\",\r\n      \"row\": 9,\r\n      \"col\": 6,\r\n      \"colspan\": 3,\r\n      \"offsetx\": 0,\r\n      \"offsety\": 0,\r\n      \"spaceabove\": 0,\r\n      \"spacebelow\": 0,\r\n      \"yvel\": 1,\r\n      \"push\": 4,\r\n      \"relid\": 21,\r\n      \"attid\": 121,\r\n      \"sizes\": {\r\n        \"full\": \"\/wp-content\/uploads\/2025\/07\/dg783641.jpg\",\r\n        \"_1280\": \"\/wp-content\/uploads\/2025\/07\/dg783641-1280x960.jpg\",\r\n        \"_1024\": \"\/wp-content\/uploads\/2025\/07\/dg783641-1024x768.jpg\",\r\n        \"_768\": \"\/wp-content\/uploads\/2025\/07\/dg783641-768x576.jpg\",\r\n        \"_512\": \"\/wp-content\/uploads\/2025\/07\/dg783641-512x384.jpg\",\r\n        \"_265\": \"\/wp-content\/uploads\/2025\/07\/dg783641-265x199.jpg\"\r\n      },\r\n      \"w\": 1920,\r\n      \"h\": 1440,\r\n      \"ar\": 0.75,\r\n      \"alt\": \"\",\r\n      \"absolute_position\": false,\r\n      \"textAnimation\": {\r\n        \"enableTextAnimation\": false\r\n      },\r\n      \"lightbox_caption\": \"<p class=\\\"_Small\\\"><span>\u00a9 Duarte Belo<\/span><\/p>\"\r\n    },\r\n    {\r\n      \"type\": \"text\",\r\n      \"cont\": \"<div data-collapsed=\\\"false\\\">\\n<div data-type=\\\"text\\\" data-yvel=\\\"1\\\">\\n<p class=\\\"_Default\\\">\u201cE na hora do apocalipse biogr\u00e1fico, quando as \u00e1guas envolverem a hist\u00f3ria, a vida, a obra da obra, veremos tudo: morremos daquilo, levados para o abismo pelo irrevoc\u00e1vel peso extra\u00eddo, um peso maior que os trabalhos e os dias. [...] Aquilo que fazemos, oh sim, \u00e9 isso que nos faz e desfaz, a vida que fazemos, a nossa vida em pergunta telep\u00e1tica. Morremos dela.\u201d (Herberto H\u00e9lder, 1990)<\/p>\\n<\/div>\\n<\/div>\",\r\n      \"align\": \"top\",\r\n      \"row\": 10,\r\n      \"col\": 2,\r\n      \"colspan\": 4,\r\n      \"offsetx\": 0,\r\n      \"offsety\": 0,\r\n      \"spaceabove\": 0,\r\n      \"spacebelow\": 0,\r\n      \"yvel\": 1,\r\n      \"push\": 2,\r\n      \"relid\": 48,\r\n      \"absolute_position\": false,\r\n      \"textAnimation\": {\r\n        \"enableTextAnimation\": false\r\n      }\r\n    },\r\n    {\r\n      \"type\": \"img\",\r\n      \"cont\": \"\/wp-content\/uploads\/2025\/07\/dg787146.jpg\",\r\n      \"align\": \"top\",\r\n      \"row\": 11,\r\n      \"col\": 2,\r\n      \"colspan\": 4,\r\n      \"offsetx\": 0,\r\n      \"offsety\": 0,\r\n      \"spaceabove\": 0,\r\n      \"spacebelow\": 0,\r\n      \"yvel\": 1,\r\n      \"push\": 2,\r\n      \"relid\": 20,\r\n      \"attid\": 122,\r\n      \"sizes\": {\r\n        \"full\": \"\/wp-content\/uploads\/2025\/07\/dg787146.jpg\",\r\n        \"_1280\": \"\/wp-content\/uploads\/2025\/07\/dg787146-1280x853.jpg\",\r\n        \"_1024\": \"\/wp-content\/uploads\/2025\/07\/dg787146-1024x683.jpg\",\r\n        \"_768\": \"\/wp-content\/uploads\/2025\/07\/dg787146-768x512.jpg\",\r\n        \"_512\": \"\/wp-content\/uploads\/2025\/07\/dg787146-512x341.jpg\",\r\n        \"_265\": \"\/wp-content\/uploads\/2025\/07\/dg787146-265x177.jpg\"\r\n      },\r\n      \"w\": 1920,\r\n      \"h\": 1280,\r\n      \"ar\": 0.6666666666666666,\r\n      \"alt\": \"\",\r\n      \"absolute_position\": false,\r\n      \"textAnimation\": {\r\n        \"enableTextAnimation\": false\r\n      },\r\n      \"lightbox_caption\": \"<p class=\\\"_Small\\\"><span>\u00a9 Duarte Belo<\/span><\/p>\"\r\n    },\r\n    {\r\n      \"type\": \"text\",\r\n      \"cont\": \"<p class=\\\"_Small\\\">Exhibition<\/p>\\n<p class=\\\"_Small\\\">Organization and production: Porta33<br \/>Curation: Madalena Vidigal<br \/>Consultancy: Teresa Goes Ferreira<br \/>Photography: Duarte Belo<br \/>Graphic Design: Dayana Lucas<br \/>Financial suppport: Funda\u00e7\u00e3o Calouste Gulbenkian<br \/>Institutional support: Regi\u00e3o Aut\u00f3noma da Madeira | Secretaria Regional do Turismo e Cultura, C\u00e2mara Municipal do Funchal, Funda\u00e7\u00e3o Marques da Silva, Instituto de Emprego da Madeira \u2014 IP-RAM<br \/>Logistics support: Pestana Hotel Group<\/p>\",\r\n      \"align\": \"top\",\r\n      \"row\": 12,\r\n      \"col\": 5,\r\n      \"colspan\": 4,\r\n      \"offsetx\": 0,\r\n      \"offsety\": 0,\r\n      \"spaceabove\": 0,\r\n      \"spacebelow\": 0,\r\n      \"yvel\": 1,\r\n      \"push\": 5,\r\n      \"relid\": 15,\r\n      \"absolute_position\": false,\r\n      \"textAnimation\": {\r\n        \"enableTextAnimation\": false\r\n      },\r\n      \"frameOverflow\": \"\"\r\n    },\r\n    {\r\n      \"type\": \"text\",\r\n      \"cont\": \"<p class=\\\"_Small\\\" style=\\\"text-align: left;\\\"><a class=\\\"layprevproject\\\" href=\\\"#layprevproject\\\">Previous project<\/a><\/p>\",\r\n      \"align\": \"bottom\",\r\n      \"row\": 13,\r\n      \"col\": 0,\r\n      \"colspan\": 2,\r\n      \"offsetx\": 0,\r\n      \"offsety\": 0,\r\n      \"spaceabove\": 0,\r\n      \"spacebelow\": 0,\r\n      \"yvel\": 1,\r\n      \"push\": 0,\r\n      \"relid\": 18,\r\n      \"absolute_position\": false,\r\n      \"textAnimation\": {\r\n        \"enableTextAnimation\": false\r\n      }\r\n    },\r\n    {\r\n      \"type\": \"text\",\r\n      \"cont\": \"<p class=\\\"_Small\\\" style=\\\"text-align: right;\\\"><a class=\\\"laynextproject\\\" href=\\\"#laynextproject\\\">Next project<\/a><\/p>\",\r\n      \"align\": \"bottom\",\r\n      \"row\": 13,\r\n      \"col\": 7,\r\n      \"colspan\": 3,\r\n      \"offsetx\": 0,\r\n      \"offsety\": 0,\r\n      \"spaceabove\": 0,\r\n      \"spacebelow\": 0,\r\n      \"yvel\": 1,\r\n      \"push\": 5,\r\n      \"relid\": 17,\r\n      \"absolute_position\": false,\r\n      \"textAnimation\": {\r\n        \"enableTextAnimation\": false\r\n      },\r\n      \"frameOverflow\": \"\"\r\n    }\r\n  ]\r\n}","phonegrid":"{\r\n  \"colCount\": 12,\r\n  \"colGutter\": \"0\",\r\n  \"rowGutters\": [\r\n    75,\r\n    75,\r\n    75,\r\n    75,\r\n    75,\r\n    75,\r\n    75,\r\n    75,\r\n    75,\r\n    75,\r\n    75,\r\n    75,\r\n    75,\r\n    75,\r\n    75,\r\n    75,\r\n    75\r\n  ],\r\n  \"frameMargin\": 5,\r\n  \"topFrameMargin\": 55,\r\n  \"rightFrameMargin\": 25,\r\n  \"bottomFrameMargin\": 25,\r\n  \"leftFrameMargin\": 25,\r\n  \"mus\": {\r\n    \"colGutterMu\": \"px\",\r\n    \"rowGutterMu\": \"px\",\r\n    \"topFrameMu\": \"px\",\r\n    \"bottomFrameMu\": \"px\",\r\n    \"frameMu\": \"px\"\r\n  },\r\n  \"rowAttrs\": [\r\n    {\r\n      \"relid\": 7\r\n    },\r\n    {\r\n      \"relid\": 29\r\n    },\r\n    {\r\n      \"relid\": 30\r\n    },\r\n    {\r\n      \"relid\": 33\r\n    },\r\n    {\r\n      \"relid\": 34\r\n    },\r\n    {\r\n      \"relid\": 49\r\n    },\r\n    {\r\n      \"relid\": 55\r\n    },\r\n    {\r\n      \"relid\": 35\r\n    },\r\n    {\r\n      \"relid\": 52\r\n    },\r\n    {\r\n      \"relid\": 50\r\n    },\r\n    {\r\n      \"relid\": 36\r\n    },\r\n    {\r\n      \"relid\": 37\r\n    },\r\n    {\r\n      \"relid\": 39\r\n    },\r\n    {\r\n      \"relid\": 41\r\n    },\r\n    {\r\n      \"relid\": 53\r\n    },\r\n    {\r\n      \"relid\": 42\r\n    },\r\n    {\r\n      \"relid\": 44\r\n    },\r\n    {\r\n      \"relid\": 45\r\n    }\r\n  ],\r\n  \"bgColor\": null,\r\n  \"bgImage\": null,\r\n  \"cont\": [\r\n    {\r\n      \"type\": \"text\",\r\n      \"cont\": \"<p style=\\\"text-align: center;\\\">Studies<\/p>\",\r\n      \"align\": \"bottom\",\r\n      \"row\": 0,\r\n      \"col\": 0,\r\n      \"colspan\": 6,\r\n      \"offsetx\": 0,\r\n      \"offsety\": 0,\r\n      \"spaceabove\": 0,\r\n      \"spacebelow\": 0,\r\n      \"yvel\": 1,\r\n      \"push\": 0,\r\n      \"relid\": 5,\r\n      \"absolute_position\": false,\r\n      \"textAnimation\": {\r\n        \"enableTextAnimation\": false\r\n      },\r\n      \"bgColor\": {\r\n        \"enableBgColor\": true,\r\n        \"bgColor\": \"#FFBC44\",\r\n        \"bgOpacity\": 100\r\n      },\r\n      \"frameOverflow\": \"\"\r\n    },\r\n    {\r\n      \"type\": \"text\",\r\n      \"cont\": \"<p style=\\\"text-align: center;\\\">Curation<\/p>\",\r\n      \"align\": \"top\",\r\n      \"row\": 0,\r\n      \"col\": 6,\r\n      \"colspan\": 6,\r\n      \"offsetx\": 0,\r\n      \"offsety\": 0,\r\n      \"spaceabove\": 0,\r\n      \"spacebelow\": 0,\r\n      \"yvel\": 1,\r\n      \"push\": 0,\r\n      \"relid\": 6,\r\n      \"absolute_position\": false,\r\n      \"textAnimation\": {\r\n        \"enableTextAnimation\": false\r\n      },\r\n      \"bgColor\": {\r\n        \"enableBgColor\": true,\r\n        \"bgColor\": \"#F19E8E\",\r\n        \"bgOpacity\": 100\r\n      }\r\n    },\r\n    {\r\n      \"type\": \"text\",\r\n      \"cont\": \"<p class=\\\"_Big\\\">Rui Goes Ferreira: image of an interrupted work<\/p>\\n<p class=\\\"_Default\\\">with photography by Duarte Belo<\/p>\",\r\n      \"align\": \"top\",\r\n      \"row\": 1,\r\n      \"col\": 0,\r\n      \"colspan\": 12,\r\n      \"offsetx\": 0,\r\n      \"offsety\": 0,\r\n      \"spaceabove\": 0,\r\n      \"spacebelow\": 0,\r\n      \"yvel\": 1,\r\n      \"push\": 0,\r\n      \"relid\": 2,\r\n      \"absolute_position\": false\r\n    },\r\n    {\r\n      \"type\": \"text\",\r\n      \"cont\": \"<div data-collapsed=\\\"false\\\">\\n<div data-type=\\\"text\\\" data-yvel=\\\"1\\\">\\n<p class=\\\"_Small\\\" style=\\\"text-align: right;\\\"><span>December 2017 - March 2018<\/span><\/p>\\n<\/div>\\n<\/div>\",\r\n      \"align\": \"bottom\",\r\n      \"row\": 2,\r\n      \"col\": 0,\r\n      \"colspan\": 12,\r\n      \"offsetx\": 0,\r\n      \"offsety\": 0,\r\n      \"spaceabove\": 0,\r\n      \"spacebelow\": 0,\r\n      \"yvel\": 1,\r\n      \"push\": 0,\r\n      \"relid\": 3,\r\n      \"absolute_position\": false,\r\n      \"textAnimation\": {\r\n        \"enableTextAnimation\": false\r\n      }\r\n    },\r\n    {\r\n      \"type\": \"carousel\",\r\n      \"cont\": \"\",\r\n      \"align\": \"bottom\",\r\n      \"row\": 3,\r\n      \"col\": 0,\r\n      \"colspan\": 12,\r\n      \"offsetx\": 0,\r\n      \"offsety\": 0,\r\n      \"spaceabove\": 0,\r\n      \"spacebelow\": 0,\r\n      \"yvel\": 1,\r\n      \"push\": 0,\r\n      \"relid\": 32,\r\n      \"carousel_options\": {\r\n        \"random\": false,\r\n        \"autoplay\": false,\r\n        \"showMultipleSlides\": false,\r\n        \"freeScroll\": false,\r\n        \"mousewheelScroll\": false,\r\n        \"size\": \"aspectRatioOfFirstElement\",\r\n        \"slidesWidth\": \"null\",\r\n        \"transition\": \"sliding\",\r\n        \"loop\": \"1\",\r\n        \"spaceBetween\": 0,\r\n        \"captionsUnderSlides\": false,\r\n        \"autoplaySpeed\": 3000,\r\n        \"autoplayDelay\": 0,\r\n        \"transitionSpeed\": 300\r\n      },\r\n      \"carousel\": [\r\n        {\r\n          \"type\": \"img\",\r\n          \"attid\": 106,\r\n          \"cont\": \"\/wp-content\/uploads\/2025\/07\/12.jpg\",\r\n          \"sizes\": {\r\n            \"full\": \"\/wp-content\/uploads\/2025\/07\/12.jpg\",\r\n            \"_1280\": \"\/wp-content\/uploads\/2025\/07\/12-1280x853.jpg\",\r\n            \"_1024\": \"\/wp-content\/uploads\/2025\/07\/12-1024x683.jpg\",\r\n            \"_768\": \"\/wp-content\/uploads\/2025\/07\/12-768x512.jpg\",\r\n            \"_512\": \"\/wp-content\/uploads\/2025\/07\/12-512x341.jpg\",\r\n            \"_265\": \"\/wp-content\/uploads\/2025\/07\/12-265x177.jpg\"\r\n          },\r\n          \"w\": 1920,\r\n          \"h\": 1280,\r\n          \"ar\": 0.6666666666666666,\r\n          \"alt\": \"\",\r\n          \"caption\": \"<p class=\\\"_Small\\\"><span>\u00a9 Duarte Belo<\/span><\/p>\"\r\n        },\r\n        {\r\n          \"type\": \"img\",\r\n          \"attid\": 107,\r\n          \"cont\": \"\/wp-content\/uploads\/2025\/07\/14.jpg\",\r\n          \"sizes\": {\r\n            \"full\": \"\/wp-content\/uploads\/2025\/07\/14.jpg\",\r\n            \"_4096\": \"\/wp-content\/uploads\/2025\/07\/14-4096x2731.jpg\",\r\n            \"_3840\": \"\/wp-content\/uploads\/2025\/07\/14-3840x2560.jpg\",\r\n            \"_3200\": \"\/wp-content\/uploads\/2025\/07\/14-3200x2133.jpg\",\r\n            \"_2560\": \"\/wp-content\/uploads\/2025\/07\/14-2560x1707.jpg\",\r\n            \"_1920\": \"\/wp-content\/uploads\/2025\/07\/14-1920x1280.jpg\",\r\n            \"_1280\": \"\/wp-content\/uploads\/2025\/07\/14-1280x853.jpg\",\r\n            \"_1024\": \"\/wp-content\/uploads\/2025\/07\/14-1024x683.jpg\",\r\n            \"_768\": \"\/wp-content\/uploads\/2025\/07\/14-768x512.jpg\",\r\n            \"_512\": \"\/wp-content\/uploads\/2025\/07\/14-512x341.jpg\",\r\n            \"_265\": \"\/wp-content\/uploads\/2025\/07\/14-265x177.jpg\"\r\n          },\r\n          \"w\": 6078,\r\n          \"h\": 4052,\r\n          \"ar\": 0.6666666666666666,\r\n          \"alt\": \"\",\r\n          \"caption\": \"<p class=\\\"_Small\\\"><span>\u00a9 Duarte Belo<\/span><\/p>\"\r\n        },\r\n        {\r\n          \"type\": \"img\",\r\n          \"attid\": 115,\r\n          \"cont\": \"\/wp-content\/uploads\/2025\/07\/15a.jpg\",\r\n          \"sizes\": {\r\n            \"full\": \"\/wp-content\/uploads\/2025\/07\/15a.jpg\",\r\n            \"_1280\": \"\/wp-content\/uploads\/2025\/07\/15a-1280x853.jpg\",\r\n            \"_1024\": \"\/wp-content\/uploads\/2025\/07\/15a-1024x683.jpg\",\r\n            \"_768\": \"\/wp-content\/uploads\/2025\/07\/15a-768x512.jpg\",\r\n            \"_512\": \"\/wp-content\/uploads\/2025\/07\/15a-512x341.jpg\",\r\n            \"_265\": \"\/wp-content\/uploads\/2025\/07\/15a-265x177.jpg\"\r\n          },\r\n          \"w\": 1920,\r\n          \"h\": 1280,\r\n          \"ar\": 0.6666666666666666,\r\n          \"alt\": \"\",\r\n          \"caption\": \"<p class=\\\"_Small\\\"><span>\u00a9 Duarte Belo<\/span><\/p>\"\r\n        },\r\n        {\r\n          \"type\": \"img\",\r\n          \"attid\": 116,\r\n          \"cont\": \"\/wp-content\/uploads\/2025\/07\/19.jpg\",\r\n          \"sizes\": {\r\n            \"full\": \"\/wp-content\/uploads\/2025\/07\/19.jpg\",\r\n            \"_1280\": \"\/wp-content\/uploads\/2025\/07\/19-1280x853.jpg\",\r\n            \"_1024\": \"\/wp-content\/uploads\/2025\/07\/19-1024x683.jpg\",\r\n            \"_768\": \"\/wp-content\/uploads\/2025\/07\/19-768x512.jpg\",\r\n            \"_512\": \"\/wp-content\/uploads\/2025\/07\/19-512x341.jpg\",\r\n            \"_265\": \"\/wp-content\/uploads\/2025\/07\/19-265x177.jpg\"\r\n          },\r\n          \"w\": 1920,\r\n          \"h\": 1280,\r\n          \"ar\": 0.6666666666666666,\r\n          \"alt\": \"\",\r\n          \"caption\": \"<p class=\\\"_Small\\\"><span>\u00a9 Duarte Belo<\/span><\/p>\"\r\n        },\r\n        {\r\n          \"type\": \"img\",\r\n          \"attid\": 108,\r\n          \"cont\": \"\/wp-content\/uploads\/2025\/07\/22.jpg\",\r\n          \"sizes\": {\r\n            \"full\": \"\/wp-content\/uploads\/2025\/07\/22.jpg\",\r\n            \"_1280\": \"\/wp-content\/uploads\/2025\/07\/22-1280x853.jpg\",\r\n            \"_1024\": \"\/wp-content\/uploads\/2025\/07\/22-1024x683.jpg\",\r\n            \"_768\": \"\/wp-content\/uploads\/2025\/07\/22-768x512.jpg\",\r\n            \"_512\": \"\/wp-content\/uploads\/2025\/07\/22-512x341.jpg\",\r\n            \"_265\": \"\/wp-content\/uploads\/2025\/07\/22-265x177.jpg\"\r\n          },\r\n          \"w\": 1920,\r\n          \"h\": 1280,\r\n          \"ar\": 0.6666666666666666,\r\n          \"alt\": \"\",\r\n          \"caption\": \"<p class=\\\"_Small\\\"><span>\u00a9 Duarte Belo<\/span><\/p>\"\r\n        }\r\n      ],\r\n      \"absolute_position\": false,\r\n      \"textAnimation\": {\r\n        \"enableTextAnimation\": false\r\n      },\r\n      \"caption\": \"\"\r\n    },\r\n    {\r\n      \"type\": \"text\",\r\n      \"cont\": \"<div data-collapsed=\\\"false\\\">\\n<div data-type=\\\"text\\\" data-yvel=\\\"1\\\">\\n<p class=\\\"_Default\\\"><a rel=\\\"noopener\\\" href=\\\"https:\/\/www.porta33.com\/porta33_madeira\/exposicoes\/content_exposicoes\/rui-goes-ferreira\/rui-goes-ferreira-exposicao.html\\\" target=\\\"_blank\\\">Rui Goes Ferreira: image of an interrupted work<\/a>, the exhibition was born from the research carried out in 2016 as part of the master\u2019s thesis in Architecture at the University of Porto, entitled \u201cRui Goes Ferreira. Essays on an interrupted work. Madeira 1956-1978.\u201d<\/p>\\n<p class=\\\"_Default\\\">Reflecting on the thought and work of Rui Goes Ferreira, the exhibition seeks to convey the intensity of his process and production, contextualising them through the photographic and documentary survey of his work.<\/p>\\n<p class=\\\"_Default\\\">The exhibition was supported by the Calouste Gulbenkian Foundation and was on display at Porta33 in Funchal between January and March 2018. The opening was marked by a conversation with Sergio Fernandez, Madalena Vidigal, Duarte Belo and Andr\u00e9 Tavares.<\/p>\\n<\/div>\\n<\/div>\",\r\n      \"align\": \"bottom\",\r\n      \"row\": 4,\r\n      \"col\": 0,\r\n      \"colspan\": 12,\r\n      \"offsetx\": 0,\r\n      \"offsety\": 0,\r\n      \"spaceabove\": 0,\r\n      \"spacebelow\": 0,\r\n      \"yvel\": 1,\r\n      \"push\": 0,\r\n      \"relid\": 10,\r\n      \"absolute_position\": false,\r\n      \"textAnimation\": {\r\n        \"enableTextAnimation\": false\r\n      }\r\n    },\r\n    {\r\n      \"type\": \"text\",\r\n      \"cont\": \"<div data-collapsed=\\\"false\\\">\\n<div data-type=\\\"text\\\" data-yvel=\\\"1\\\">\\n<p class=\\\"_Default\\\">The exhibition was the culmination of a personal initiative project aimed at protecting and promoting the architectural heritage of Rui Goes Ferreira's work in the Madeira Islands. This included the safeguarding and donation process of the architect\u2019s archive to the <a rel=\\\"noopener\\\" href=\\\"https:\/\/fims.up.pt\/index.php?cat=19&amp;subcat=86\\\" target=\\\"_blank\\\">Marques da Silva Institute Foundation<\/a> in 2019. Since then, several initiatives have contributed to the knowledge of his work and more recently he was distinguished <a rel=\\\"noopener\\\" href=\\\"https:\/\/arquitectos.pt\/?no=101068:249\\\" target=\\\"_blank\\\">Honorary Member of the Portuguese Architects Registration Board<\/a>.<\/p>\\n<\/div>\\n<\/div>\",\r\n      \"align\": \"top\",\r\n      \"row\": 5,\r\n      \"col\": 0,\r\n      \"colspan\": 12,\r\n      \"offsetx\": 0,\r\n      \"offsety\": 0,\r\n      \"spaceabove\": 0,\r\n      \"spacebelow\": 0,\r\n      \"yvel\": 1,\r\n      \"push\": 0,\r\n      \"relid\": 46,\r\n      \"absolute_position\": false,\r\n      \"textAnimation\": {\r\n        \"enableTextAnimation\": false\r\n      },\r\n      \"frameOverflow\": \"\"\r\n    },\r\n    {\r\n      \"type\": \"text\",\r\n      \"cont\": \"<p class=\\\"_Small\\\" style=\\\"text-align: right;\\\"><a rel=\\\"noopener\\\" href=\\\"https:\/\/www.revistapunkto.com\/2018\/02\/rui-goes-ferreira-imagem-de-uma-obra.html\\\" target=\\\"_blank\\\">Critical Review +<\/a><\/p>\",\r\n      \"align\": \"top\",\r\n      \"row\": 6,\r\n      \"col\": 8,\r\n      \"colspan\": 4,\r\n      \"offsetx\": 0,\r\n      \"offsety\": 0,\r\n      \"spaceabove\": 0,\r\n      \"spacebelow\": 0,\r\n      \"yvel\": 1,\r\n      \"push\": 8,\r\n      \"relid\": 54,\r\n      \"absolute_position\": false,\r\n      \"textAnimation\": {\r\n        \"enableTextAnimation\": false\r\n      },\r\n      \"zIndex\": 7,\r\n      \"frameOverflow\": \"\"\r\n    },\r\n    {\r\n      \"type\": \"img\",\r\n      \"cont\": \"\/wp-content\/uploads\/2025\/07\/dg787780.jpg\",\r\n      \"align\": \"top\",\r\n      \"row\": 7,\r\n      \"col\": 0,\r\n      \"colspan\": 6,\r\n      \"offsetx\": 0,\r\n      \"offsety\": 0,\r\n      \"spaceabove\": 0,\r\n      \"spacebelow\": 0,\r\n      \"yvel\": 1,\r\n      \"push\": 0,\r\n      \"relid\": 19,\r\n      \"attid\": 123,\r\n      \"sizes\": {\r\n        \"full\": \"\/wp-content\/uploads\/2025\/07\/dg787780.jpg\",\r\n        \"_1280\": \"\/wp-content\/uploads\/2025\/07\/dg787780-1280x960.jpg\",\r\n        \"_1024\": \"\/wp-content\/uploads\/2025\/07\/dg787780-1024x768.jpg\",\r\n        \"_768\": \"\/wp-content\/uploads\/2025\/07\/dg787780-768x576.jpg\",\r\n        \"_512\": \"\/wp-content\/uploads\/2025\/07\/dg787780-512x384.jpg\",\r\n        \"_265\": \"\/wp-content\/uploads\/2025\/07\/dg787780-265x199.jpg\"\r\n      },\r\n      \"w\": 1920,\r\n      \"h\": 1440,\r\n      \"ar\": 0.75,\r\n      \"alt\": \"\",\r\n      \"absolute_position\": false,\r\n      \"textAnimation\": {\r\n        \"enableTextAnimation\": false\r\n      },\r\n      \"lightbox_caption\": \"<h3 class=\\\"_Small\\\"><span>\u00a9 Duarte Belo<\/span><\/h3>\",\r\n      \"frameOverflow\": \"\"\r\n    },\r\n    {\r\n      \"type\": \"img\",\r\n      \"cont\": \"\/wp-content\/uploads\/2025\/07\/10.jpg\",\r\n      \"align\": \"top\",\r\n      \"row\": 8,\r\n      \"col\": 6,\r\n      \"colspan\": 6,\r\n      \"offsetx\": 0,\r\n      \"offsety\": 0,\r\n      \"spaceabove\": 0,\r\n      \"spacebelow\": 0,\r\n      \"yvel\": 1,\r\n      \"push\": 6,\r\n      \"relid\": 28,\r\n      \"attid\": 113,\r\n      \"sizes\": {\r\n        \"full\": \"\/wp-content\/uploads\/2025\/07\/10.jpg\",\r\n        \"_1280\": \"\/wp-content\/uploads\/2025\/07\/10-1280x853.jpg\",\r\n        \"_1024\": \"\/wp-content\/uploads\/2025\/07\/10-1024x683.jpg\",\r\n        \"_768\": \"\/wp-content\/uploads\/2025\/07\/10-768x512.jpg\",\r\n        \"_512\": \"\/wp-content\/uploads\/2025\/07\/10-512x341.jpg\",\r\n        \"_265\": \"\/wp-content\/uploads\/2025\/07\/10-265x177.jpg\"\r\n      },\r\n      \"w\": 1920,\r\n      \"h\": 1280,\r\n      \"ar\": 0.6666666666666666,\r\n      \"alt\": \"\",\r\n      \"absolute_position\": false,\r\n      \"textAnimation\": {\r\n        \"enableTextAnimation\": false\r\n      },\r\n      \"lightbox_caption\": \"<p class=\\\"_Small\\\"><span>\u00a9 Duarte Belo<\/span><\/p>\",\r\n      \"frameOverflow\": \"\"\r\n    },\r\n    {\r\n      \"type\": \"img\",\r\n      \"cont\": \"\/wp-content\/uploads\/2025\/07\/2.jpg\",\r\n      \"align\": \"middle\",\r\n      \"row\": 9,\r\n      \"col\": 0,\r\n      \"colspan\": 6,\r\n      \"offsetx\": 0,\r\n      \"offsety\": 0,\r\n      \"spaceabove\": 0,\r\n      \"spacebelow\": 0,\r\n      \"yvel\": 1,\r\n      \"push\": 0,\r\n      \"relid\": 51,\r\n      \"attid\": 109,\r\n      \"sizes\": {\r\n        \"full\": \"\/wp-content\/uploads\/2025\/07\/2.jpg\",\r\n        \"_1280\": \"\/wp-content\/uploads\/2025\/07\/2-1280x853.jpg\",\r\n        \"_1024\": \"\/wp-content\/uploads\/2025\/07\/2-1024x683.jpg\",\r\n        \"_768\": \"\/wp-content\/uploads\/2025\/07\/2-768x512.jpg\",\r\n        \"_512\": \"\/wp-content\/uploads\/2025\/07\/2-512x341.jpg\",\r\n        \"_265\": \"\/wp-content\/uploads\/2025\/07\/2-265x177.jpg\"\r\n      },\r\n      \"w\": 1920,\r\n      \"h\": 1280,\r\n      \"ar\": 0.6666666666666666,\r\n      \"alt\": \"\",\r\n      \"absolute_position\": false,\r\n      \"textAnimation\": {\r\n        \"enableTextAnimation\": false\r\n      },\r\n      \"frameOverflow\": \"\",\r\n      \"lightbox_caption\": \"<p class=\\\"_Small\\\"><span>\u00a9 Duarte Belo<\/span><\/p>\"\r\n    },\r\n    {\r\n      \"type\": \"img\",\r\n      \"cont\": \"\/wp-content\/uploads\/2025\/07\/7a.jpg\",\r\n      \"align\": \"top\",\r\n      \"row\": 10,\r\n      \"col\": 0,\r\n      \"colspan\": 12,\r\n      \"offsetx\": 0,\r\n      \"offsety\": 0,\r\n      \"spaceabove\": 0,\r\n      \"spacebelow\": 0,\r\n      \"yvel\": 1,\r\n      \"push\": 0,\r\n      \"relid\": 22,\r\n      \"attid\": 112,\r\n      \"sizes\": {\r\n        \"full\": \"\/wp-content\/uploads\/2025\/07\/7a.jpg\",\r\n        \"_1280\": \"\/wp-content\/uploads\/2025\/07\/7a-1280x853.jpg\",\r\n        \"_1024\": \"\/wp-content\/uploads\/2025\/07\/7a-1024x683.jpg\",\r\n        \"_768\": \"\/wp-content\/uploads\/2025\/07\/7a-768x512.jpg\",\r\n        \"_512\": \"\/wp-content\/uploads\/2025\/07\/7a-512x341.jpg\",\r\n        \"_265\": \"\/wp-content\/uploads\/2025\/07\/7a-265x177.jpg\"\r\n      },\r\n      \"w\": 1920,\r\n      \"h\": 1280,\r\n      \"ar\": 0.6666666666666666,\r\n      \"alt\": \"\",\r\n      \"absolute_position\": false,\r\n      \"textAnimation\": {\r\n        \"enableTextAnimation\": false\r\n      },\r\n      \"lightbox_caption\": \"<p class=\\\"_Small\\\"><span>\u00a9 Duarte Belo<\/span><\/p>\",\r\n      \"frameOverflow\": \"\"\r\n    },\r\n    {\r\n      \"type\": \"img\",\r\n      \"cont\": \"\/wp-content\/uploads\/2025\/07\/7.jpg\",\r\n      \"align\": \"top\",\r\n      \"row\": 11,\r\n      \"col\": 0,\r\n      \"colspan\": 12,\r\n      \"offsetx\": 0,\r\n      \"offsety\": 0,\r\n      \"spaceabove\": 0,\r\n      \"spacebelow\": 0,\r\n      \"yvel\": 1,\r\n      \"push\": 0,\r\n      \"relid\": 27,\r\n      \"attid\": 111,\r\n      \"sizes\": {\r\n        \"full\": \"\/wp-content\/uploads\/2025\/07\/7.jpg\",\r\n        \"_1280\": \"\/wp-content\/uploads\/2025\/07\/7-1280x853.jpg\",\r\n        \"_1024\": \"\/wp-content\/uploads\/2025\/07\/7-1024x683.jpg\",\r\n        \"_768\": \"\/wp-content\/uploads\/2025\/07\/7-768x512.jpg\",\r\n        \"_512\": \"\/wp-content\/uploads\/2025\/07\/7-512x341.jpg\",\r\n        \"_265\": \"\/wp-content\/uploads\/2025\/07\/7-265x177.jpg\"\r\n      },\r\n      \"w\": 1920,\r\n      \"h\": 1280,\r\n      \"ar\": 0.6666666666666666,\r\n      \"alt\": \"\",\r\n      \"absolute_position\": false,\r\n      \"textAnimation\": {\r\n        \"enableTextAnimation\": false\r\n      },\r\n      \"lightbox_caption\": \"<p class=\\\"_Small\\\"><span>\u00a9 Duarte Belo<\/span><\/p>\"\r\n    },\r\n    {\r\n      \"type\": \"img\",\r\n      \"cont\": \"\/wp-content\/uploads\/2025\/07\/IMG-20180118-WA0018.jpg\",\r\n      \"align\": \"top\",\r\n      \"row\": 12,\r\n      \"col\": 0,\r\n      \"colspan\": 6,\r\n      \"offsetx\": 0,\r\n      \"offsety\": 0,\r\n      \"spaceabove\": 0,\r\n      \"spacebelow\": 0,\r\n      \"yvel\": 1,\r\n      \"push\": 0,\r\n      \"relid\": 25,\r\n      \"attid\": 125,\r\n      \"sizes\": {\r\n        \"full\": \"\/wp-content\/uploads\/2025\/07\/IMG-20180118-WA0018.jpg\",\r\n        \"_768\": \"\/wp-content\/uploads\/2025\/07\/IMG-20180118-WA0018-768x576.jpg\",\r\n        \"_512\": \"\/wp-content\/uploads\/2025\/07\/IMG-20180118-WA0018-512x384.jpg\",\r\n        \"_265\": \"\/wp-content\/uploads\/2025\/07\/IMG-20180118-WA0018-265x199.jpg\"\r\n      },\r\n      \"w\": 1024,\r\n      \"h\": 768,\r\n      \"ar\": 0.75,\r\n      \"alt\": \"\",\r\n      \"absolute_position\": false,\r\n      \"textAnimation\": {\r\n        \"enableTextAnimation\": false\r\n      },\r\n      \"lightbox_caption\": \"<p class=\\\"_Small\\\"><span>\u00a9 Madalena Vidigal<\/span><\/p>\"\r\n    },\r\n    {\r\n      \"type\": \"img\",\r\n      \"cont\": \"\/wp-content\/uploads\/2025\/07\/IMG-20180118-WA0023.jpg\",\r\n      \"align\": \"top\",\r\n      \"row\": 12,\r\n      \"col\": 6,\r\n      \"colspan\": 6,\r\n      \"offsetx\": 0,\r\n      \"offsety\": 0,\r\n      \"spaceabove\": 0,\r\n      \"spacebelow\": 0,\r\n      \"yvel\": 1,\r\n      \"push\": 0,\r\n      \"relid\": 24,\r\n      \"attid\": 126,\r\n      \"sizes\": {\r\n        \"full\": \"\/wp-content\/uploads\/2025\/07\/IMG-20180118-WA0023.jpg\",\r\n        \"_768\": \"\/wp-content\/uploads\/2025\/07\/IMG-20180118-WA0023-768x576.jpg\",\r\n        \"_512\": \"\/wp-content\/uploads\/2025\/07\/IMG-20180118-WA0023-512x384.jpg\",\r\n        \"_265\": \"\/wp-content\/uploads\/2025\/07\/IMG-20180118-WA0023-265x199.jpg\"\r\n      },\r\n      \"w\": 1024,\r\n      \"h\": 768,\r\n      \"ar\": 0.75,\r\n      \"alt\": \"\",\r\n      \"absolute_position\": false,\r\n      \"textAnimation\": {\r\n        \"enableTextAnimation\": false\r\n      },\r\n      \"lightbox_caption\": \"<p class=\\\"_Small\\\"><span>\u00a9 Madalena Vidigal<\/span><\/p>\"\r\n    },\r\n    {\r\n      \"type\": \"img\",\r\n      \"cont\": \"\/wp-content\/uploads\/2025\/07\/dg783641.jpg\",\r\n      \"align\": \"top\",\r\n      \"row\": 13,\r\n      \"col\": 6,\r\n      \"colspan\": 5,\r\n      \"offsetx\": 0,\r\n      \"offsety\": 0,\r\n      \"spaceabove\": 0,\r\n      \"spacebelow\": 0,\r\n      \"yvel\": 1,\r\n      \"push\": 6,\r\n      \"relid\": 21,\r\n      \"attid\": 121,\r\n      \"sizes\": {\r\n        \"full\": \"\/wp-content\/uploads\/2025\/07\/dg783641.jpg\",\r\n        \"_1280\": \"\/wp-content\/uploads\/2025\/07\/dg783641-1280x960.jpg\",\r\n        \"_1024\": \"\/wp-content\/uploads\/2025\/07\/dg783641-1024x768.jpg\",\r\n        \"_768\": \"\/wp-content\/uploads\/2025\/07\/dg783641-768x576.jpg\",\r\n        \"_512\": \"\/wp-content\/uploads\/2025\/07\/dg783641-512x384.jpg\",\r\n        \"_265\": \"\/wp-content\/uploads\/2025\/07\/dg783641-265x199.jpg\"\r\n      },\r\n      \"w\": 1920,\r\n      \"h\": 1440,\r\n      \"ar\": 0.75,\r\n      \"alt\": \"\",\r\n      \"absolute_position\": false,\r\n      \"textAnimation\": {\r\n        \"enableTextAnimation\": false\r\n      },\r\n      \"lightbox_caption\": \"<p class=\\\"_Small\\\"><span>\u00a9 Porta33<\/span><\/p>\",\r\n      \"frameOverflow\": \"\"\r\n    },\r\n    {\r\n      \"type\": \"text\",\r\n      \"cont\": \"<div data-collapsed=\\\"false\\\">\\n<div data-type=\\\"text\\\" data-yvel=\\\"1\\\">\\n<p class=\\\"_Default\\\">\u201cE na hora do apocalipse biogr\u00e1fico, quando as \u00e1guas envolverem a hist\u00f3ria, a vida, a obra da obra, veremos tudo: morremos daquilo, levados para o abismo pelo irrevoc\u00e1vel peso extra\u00eddo, um peso maior que os trabalhos e os dias. [...] Aquilo que fazemos, oh sim, \u00e9 isso que nos faz e desfaz, a vida que fazemos, a nossa vida em pergunta telep\u00e1tica. Morremos dela.\u201d (Herberto H\u00e9lder, 1990)<\/p>\\n<\/div>\\n<\/div>\",\r\n      \"align\": \"middle\",\r\n      \"row\": 14,\r\n      \"col\": 0,\r\n      \"colspan\": 12,\r\n      \"offsetx\": 0,\r\n      \"offsety\": 0,\r\n      \"spaceabove\": 0,\r\n      \"spacebelow\": 0,\r\n      \"yvel\": 1,\r\n      \"push\": 0,\r\n      \"relid\": 48,\r\n      \"absolute_position\": false,\r\n      \"textAnimation\": {\r\n        \"enableTextAnimation\": false\r\n      },\r\n      \"frameOverflow\": \"\"\r\n    },\r\n    {\r\n      \"type\": \"img\",\r\n      \"cont\": \"\/wp-content\/uploads\/2025\/07\/dg787146.jpg\",\r\n      \"align\": \"bottom\",\r\n      \"row\": 15,\r\n      \"col\": 0,\r\n      \"colspan\": 12,\r\n      \"offsetx\": 0,\r\n      \"offsety\": 0,\r\n      \"spaceabove\": 0,\r\n      \"spacebelow\": 0,\r\n      \"yvel\": 1,\r\n      \"push\": 0,\r\n      \"relid\": 20,\r\n      \"attid\": 122,\r\n      \"sizes\": {\r\n        \"full\": \"\/wp-content\/uploads\/2025\/07\/dg787146.jpg\",\r\n        \"_1280\": \"\/wp-content\/uploads\/2025\/07\/dg787146-1280x853.jpg\",\r\n        \"_1024\": \"\/wp-content\/uploads\/2025\/07\/dg787146-1024x683.jpg\",\r\n        \"_768\": \"\/wp-content\/uploads\/2025\/07\/dg787146-768x512.jpg\",\r\n        \"_512\": \"\/wp-content\/uploads\/2025\/07\/dg787146-512x341.jpg\",\r\n        \"_265\": \"\/wp-content\/uploads\/2025\/07\/dg787146-265x177.jpg\"\r\n      },\r\n      \"w\": 1920,\r\n      \"h\": 1280,\r\n      \"ar\": 0.6666666666666666,\r\n      \"alt\": \"\",\r\n      \"absolute_position\": false,\r\n      \"textAnimation\": {\r\n        \"enableTextAnimation\": false\r\n      },\r\n      \"frameOverflow\": \"\",\r\n      \"lightbox_caption\": \"<p class=\\\"_Small\\\"><span>\u00a9 Duarte Belo<\/span><\/p>\"\r\n    },\r\n    {\r\n      \"type\": \"text\",\r\n      \"cont\": \"<p class=\\\"_Small\\\">Exhibition<\/p>\\n<p class=\\\"_Small\\\">Organization and production: Porta33<br \/>Curation: Madalena Vidigal<br \/>Consultancy: Teresa Goes Ferreira<br \/>Photography: Duarte Belo<br \/>Graphic Design: Dayana Lucas<br \/>Financial suppport: Funda\u00e7\u00e3o Calouste Gulbenkian<br \/>Institutional support: Regi\u00e3o Aut\u00f3noma da Madeira | Secretaria Regional do Turismo e Cultura, C\u00e2mara Municipal do Funchal, Funda\u00e7\u00e3o Marques da Silva, Instituto de Emprego da Madeira \u2014 IP-RAM<br \/>Logistics support: Pestana Hotel Group<\/p>\",\r\n      \"align\": \"bottom\",\r\n      \"row\": 16,\r\n      \"col\": 0,\r\n      \"colspan\": 12,\r\n      \"offsetx\": 0,\r\n      \"offsety\": 0,\r\n      \"spaceabove\": 0,\r\n      \"spacebelow\": 0,\r\n      \"yvel\": 1,\r\n      \"push\": 0,\r\n      \"relid\": 15,\r\n      \"absolute_position\": false,\r\n      \"textAnimation\": {\r\n        \"enableTextAnimation\": false\r\n      }\r\n    },\r\n    {\r\n      \"type\": \"text\",\r\n      \"cont\": \"<p class=\\\"_Small\\\" style=\\\"text-align: left;\\\"><a class=\\\"layprevproject\\\" href=\\\"#layprevproject\\\">Previous project<\/a><\/p>\",\r\n      \"align\": \"bottom\",\r\n      \"row\": 17,\r\n      \"col\": 0,\r\n      \"colspan\": 6,\r\n      \"offsetx\": 0,\r\n      \"offsety\": 0,\r\n      \"spaceabove\": 0,\r\n      \"spacebelow\": 0,\r\n      \"yvel\": 1,\r\n      \"push\": 0,\r\n      \"relid\": 18,\r\n      \"absolute_position\": false,\r\n      \"textAnimation\": {\r\n        \"enableTextAnimation\": false\r\n      },\r\n      \"frameOverflow\": \"\"\r\n    },\r\n    {\r\n      \"type\": \"text\",\r\n      \"cont\": \"<p class=\\\"_Small\\\" style=\\\"text-align: right;\\\"><a class=\\\"laynextproject\\\" href=\\\"#laynextproject\\\">Next project<\/a><\/p>\",\r\n      \"align\": \"top\",\r\n      \"row\": 17,\r\n      \"col\": 6,\r\n      \"colspan\": 6,\r\n      \"offsetx\": 0,\r\n      \"offsety\": 0,\r\n      \"spaceabove\": 0,\r\n      \"spacebelow\": 0,\r\n      \"yvel\": 1,\r\n      \"push\": 0,\r\n      \"relid\": 17,\r\n      \"absolute_position\": false,\r\n      \"textAnimation\": {\r\n        \"enableTextAnimation\": false\r\n      }\r\n    }\r\n  ]\r\n}","_links":{"self":[{"href":"http:\/\/madalenavidigal.pt\/en\/wp-json\/wp\/v2\/posts\/99","targetHints":{"allow":["GET"]}}],"collection":[{"href":"http:\/\/madalenavidigal.pt\/en\/wp-json\/wp\/v2\/posts"}],"about":[{"href":"http:\/\/madalenavidigal.pt\/en\/wp-json\/wp\/v2\/types\/post"}],"author":[{"embeddable":true,"href":"http:\/\/madalenavidigal.pt\/en\/wp-json\/wp\/v2\/users\/1"}],"replies":[{"embeddable":true,"href":"http:\/\/madalenavidigal.pt\/en\/wp-json\/wp\/v2\/comments?post=99"}],"version-history":[{"count":0,"href":"http:\/\/madalenavidigal.pt\/en\/wp-json\/wp\/v2\/posts\/99\/revisions"}],"wp:featuredmedia":[{"embeddable":true,"href":"http:\/\/madalenavidigal.pt\/en\/wp-json\/wp\/v2\/media\/106"}],"wp:attachment":[{"href":"http:\/\/madalenavidigal.pt\/en\/wp-json\/wp\/v2\/media?parent=99"}],"wp:term":[{"taxonomy":"category","embeddable":true,"href":"http:\/\/madalenavidigal.pt\/en\/wp-json\/wp\/v2\/categories?post=99"},{"taxonomy":"post_tag","embeddable":true,"href":"http:\/\/madalenavidigal.pt\/en\/wp-json\/wp\/v2\/tags?post=99"}],"curies":[{"name":"wp","href":"https:\/\/api.w.org\/{rel}","templated":true}]}}